{"id":865,"date":"2023-03-13T11:22:48","date_gmt":"2023-03-13T14:22:48","guid":{"rendered":"https:\/\/wp.ufpel.edu.br\/nugen\/?p=865"},"modified":"2023-03-13T11:22:48","modified_gmt":"2023-03-13T14:22:48","slug":"cafe-com-nugen-voce-sabe-o-que-e-transfobia","status":"publish","type":"post","link":"https:\/\/wp.ufpel.edu.br\/nugen\/2023\/03\/13\/cafe-com-nugen-voce-sabe-o-que-e-transfobia\/","title":{"rendered":"Caf\u00e9 com NUGEN: voc\u00ea sabe o que \u00e9 transfobia?"},"content":{"rendered":"<div style=\"width: 676px;\" class=\"wp-video\"><video class=\"wp-video-shortcode\" id=\"video-865-1\" width=\"676\" height=\"380\" preload=\"metadata\" controls=\"controls\"><source type=\"video\/mp4\" src=\"https:\/\/wp.ufpel.edu.br\/nugen\/files\/2023\/03\/CAFE-COM-NUGEN-TRANSFOBIA-1303-1.mp4?_=1\" \/><a href=\"https:\/\/wp.ufpel.edu.br\/nugen\/files\/2023\/03\/CAFE-COM-NUGEN-TRANSFOBIA-1303-1.mp4\">https:\/\/wp.ufpel.edu.br\/nugen\/files\/2023\/03\/CAFE-COM-NUGEN-TRANSFOBIA-1303-1.mp4<\/a><\/video><\/div>\n<p>&nbsp;<\/p>\n<p>N\u00f3s do NUGEN, preparamos um videozinho explicativo para que voc\u00eas possam compreender melhor o que \u00e9 a transfobia e como ela ocorre, e partir disso, buscar maiores informa\u00e7\u00f5es para refletir e debater.<\/p>\n<p>Toda segunda-feira, traremos pra voc\u00eas um videozinho no Caf\u00e9 com NUGEN. E voc\u00eas podem colaborar conosco, mandando sugest\u00f5es de assuntos que acharem necess\u00e1rio e interagindo nos coment\u00e1rios, fomentando conhecimento e trazendo informa\u00e7\u00f5es que agreguem ao assunto. Al\u00e9m disso, uma vez ao m\u00eas realizaremos uma roda de conversa sobre um dos temas.<\/p>\n<p>&nbsp;<\/p>\n","protected":false},"excerpt":{"rendered":"<p>&nbsp; N\u00f3s do NUGEN, preparamos um videozinho explicativo para que voc\u00eas possam compreender melhor o que \u00e9 a transfobia e como ela ocorre, e partir disso, buscar maiores informa\u00e7\u00f5es para refletir e debater. Toda segunda-feira, traremos pra voc\u00eas um videozinho&#8230; <a class=\"more-link\" href=\"https:\/\/wp.ufpel.edu.br\/nugen\/2023\/03\/13\/cafe-com-nugen-voce-sabe-o-que-e-transfobia\/\">Continue lendo &rarr;<\/a><\/p>\n","protected":false},"author":801,"featured_media":863,"comment_status":"closed","ping_status":"closed","sticky":false,"template":"","format":"standard","meta":{"footnotes":""},"categories":[1],"tags":[],"class_list":["post-865","post","type-post","status-publish","format-standard","has-post-thumbnail","hentry","category-noticias"],"jetpack_featured_media_url":"https:\/\/wp.ufpel.edu.br\/nugen\/files\/2023\/03\/CAFE-COM-NUGEN-TRANSFOBIA-1303.png","_links":{"self":[{"href":"https:\/\/wp.ufpel.edu.br\/nugen\/wp-json\/wp\/v2\/posts\/865","targetHints":{"allow":["GET"]}}],"collection":[{"href":"https:\/\/wp.ufpel.edu.br\/nugen\/wp-json\/wp\/v2\/posts"}],"about":[{"href":"https:\/\/wp.ufpel.edu.br\/nugen\/wp-json\/wp\/v2\/types\/post"}],"author":[{"embeddable":true,"href":"https:\/\/wp.ufpel.edu.br\/nugen\/wp-json\/wp\/v2\/users\/801"}],"replies":[{"embeddable":true,"href":"https:\/\/wp.ufpel.edu.br\/nugen\/wp-json\/wp\/v2\/comments?post=865"}],"version-history":[{"count":2,"href":"https:\/\/wp.ufpel.edu.br\/nugen\/wp-json\/wp\/v2\/posts\/865\/revisions"}],"predecessor-version":[{"id":867,"href":"https:\/\/wp.ufpel.edu.br\/nugen\/wp-json\/wp\/v2\/posts\/865\/revisions\/867"}],"wp:featuredmedia":[{"embeddable":true,"href":"https:\/\/wp.ufpel.edu.br\/nugen\/wp-json\/wp\/v2\/media\/863"}],"wp:attachment":[{"href":"https:\/\/wp.ufpel.edu.br\/nugen\/wp-json\/wp\/v2\/media?parent=865"}],"wp:term":[{"taxonomy":"category","embeddable":true,"href":"https:\/\/wp.ufpel.edu.br\/nugen\/wp-json\/wp\/v2\/categories?post=865"},{"taxonomy":"post_tag","embeddable":true,"href":"https:\/\/wp.ufpel.edu.br\/nugen\/wp-json\/wp\/v2\/tags?post=865"}],"curies":[{"name":"wp","href":"https:\/\/api.w.org\/{rel}","templated":true}]}}