{"id":621,"date":"2022-04-04T13:05:23","date_gmt":"2022-04-04T16:05:23","guid":{"rendered":"https:\/\/wp.ufpel.edu.br\/nugen\/?p=621"},"modified":"2022-04-04T13:05:23","modified_gmt":"2022-04-04T16:05:23","slug":"conheca-mais-sobre-o-nugen","status":"publish","type":"post","link":"https:\/\/wp.ufpel.edu.br\/nugen\/2022\/04\/04\/conheca-mais-sobre-o-nugen\/","title":{"rendered":"Conhe\u00e7a mais sobre o NUGEN"},"content":{"rendered":"<p><img loading=\"lazy\" decoding=\"async\" class=\"size-medium wp-image-622 alignleft\" src=\"https:\/\/wp.ufpel.edu.br\/nugen\/files\/2022\/04\/ei-aluno-ufpel-tu-conhece-o-nugen-1-400x400.png\" alt=\"\" width=\"400\" height=\"400\" \/>O <strong>NUGEN<\/strong> existe e atua como suporte estrat\u00e9gico, mediador para resolu\u00e7\u00e3o de conflitos e agente efetivo de mudan\u00e7as dentro e fora da Universidade Federal de Pelotas e est\u00e1 diretamente vinculado ao gabinete da Reitoria. Al\u00e9m de ajudar a garantir o acolhimento dentro da UFPel, tamb\u00e9m ajuda a defender os direitos individuais e coletivos. Nosso objetivo \u00e9 acolher manifesta\u00e7\u00f5es (elogios, cr\u00edticas, solicita\u00e7\u00f5es, sugest\u00f5es, reclama\u00e7\u00f5es ou reprimendas) de quem se interessa ou quer abordar as quest\u00f5es de g\u00eanero e diversidade. Temos como metas: planejar e executar a\u00e7\u00f5es institucionais propositivas nas frentes da den\u00fancia, da comunica\u00e7\u00e3o, da infraestrutura, da forma\u00e7\u00e3o e das pol\u00edticas afirmativas e institucionais nos campos de g\u00eanero e de diversidade sexual. Al\u00e9m disso, esclarece direitos, busca solu\u00e7\u00f5es para as quest\u00f5es levantadas, atuando como elo entre a comunidade .<\/p>\n<p><strong>A quem o NUGEN serve?<\/strong><\/p>\n<p><strong>P\u00fablico interno<\/strong> \u2013 Estudantes, servidoras e servidores efetivos ou terceirizados.<\/p>\n<p><strong>P\u00fablico externo<\/strong> \u2013 ONGs e coletivos, ativistas e militantes, pessoas LGBTI+ e mulheres da comunidade pelotense, volunt\u00e1rias e volunt\u00e1rios, bem como servi\u00e7os p\u00fablicos do estado e munic\u00edpio.<\/p>\n<p>O NUGEN nasce a partir das diferen\u00e7as. Venha conhecer.<\/p>\n<p>&nbsp;<\/p>\n<p><em>O n\u00facleo est\u00e1 localizado \u00e0 R. Gomes Carneiro, 01. Balsa \u2013 Pelotas<\/em><\/p>\n<p><em>Campus Anglo, 4\u00ba andar, sala 406B.<\/em><\/p>\n<p><em>Hor\u00e1rio de Atendimento: 08h \u00e0s 12h e das 14h \u00e0s 18h. Recomendamos agendar durante o regime de trabalho h\u00edbrido (hor\u00e1rio presencial reduzido).<\/em><\/p>\n<p><em>Telefones: (53) 3284-4312 e (53) 99109-5070<\/em><\/p>\n<p><em>E-mail: nugen@ufpel.edu.br<\/em><\/p>\n<p><em>Twitter:@nugenufpel<\/em><\/p>\n<p><em>Facebook: @nugenufpel<\/em><\/p>\n<p>&nbsp;<\/p>\n<p>&nbsp;<\/p>\n<p><em>Marcela Lima &#8211; Bolsista NUGEN<\/em>.<\/p>\n<p>&nbsp;<\/p>\n","protected":false},"excerpt":{"rendered":"<p>O NUGEN existe e atua como suporte estrat\u00e9gico, mediador para resolu\u00e7\u00e3o de conflitos e agente efetivo de mudan\u00e7as dentro e fora da Universidade Federal de Pelotas e est\u00e1 diretamente vinculado ao gabinete da Reitoria. Al\u00e9m de ajudar a garantir o&#8230; <a class=\"more-link\" href=\"https:\/\/wp.ufpel.edu.br\/nugen\/2022\/04\/04\/conheca-mais-sobre-o-nugen\/\">Continue lendo &rarr;<\/a><\/p>\n","protected":false},"author":801,"featured_media":0,"comment_status":"closed","ping_status":"closed","sticky":false,"template":"","format":"standard","meta":{"footnotes":""},"categories":[3],"tags":[],"class_list":["post-621","post","type-post","status-publish","format-standard","hentry","category-informacoes"],"jetpack_featured_media_url":"","_links":{"self":[{"href":"https:\/\/wp.ufpel.edu.br\/nugen\/wp-json\/wp\/v2\/posts\/621","targetHints":{"allow":["GET"]}}],"collection":[{"href":"https:\/\/wp.ufpel.edu.br\/nugen\/wp-json\/wp\/v2\/posts"}],"about":[{"href":"https:\/\/wp.ufpel.edu.br\/nugen\/wp-json\/wp\/v2\/types\/post"}],"author":[{"embeddable":true,"href":"https:\/\/wp.ufpel.edu.br\/nugen\/wp-json\/wp\/v2\/users\/801"}],"replies":[{"embeddable":true,"href":"https:\/\/wp.ufpel.edu.br\/nugen\/wp-json\/wp\/v2\/comments?post=621"}],"version-history":[{"count":1,"href":"https:\/\/wp.ufpel.edu.br\/nugen\/wp-json\/wp\/v2\/posts\/621\/revisions"}],"predecessor-version":[{"id":623,"href":"https:\/\/wp.ufpel.edu.br\/nugen\/wp-json\/wp\/v2\/posts\/621\/revisions\/623"}],"wp:attachment":[{"href":"https:\/\/wp.ufpel.edu.br\/nugen\/wp-json\/wp\/v2\/media?parent=621"}],"wp:term":[{"taxonomy":"category","embeddable":true,"href":"https:\/\/wp.ufpel.edu.br\/nugen\/wp-json\/wp\/v2\/categories?post=621"},{"taxonomy":"post_tag","embeddable":true,"href":"https:\/\/wp.ufpel.edu.br\/nugen\/wp-json\/wp\/v2\/tags?post=621"}],"curies":[{"name":"wp","href":"https:\/\/api.w.org\/{rel}","templated":true}]}}