{"id":212,"date":"2019-08-29T13:59:10","date_gmt":"2019-08-29T16:59:10","guid":{"rendered":"https:\/\/wp.ufpel.edu.br\/nugen\/?p=212"},"modified":"2019-08-30T09:19:32","modified_gmt":"2019-08-30T12:19:32","slug":"representantes-do-nugen-participam-de-atividade-na-cidade-de-rio-grande-no-dia-da-visibilidade-lesbica","status":"publish","type":"post","link":"https:\/\/wp.ufpel.edu.br\/nugen\/2019\/08\/29\/representantes-do-nugen-participam-de-atividade-na-cidade-de-rio-grande-no-dia-da-visibilidade-lesbica\/","title":{"rendered":"Representantes do NUGEN participam de atividade na cidade de Rio Grande no Dia da Visibilidade L\u00e9sbica"},"content":{"rendered":"<p style=\"text-align: justify\">No dia 29\/08\/19, na parte da manh\u00e3, a aluna do 10\u00ba semestre do curso de Psicologia, ativista e bolsista do N\u00facleo de G\u00eanero e Diversidade da UFPel Aline Patr\u00edcia Neves Ramos, juntamente com as alunas do 3\u00ba semestre, tamb\u00e9m da Psicologia que desenvolvem o Est\u00e1gio B\u00e1sico I no NUGEN, J\u00falia Christina Maciel e Ariane Costa Silva, participaram na condi\u00e7\u00e3o de painelistas do semin\u00e1rio intitulado:\u00a0 A lesbianidade enquanto uma afirma\u00e7\u00e3o da sujeita na atualidade\u201d. O evento aconteceu no Dia Nacional da Visibilidade L\u00e9sbica e contou com o apoio do N\u00facleo de Pesquisa de G\u00eanero e Sexualidade (NEPGS) do IFRS, cujo anfiteatro foi o local do encontro. Salienta-se que para a constru\u00e7\u00e3o de uma sociedade verdadeiramente democr\u00e1tica, faz-se necess\u00e1ria a inclus\u00e3o da diversidade, garantindo \u00e0s mulheres l\u00e9sbicas, os mesmos direitos que s\u00e3o garantidos a mulheres e homens heterossexuais, exigindo-se assim, um sistema de garantias de direitos capaz de atender as especificidades e respeitar as diversidades.<\/p>\n<p style=\"text-align: justify\">\u00c9 not\u00f3rio, que as mulheres est\u00e3o adentrando com mais for\u00e7a os ambientes acad\u00eamicos e, ao tratar as quest\u00f5es de g\u00eanero na educa\u00e7\u00e3o, em seus mais diferentes n\u00edveis, tratamos de construir uma nova perspectiva de mundo onde todas e todos s\u00e3o iguais, o que \u00e9 primordial para uma sociedade livre de desigualdades e viol\u00eancias. No que tange a sa\u00fade, muitas mulheres ainda s\u00e3o constrangidas por profissionais ( m\u00e9dicos (as), auxiliares e t\u00e9cnicos (as) em enfermagem, enfermeiros (as) e agentes de sa\u00fade)\u00a0 com questionamentos inf\u00e2mes sobre suas atividades sexuais, mesmo quando v\u00edtimas do crime denominado &#8220;estupro corretivo&#8221; , que ocorre na tentativa de controlar o comportamento social ou sexual da v\u00edtima&#8221;, ou seja, sua orienta\u00e7\u00e3o sexual ou identidade de g\u00eanero. No ambiente de trabalho por sua vez, ou negam a sua sexualidade, ou s\u00e3o obrigadas a suportar a piadinhas e ass\u00e9dios dos demais variados tipos, o que comumente, termina em viol\u00eancia f\u00edsica, al\u00e9m do do sofrimento psicol\u00f3gico a qual a mulher l\u00e9sbica \u00e9 vitima.<\/p>\n<p><img loading=\"lazy\" decoding=\"async\" class=\"wp-image-219 aligncenter\" src=\"https:\/\/wp.ufpel.edu.br\/nugen\/files\/2019\/08\/IMG-20190829-WA0012-400x291.jpg\" alt=\"\" width=\"401\" height=\"292\" \/><\/p>\n<p style=\"text-align: center\"><img loading=\"lazy\" decoding=\"async\" class=\"alignnone size-medium wp-image-217\" src=\"https:\/\/wp.ufpel.edu.br\/nugen\/files\/2019\/08\/IMG-20190829-WA0009-1-400x225.jpg\" alt=\"\" width=\"400\" height=\"225\" \/><\/p>\n","protected":false},"excerpt":{"rendered":"<p>No dia 29\/08\/19, na parte da manh\u00e3, a aluna do 10\u00ba semestre do curso de Psicologia, ativista e bolsista do N\u00facleo de G\u00eanero e Diversidade da UFPel Aline Patr\u00edcia Neves Ramos, juntamente com as alunas do 3\u00ba semestre, tamb\u00e9m da&#8230; <a class=\"more-link\" href=\"https:\/\/wp.ufpel.edu.br\/nugen\/2019\/08\/29\/representantes-do-nugen-participam-de-atividade-na-cidade-de-rio-grande-no-dia-da-visibilidade-lesbica\/\">Continue lendo &rarr;<\/a><\/p>\n","protected":false},"author":801,"featured_media":0,"comment_status":"closed","ping_status":"closed","sticky":false,"template":"","format":"standard","meta":{"footnotes":""},"categories":[1],"tags":[],"class_list":["post-212","post","type-post","status-publish","format-standard","hentry","category-noticias"],"jetpack_featured_media_url":"","_links":{"self":[{"href":"https:\/\/wp.ufpel.edu.br\/nugen\/wp-json\/wp\/v2\/posts\/212","targetHints":{"allow":["GET"]}}],"collection":[{"href":"https:\/\/wp.ufpel.edu.br\/nugen\/wp-json\/wp\/v2\/posts"}],"about":[{"href":"https:\/\/wp.ufpel.edu.br\/nugen\/wp-json\/wp\/v2\/types\/post"}],"author":[{"embeddable":true,"href":"https:\/\/wp.ufpel.edu.br\/nugen\/wp-json\/wp\/v2\/users\/801"}],"replies":[{"embeddable":true,"href":"https:\/\/wp.ufpel.edu.br\/nugen\/wp-json\/wp\/v2\/comments?post=212"}],"version-history":[{"count":12,"href":"https:\/\/wp.ufpel.edu.br\/nugen\/wp-json\/wp\/v2\/posts\/212\/revisions"}],"predecessor-version":[{"id":231,"href":"https:\/\/wp.ufpel.edu.br\/nugen\/wp-json\/wp\/v2\/posts\/212\/revisions\/231"}],"wp:attachment":[{"href":"https:\/\/wp.ufpel.edu.br\/nugen\/wp-json\/wp\/v2\/media?parent=212"}],"wp:term":[{"taxonomy":"category","embeddable":true,"href":"https:\/\/wp.ufpel.edu.br\/nugen\/wp-json\/wp\/v2\/categories?post=212"},{"taxonomy":"post_tag","embeddable":true,"href":"https:\/\/wp.ufpel.edu.br\/nugen\/wp-json\/wp\/v2\/tags?post=212"}],"curies":[{"name":"wp","href":"https:\/\/api.w.org\/{rel}","templated":true}]}}