{"id":155,"date":"2019-07-16T10:54:40","date_gmt":"2019-07-16T13:54:40","guid":{"rendered":"https:\/\/wp.ufpel.edu.br\/nugen\/?p=155"},"modified":"2019-07-16T11:11:19","modified_gmt":"2019-07-16T14:11:19","slug":"corpos-generos-e-sexualidades-sera-novamente-ofertada-em-2019-2","status":"publish","type":"post","link":"https:\/\/wp.ufpel.edu.br\/nugen\/2019\/07\/16\/corpos-generos-e-sexualidades-sera-novamente-ofertada-em-2019-2\/","title":{"rendered":"Corpos, G\u00eaneros e Sexualidades ser\u00e1 novamente ofertada em 2019\/2"},"content":{"rendered":"<p style=\"text-align: justify\">O Departamento de Gin\u00e1stica e Sa\u00fade, da Escola Superior de Educa\u00e7\u00e3o F\u00edsica (ESEF), oferta semestralmente a disciplina Corpos, G\u00eaneros e Sexualidades ( 13370083) atrav\u00e9s do banco universal, ou seja, alun@s de <strong>todos os cursos<\/strong> da UFPel podem matricular-se. A disciplina, traz \u00e0 tona a discuss\u00f5es no campo \u201cg\u00eanero e diversidade sexual\u201d, focando nas pautas internacionais e locais do cen\u00e1rio social, como igualdade de g\u00eanero; a n\u00e3o discrimina\u00e7\u00e3o por sexo, orienta\u00e7\u00e3o sexual e identidade. A metodologia envolve atividades pr\u00e1ticas e os conte\u00fados s\u00e3o desenvolvidos de forma expositiva, rodas de conversa, utiliza\u00e7\u00e3o de material audiovisual, aulas abertas onde s\u00e3o recebidos convidados discutindo temas relevantes para a sociedade. Para 2019\/2, a disciplina que tem a reg\u00eancia da Prof.\u00aa Dr\u00aa Eliane Ribeiro Pardo, a qual tamb\u00e9m \u00e9 a Chefe do N\u00facleo de G\u00eanero e Diversidade da UFPel (NUGEN), ofertar\u00e1 duas turmas: a T1 ocorrer\u00e1 as ter\u00e7as-feiras, no hor\u00e1rio compreendido entre \u00e0s 14h20 e 16h50, na sala 1 da Faculdade de Direito. J\u00e1 a T2, ocorrer\u00e1 as sextas-feiras, no hor\u00e1rio compreendido entre \u00e0s 14h20 e 16h50 na sala 106 do CCHS (antigo Campus II da UCPel). Estamos aguardando todos, todas e todes voc\u00eas!!!! Mas adiante-se pois as vagas s\u00e3o limitadas!!!!!!!<\/p>\n<p>&nbsp;<\/p>\n<p><img loading=\"lazy\" decoding=\"async\" class=\"alignnone size-medium wp-image-156 aligncenter\" src=\"https:\/\/wp.ufpel.edu.br\/nugen\/files\/2019\/07\/nugen-novo-400x283.jpg\" alt=\"\" width=\"400\" height=\"283\" srcset=\"https:\/\/wp.ufpel.edu.br\/nugen\/files\/2019\/07\/nugen-novo-400x283.jpg 400w, https:\/\/wp.ufpel.edu.br\/nugen\/files\/2019\/07\/nugen-novo-768x543.jpg 768w, https:\/\/wp.ufpel.edu.br\/nugen\/files\/2019\/07\/nugen-novo-1024x724.jpg 1024w, https:\/\/wp.ufpel.edu.br\/nugen\/files\/2019\/07\/nugen-novo-424x300.jpg 424w\" sizes=\"auto, (max-width: 400px) 100vw, 400px\" \/><\/p>\n","protected":false},"excerpt":{"rendered":"<p>O Departamento de Gin\u00e1stica e Sa\u00fade, da Escola Superior de Educa\u00e7\u00e3o F\u00edsica (ESEF), oferta semestralmente a disciplina Corpos, G\u00eaneros e Sexualidades ( 13370083) atrav\u00e9s do banco universal, ou seja, alun@s de todos os cursos da UFPel podem matricular-se. A disciplina,&#8230; <a class=\"more-link\" href=\"https:\/\/wp.ufpel.edu.br\/nugen\/2019\/07\/16\/corpos-generos-e-sexualidades-sera-novamente-ofertada-em-2019-2\/\">Continue lendo &rarr;<\/a><\/p>\n","protected":false},"author":801,"featured_media":0,"comment_status":"closed","ping_status":"closed","sticky":false,"template":"","format":"standard","meta":{"footnotes":""},"categories":[1],"tags":[],"class_list":["post-155","post","type-post","status-publish","format-standard","hentry","category-noticias"],"jetpack_featured_media_url":"","_links":{"self":[{"href":"https:\/\/wp.ufpel.edu.br\/nugen\/wp-json\/wp\/v2\/posts\/155","targetHints":{"allow":["GET"]}}],"collection":[{"href":"https:\/\/wp.ufpel.edu.br\/nugen\/wp-json\/wp\/v2\/posts"}],"about":[{"href":"https:\/\/wp.ufpel.edu.br\/nugen\/wp-json\/wp\/v2\/types\/post"}],"author":[{"embeddable":true,"href":"https:\/\/wp.ufpel.edu.br\/nugen\/wp-json\/wp\/v2\/users\/801"}],"replies":[{"embeddable":true,"href":"https:\/\/wp.ufpel.edu.br\/nugen\/wp-json\/wp\/v2\/comments?post=155"}],"version-history":[{"count":5,"href":"https:\/\/wp.ufpel.edu.br\/nugen\/wp-json\/wp\/v2\/posts\/155\/revisions"}],"predecessor-version":[{"id":161,"href":"https:\/\/wp.ufpel.edu.br\/nugen\/wp-json\/wp\/v2\/posts\/155\/revisions\/161"}],"wp:attachment":[{"href":"https:\/\/wp.ufpel.edu.br\/nugen\/wp-json\/wp\/v2\/media?parent=155"}],"wp:term":[{"taxonomy":"category","embeddable":true,"href":"https:\/\/wp.ufpel.edu.br\/nugen\/wp-json\/wp\/v2\/categories?post=155"},{"taxonomy":"post_tag","embeddable":true,"href":"https:\/\/wp.ufpel.edu.br\/nugen\/wp-json\/wp\/v2\/tags?post=155"}],"curies":[{"name":"wp","href":"https:\/\/api.w.org\/{rel}","templated":true}]}}