{"id":136,"date":"2019-06-12T13:31:10","date_gmt":"2019-06-12T16:31:10","guid":{"rendered":"https:\/\/wp.ufpel.edu.br\/nugen\/?p=136"},"modified":"2019-06-12T13:48:16","modified_gmt":"2019-06-12T16:48:16","slug":"nugen-amplia-seu-campo-de-acao-junto-as-ifes","status":"publish","type":"post","link":"https:\/\/wp.ufpel.edu.br\/nugen\/2019\/06\/12\/nugen-amplia-seu-campo-de-acao-junto-as-ifes\/","title":{"rendered":"NUGEN amplia seu campo de a\u00e7\u00e3o junto as IFES"},"content":{"rendered":"<p style=\"text-align: justify\">Desde a sua cria\u00e7\u00e3o no ano de 2017, por meio da atual gest\u00e3o da UFPel, o N\u00facleo de G\u00eanero e Diversidade (NUGEN), vem atuando fortemente nas quest\u00f5es ligadas ao g\u00eanero e diversidade sexual dentro dessa IFES. No dia 07\/06\/19 mais especificamente, as frentes de a\u00e7\u00e3o do n\u00facleo composta por chefia, t\u00e9cnico administrativo, bolsistas e volunt\u00e1rios (as), cumpriram agenda em distintos locais nas cidades de Rio Grande e Pelotas, ampliando sua rede de parceiros. Pela manh\u00e3, atrav\u00e9s da ativista, militante, acad\u00eamica do curso de Teatro Marcia Monks Jaekel, o NUGEN esteve representado no <strong>I Simp\u00f3sio Sa\u00fade, educa\u00e7\u00e3o e direitos humanos: Desafios do Processo transexualizador<\/strong>, promovido pela FURG \/ EBSERH, na cidade de Rio Grande, onde foi discutido o tema: &#8220;Acesso \u00e0 sa\u00fade e direitos dos sujeitos trans\u201d. A mesa que foi mediada pela docente Juliana Rizza (FURG) e contou com a participa\u00e7\u00e3o de Djeniffer Rodrigues Coradini, da 3\u00aa Coordenadoria Regional de Pol\u00edticas de Equidade em Sa\u00fade LGBTI e Marcia Brasil, assistente social da Universidade do Estado do Rio de Janeiro (UERJ). Ainda pela manh\u00e3, a Chefe do N\u00facleo, Eliane Ribeiro Pardo, participou de reuni\u00e3o com a Prof.\u00aa Val\u00e9ria Cristina Christello Coimbra da Faculdade de Enfermagem da UFPel, bem como com os acad\u00eamicos Amanda Kolmar, Miro Neto e Nath\u00e1lia Fernandes. Durante o encontro, o NUGEN firmou parceria para atuar junto ao projeto de pesquisa intitulado <strong>&#8220;Necessidades em sa\u00fade da Popula\u00e7\u00e3o LGBT+&#8221;<\/strong>. O referido trabalho ser\u00e1 desenvolvido atrav\u00e9s das percep\u00e7\u00f5es individuais sobre as necessidades voltadas para a sa\u00fade da popula\u00e7\u00e3o LGBT+, onde ser\u00e3o realizadas entrevistas e capta\u00e7\u00e3o do cotidiano dos indiv\u00edduos por fotos (photovoice). Participa ainda do projeto de pesquisa a ONG Gesto de nossa cidade. J\u00e1 na parte da tarde, o NUGEN fez-se presente na 35\u00aa Semana Acad\u00eamica do Curso de Letras, intitulada <strong>&#8220;Mem\u00f3ria e Presente: A Universidade em Tempos de Resist\u00eancia&#8221;<\/strong>, onde durante roda de conversa que versou sobre ass\u00e9dio e seus reflexos na sa\u00fade do indiv\u00edduo, foram abordadas as implica\u00e7\u00f5es jur\u00eddicas e os impactos na sa\u00fade dos estudantes, bem como nos trabalhadores. Compunham a mesa a egressa Ana Paula Timm Krolow, que abordou o machismo dentro da Faculdade de Administra\u00e7\u00e3o e de Turismo (tema esse foco de seu trabalho de conclus\u00e3o de curso); a Prof.\u00aa Marcia Bertoldi, da Faculdade de Direito; a Psic\u00f3loga Catiane Pinheiro Morales; o Servidor T\u00e9cnico Administrativo da UFPel Rodrigo Silva da Silva e a acad\u00eamica do Curso de Bacharelado em Psicologia, Aline Ramos.<\/p>\n<p><img loading=\"lazy\" decoding=\"async\" class=\"alignnone size-medium wp-image-138\" src=\"https:\/\/wp.ufpel.edu.br\/nugen\/files\/2019\/06\/Foto2-400x300.jpeg\" alt=\"\" width=\"400\" height=\"300\" srcset=\"https:\/\/wp.ufpel.edu.br\/nugen\/files\/2019\/06\/Foto2-400x300.jpeg 400w, https:\/\/wp.ufpel.edu.br\/nugen\/files\/2019\/06\/Foto2-768x576.jpeg 768w, https:\/\/wp.ufpel.edu.br\/nugen\/files\/2019\/06\/Foto2.jpeg 960w\" sizes=\"auto, (max-width: 400px) 100vw, 400px\" \/><\/p>\n<p><img loading=\"lazy\" decoding=\"async\" class=\"size-medium wp-image-137 alignleft\" src=\"https:\/\/wp.ufpel.edu.br\/nugen\/files\/2019\/06\/foto-1-400x300.jpeg\" alt=\"\" width=\"400\" height=\"300\" srcset=\"https:\/\/wp.ufpel.edu.br\/nugen\/files\/2019\/06\/foto-1-400x300.jpeg 400w, https:\/\/wp.ufpel.edu.br\/nugen\/files\/2019\/06\/foto-1-768x576.jpeg 768w, https:\/\/wp.ufpel.edu.br\/nugen\/files\/2019\/06\/foto-1-1024x768.jpeg 1024w, https:\/\/wp.ufpel.edu.br\/nugen\/files\/2019\/06\/foto-1.jpeg 1280w\" sizes=\"auto, (max-width: 400px) 100vw, 400px\" \/><\/p>\n<p>&nbsp;<\/p>\n<p>&nbsp;<\/p>\n","protected":false},"excerpt":{"rendered":"<p>Desde a sua cria\u00e7\u00e3o no ano de 2017, por meio da atual gest\u00e3o da UFPel, o N\u00facleo de G\u00eanero e Diversidade (NUGEN), vem atuando fortemente nas quest\u00f5es ligadas ao g\u00eanero e diversidade sexual dentro dessa IFES. No dia 07\/06\/19 mais&#8230; <a class=\"more-link\" href=\"https:\/\/wp.ufpel.edu.br\/nugen\/2019\/06\/12\/nugen-amplia-seu-campo-de-acao-junto-as-ifes\/\">Continue lendo &rarr;<\/a><\/p>\n","protected":false},"author":801,"featured_media":0,"comment_status":"closed","ping_status":"closed","sticky":false,"template":"","format":"standard","meta":{"footnotes":""},"categories":[1],"tags":[],"class_list":["post-136","post","type-post","status-publish","format-standard","hentry","category-noticias"],"jetpack_featured_media_url":"","_links":{"self":[{"href":"https:\/\/wp.ufpel.edu.br\/nugen\/wp-json\/wp\/v2\/posts\/136","targetHints":{"allow":["GET"]}}],"collection":[{"href":"https:\/\/wp.ufpel.edu.br\/nugen\/wp-json\/wp\/v2\/posts"}],"about":[{"href":"https:\/\/wp.ufpel.edu.br\/nugen\/wp-json\/wp\/v2\/types\/post"}],"author":[{"embeddable":true,"href":"https:\/\/wp.ufpel.edu.br\/nugen\/wp-json\/wp\/v2\/users\/801"}],"replies":[{"embeddable":true,"href":"https:\/\/wp.ufpel.edu.br\/nugen\/wp-json\/wp\/v2\/comments?post=136"}],"version-history":[{"count":8,"href":"https:\/\/wp.ufpel.edu.br\/nugen\/wp-json\/wp\/v2\/posts\/136\/revisions"}],"predecessor-version":[{"id":147,"href":"https:\/\/wp.ufpel.edu.br\/nugen\/wp-json\/wp\/v2\/posts\/136\/revisions\/147"}],"wp:attachment":[{"href":"https:\/\/wp.ufpel.edu.br\/nugen\/wp-json\/wp\/v2\/media?parent=136"}],"wp:term":[{"taxonomy":"category","embeddable":true,"href":"https:\/\/wp.ufpel.edu.br\/nugen\/wp-json\/wp\/v2\/categories?post=136"},{"taxonomy":"post_tag","embeddable":true,"href":"https:\/\/wp.ufpel.edu.br\/nugen\/wp-json\/wp\/v2\/tags?post=136"}],"curies":[{"name":"wp","href":"https:\/\/api.w.org\/{rel}","templated":true}]}}