{"id":1002,"date":"2023-11-23T19:22:02","date_gmt":"2023-11-23T22:22:02","guid":{"rendered":"https:\/\/wp.ufpel.edu.br\/nugen\/?p=1002"},"modified":"2023-11-23T19:23:47","modified_gmt":"2023-11-23T22:23:47","slug":"e-sabado-sabado-acontece-o-evento-a-pequena-africa-populacao-negra-em-diaspora","status":"publish","type":"post","link":"https:\/\/wp.ufpel.edu.br\/nugen\/2023\/11\/23\/e-sabado-sabado-acontece-o-evento-a-pequena-africa-populacao-negra-em-diaspora\/","title":{"rendered":"\u00c9 S\u00c1BADO! S\u00e1bado acontece o evento &#8220;A pequena \u00c1frica: popula\u00e7\u00e3o negra em di\u00e1spora&#8221;"},"content":{"rendered":"<p>\u26a0\ufe0f \u00c9 S\u00c1BADO!!<\/p>\n<p>\ud83d\udca1 Confiram o pessoal massa que vai colar com a gente nesse s\u00e1bado na &#8220;A pequena \u00c1frica: popula\u00e7\u00e3o negra em di\u00e1spora&#8221;.<\/p>\n<p>\ud83d\udca1 O evento foi pensado com muito amor, e conta com a pot\u00eancia de nossas convidadas. Vem passar esse dia com a gente celebrando as riquezas da cultura afro. Ah, e al\u00e9m disso teremos roda de samba, apresenta\u00e7\u00f5es art\u00edsticas, ruas de lazer, ancestralidade, amorosidade, tudo pensado com muito carinho para a comunidade pelotense.<\/p>\n<p>\ud83e\udd0d Esperamos voc\u00eas neste s\u00e1bado! \u270a\ud83c\udffb<br \/>\nVoc\u00ea pode conferir a programa\u00e7\u00e3o, e os convidados atrav\u00e9s dos links a baixo:<\/p>\n<p>1. https:\/\/www.instagram.com\/p\/CzT5NQTuk6w\/?utm_source=ig_web_button_share_sheet&#038;igshid=MzRlODBiNWFlZA==<br \/>\n2. https:\/\/www.instagram.com\/p\/C0AUnhoObcF\/?utm_source=ig_web_copy_link&#038;igshid=MzRlODBiNWFlZA==<\/p>\n","protected":false},"excerpt":{"rendered":"<p>\u26a0\ufe0f \u00c9 S\u00c1BADO!! \ud83d\udca1 Confiram o pessoal massa que vai colar com a gente nesse s\u00e1bado na &#8220;A pequena \u00c1frica: popula\u00e7\u00e3o negra em di\u00e1spora&#8221;. \ud83d\udca1 O evento foi pensado com muito amor, e conta com a pot\u00eancia de nossas convidadas&#8230;. <a class=\"more-link\" href=\"https:\/\/wp.ufpel.edu.br\/nugen\/2023\/11\/23\/e-sabado-sabado-acontece-o-evento-a-pequena-africa-populacao-negra-em-diaspora\/\">Continue lendo &rarr;<\/a><\/p>\n","protected":false},"author":801,"featured_media":1003,"comment_status":"closed","ping_status":"closed","sticky":false,"template":"","format":"standard","meta":{"footnotes":""},"categories":[1],"tags":[],"class_list":["post-1002","post","type-post","status-publish","format-standard","has-post-thumbnail","hentry","category-noticias"],"jetpack_featured_media_url":"https:\/\/wp.ufpel.edu.br\/nugen\/files\/2023\/11\/WhatsApp-Image-2023-11-21-at-00.09.40.jpeg","_links":{"self":[{"href":"https:\/\/wp.ufpel.edu.br\/nugen\/wp-json\/wp\/v2\/posts\/1002","targetHints":{"allow":["GET"]}}],"collection":[{"href":"https:\/\/wp.ufpel.edu.br\/nugen\/wp-json\/wp\/v2\/posts"}],"about":[{"href":"https:\/\/wp.ufpel.edu.br\/nugen\/wp-json\/wp\/v2\/types\/post"}],"author":[{"embeddable":true,"href":"https:\/\/wp.ufpel.edu.br\/nugen\/wp-json\/wp\/v2\/users\/801"}],"replies":[{"embeddable":true,"href":"https:\/\/wp.ufpel.edu.br\/nugen\/wp-json\/wp\/v2\/comments?post=1002"}],"version-history":[{"count":3,"href":"https:\/\/wp.ufpel.edu.br\/nugen\/wp-json\/wp\/v2\/posts\/1002\/revisions"}],"predecessor-version":[{"id":1006,"href":"https:\/\/wp.ufpel.edu.br\/nugen\/wp-json\/wp\/v2\/posts\/1002\/revisions\/1006"}],"wp:featuredmedia":[{"embeddable":true,"href":"https:\/\/wp.ufpel.edu.br\/nugen\/wp-json\/wp\/v2\/media\/1003"}],"wp:attachment":[{"href":"https:\/\/wp.ufpel.edu.br\/nugen\/wp-json\/wp\/v2\/media?parent=1002"}],"wp:term":[{"taxonomy":"category","embeddable":true,"href":"https:\/\/wp.ufpel.edu.br\/nugen\/wp-json\/wp\/v2\/categories?post=1002"},{"taxonomy":"post_tag","embeddable":true,"href":"https:\/\/wp.ufpel.edu.br\/nugen\/wp-json\/wp\/v2\/tags?post=1002"}],"curies":[{"name":"wp","href":"https:\/\/api.w.org\/{rel}","templated":true}]}}