{"id":276,"date":"2015-12-24T01:14:30","date_gmt":"2015-12-24T03:14:30","guid":{"rendered":"https:\/\/wp.ufpel.edu.br\/nufolk\/?p=276"},"modified":"2015-12-24T01:14:30","modified_gmt":"2015-12-24T03:14:30","slug":"e-esse-ano-teve-fifap","status":"publish","type":"post","link":"https:\/\/wp.ufpel.edu.br\/nufolk\/2015\/12\/24\/e-esse-ano-teve-fifap\/","title":{"rendered":"E esse ano teve FIFAP"},"content":{"rendered":"<p><img data-recalc-dims=\"1\" loading=\"lazy\" decoding=\"async\" data-attachment-id=\"278\" data-permalink=\"https:\/\/wp.ufpel.edu.br\/nufolk\/2015\/12\/24\/e-esse-ano-teve-fifap\/fifap\/\" data-orig-file=\"https:\/\/i0.wp.com\/wp.ufpel.edu.br\/nufolk\/files\/2015\/12\/FIFAP.jpg?fit=404%2C404&amp;ssl=1\" data-orig-size=\"404,404\" data-comments-opened=\"0\" data-image-meta=\"{&quot;aperture&quot;:&quot;0&quot;,&quot;credit&quot;:&quot;&quot;,&quot;camera&quot;:&quot;&quot;,&quot;caption&quot;:&quot;&quot;,&quot;created_timestamp&quot;:&quot;0&quot;,&quot;copyright&quot;:&quot;&quot;,&quot;focal_length&quot;:&quot;0&quot;,&quot;iso&quot;:&quot;0&quot;,&quot;shutter_speed&quot;:&quot;0&quot;,&quot;title&quot;:&quot;&quot;,&quot;orientation&quot;:&quot;0&quot;}\" data-image-title=\"FIFAP\" data-image-description=\"\" data-image-caption=\"\" data-medium-file=\"https:\/\/i0.wp.com\/wp.ufpel.edu.br\/nufolk\/files\/2015\/12\/FIFAP.jpg?fit=318%2C318&amp;ssl=1\" data-large-file=\"https:\/\/i0.wp.com\/wp.ufpel.edu.br\/nufolk\/files\/2015\/12\/FIFAP.jpg?fit=404%2C220&amp;ssl=1\" class=\"wp-image-278 aligncenter\" src=\"https:\/\/i0.wp.com\/wp.ufpel.edu.br\/nufolk\/files\/2015\/12\/FIFAP.jpg?resize=440%2C440&#038;ssl=1\" alt=\"FIFAP\" width=\"440\" height=\"440\" srcset=\"https:\/\/i0.wp.com\/wp.ufpel.edu.br\/nufolk\/files\/2015\/12\/FIFAP.jpg?resize=318%2C318&amp;ssl=1 318w, https:\/\/i0.wp.com\/wp.ufpel.edu.br\/nufolk\/files\/2015\/12\/FIFAP.jpg?resize=159%2C159&amp;ssl=1 159w, https:\/\/i0.wp.com\/wp.ufpel.edu.br\/nufolk\/files\/2015\/12\/FIFAP.jpg?w=404&amp;ssl=1 404w\" sizes=\"auto, (max-width: 440px) 100vw, 440px\" \/><\/p>\n<p style=\"text-align: justify\">\n<p style=\"text-align: justify\"><span style=\"font-size: 14pt\">E esse ano come\u00e7ou movimentado, j\u00e1 no come\u00e7o do ano aconteceu o FIFAP &#8211; Festival Internacional de Folclore de Pelotas, onde reuniu 13 delega\u00e7\u00f5es de pa\u00edses diferentes que fizeram um lindo festival,foram dois dias intensos de muito folclore, dan\u00e7a, oficinas, troca de historias e experi\u00eancias, e junto com o FIFAP aconteceu tamb\u00e9m o Am\u00e9rica Unida um evento internacional de folclore que re\u00fane um casal de cada pais da Am\u00e9rica do sul e fazem um turn\u00ea por alguns pa\u00edses da Am\u00e9rica do sul com o espet\u00e1culo tamb\u00e9m nomeado como Am\u00e9rica Unida.<\/span><\/p>\n","protected":false},"excerpt":{"rendered":"<p>E esse ano come\u00e7ou movimentado, j\u00e1 no come\u00e7o do ano aconteceu o FIFAP &#8211; Festival Internacional de Folclore de Pelotas, onde reuniu 13 delega\u00e7\u00f5es de pa\u00edses diferentes que fizeram um lindo festival,foram dois dias intensos de muito folclore, dan\u00e7a, oficinas, troca de historias e experi\u00eancias, e junto com o FIFAP aconteceu tamb\u00e9m o Am\u00e9rica Unida &hellip; <\/p>\n<p><a class=\"more-link btn\" href=\"https:\/\/wp.ufpel.edu.br\/nufolk\/2015\/12\/24\/e-esse-ano-teve-fifap\/\">Continue lendo<\/a><\/p>\n","protected":false},"author":543,"featured_media":0,"comment_status":"closed","ping_status":"closed","sticky":false,"template":"","format":"standard","meta":{"jetpack_post_was_ever_published":false,"_jetpack_newsletter_access":"","_jetpack_dont_email_post_to_subs":false,"_jetpack_newsletter_tier_id":0,"_jetpack_memberships_contains_paywalled_content":false,"_jetpack_memberships_contains_paid_content":false,"footnotes":"","jetpack_publicize_message":"","jetpack_publicize_feature_enabled":true,"jetpack_social_post_already_shared":true,"jetpack_social_options":{"image_generator_settings":{"template":"highway","default_image_id":0,"font":"","enabled":false},"version":2}},"categories":[1],"tags":[],"class_list":["post-276","post","type-post","status-publish","format-standard","hentry","category-noticias","item-wrap"],"jetpack_publicize_connections":[],"jetpack_featured_media_url":"","jetpack_sharing_enabled":true,"jetpack_shortlink":"https:\/\/wp.me\/p6KvqY-4s","_links":{"self":[{"href":"https:\/\/wp.ufpel.edu.br\/nufolk\/wp-json\/wp\/v2\/posts\/276","targetHints":{"allow":["GET"]}}],"collection":[{"href":"https:\/\/wp.ufpel.edu.br\/nufolk\/wp-json\/wp\/v2\/posts"}],"about":[{"href":"https:\/\/wp.ufpel.edu.br\/nufolk\/wp-json\/wp\/v2\/types\/post"}],"author":[{"embeddable":true,"href":"https:\/\/wp.ufpel.edu.br\/nufolk\/wp-json\/wp\/v2\/users\/543"}],"replies":[{"embeddable":true,"href":"https:\/\/wp.ufpel.edu.br\/nufolk\/wp-json\/wp\/v2\/comments?post=276"}],"version-history":[{"count":3,"href":"https:\/\/wp.ufpel.edu.br\/nufolk\/wp-json\/wp\/v2\/posts\/276\/revisions"}],"predecessor-version":[{"id":281,"href":"https:\/\/wp.ufpel.edu.br\/nufolk\/wp-json\/wp\/v2\/posts\/276\/revisions\/281"}],"wp:attachment":[{"href":"https:\/\/wp.ufpel.edu.br\/nufolk\/wp-json\/wp\/v2\/media?parent=276"}],"wp:term":[{"taxonomy":"category","embeddable":true,"href":"https:\/\/wp.ufpel.edu.br\/nufolk\/wp-json\/wp\/v2\/categories?post=276"},{"taxonomy":"post_tag","embeddable":true,"href":"https:\/\/wp.ufpel.edu.br\/nufolk\/wp-json\/wp\/v2\/tags?post=276"}],"curies":[{"name":"wp","href":"https:\/\/api.w.org\/{rel}","templated":true}]}}