{"id":2199,"date":"2025-05-16T15:24:52","date_gmt":"2025-05-16T18:24:52","guid":{"rendered":"https:\/\/wp.ufpel.edu.br\/nufolk\/?p=2199"},"modified":"2025-05-16T15:24:52","modified_gmt":"2025-05-16T18:24:52","slug":"%f0%9f%93%a2-oportunidade-de-bolsa-no-nufolk-ufpel","status":"publish","type":"post","link":"https:\/\/wp.ufpel.edu.br\/nufolk\/2025\/05\/16\/%f0%9f%93%a2-oportunidade-de-bolsa-no-nufolk-ufpel\/","title":{"rendered":"&#x1f4e2; Oportunidade de Bolsa no NUFOLK\/UFPel!"},"content":{"rendered":"<p>&nbsp;<\/p>\n<p>O N\u00facleo de Folclore e Culturas Populares da UFPel (NUFOLK) est\u00e1 com inscri\u00e7\u00f5es abertas para sele\u00e7\u00e3o de bolsista de extens\u00e3o! Se voc\u00ea tem interesse por folclore, culturas populares e quer integrar um projeto que articula ensino, pesquisa e extens\u00e3o, essa \u00e9 a sua chance!<\/p>\n<p>As inscri\u00e7\u00f5es v\u00e3o at\u00e9 26\/05 e \u00e9 s\u00f3 preencher o formul\u00e1rio com os documentos em PDF (curr\u00edculo, hist\u00f3rico, RG ou CNH, contatos e uma carta de inten\u00e7\u00f5es contando teu interesse na bolsa e tua rela\u00e7\u00e3o com o tema).<\/p>\n<p>&#x1f4bc; A bolsa \u00e9 de 20h semanais (precisa ter disponibilidade nas quartas de manh\u00e3 tamb\u00e9m).<\/p>\n<p>&#x1f4cd; As entrevistas v\u00e3o rolar no dia 28\/05, presencialmente, na sala do NUFOLK (Rua Alberto Rosa, 580). Quem for pr\u00e9-selecionado recebe e-mail no dia 27\/05 com os detalhes.<\/p>\n<p>&#x1f4cc; \u00c9 preciso estar vinculado ao PRAE ou ter ingressado na UFPel por a\u00e7\u00f5es afirmativas (negros\/as, ind\u00edgenas, quilombolas ou PCDs).<\/p>\n<p>&#x1f517; Inscreve-te aqui: https:\/\/docs.google.com\/forms\/d\/e\/1FAIpQLScCD6kfhyqE_AVkzGVsUvmFz9qondAfF7IpT23WMa0Jm93onA\/viewform<br \/>\n&#x1f4f8; Ou escaneia o QR code da imagem!<\/p>\n<p>Vem com a gente fortalecer as culturas populares! &#x2728;<\/p>\n<p><img data-recalc-dims=\"1\" loading=\"lazy\" decoding=\"async\" data-attachment-id=\"2203\" data-permalink=\"https:\/\/wp.ufpel.edu.br\/nufolk\/2025\/05\/16\/%f0%9f%93%a2-oportunidade-de-bolsa-no-nufolk-ufpel\/whatsapp-image-2025-05-16-at-12-55-39\/\" data-orig-file=\"https:\/\/i0.wp.com\/wp.ufpel.edu.br\/nufolk\/files\/2025\/05\/WhatsApp-Image-2025-05-16-at-12.55.39.jpeg?fit=1080%2C1080&amp;ssl=1\" data-orig-size=\"1080,1080\" data-comments-opened=\"0\" data-image-meta=\"{&quot;aperture&quot;:&quot;0&quot;,&quot;credit&quot;:&quot;&quot;,&quot;camera&quot;:&quot;&quot;,&quot;caption&quot;:&quot;&quot;,&quot;created_timestamp&quot;:&quot;0&quot;,&quot;copyright&quot;:&quot;&quot;,&quot;focal_length&quot;:&quot;0&quot;,&quot;iso&quot;:&quot;0&quot;,&quot;shutter_speed&quot;:&quot;0&quot;,&quot;title&quot;:&quot;&quot;,&quot;orientation&quot;:&quot;0&quot;}\" data-image-title=\"WhatsApp Image 2025-05-16 at 12.55.39\" data-image-description=\"\" data-image-caption=\"\" data-medium-file=\"https:\/\/i0.wp.com\/wp.ufpel.edu.br\/nufolk\/files\/2025\/05\/WhatsApp-Image-2025-05-16-at-12.55.39.jpeg?fit=400%2C400&amp;ssl=1\" data-large-file=\"https:\/\/i0.wp.com\/wp.ufpel.edu.br\/nufolk\/files\/2025\/05\/WhatsApp-Image-2025-05-16-at-12.55.39.jpeg?fit=750%2C750&amp;ssl=1\" class=\"aligncenter size-medium wp-image-2203\" src=\"https:\/\/i0.wp.com\/wp.ufpel.edu.br\/nufolk\/files\/2025\/05\/WhatsApp-Image-2025-05-16-at-12.55.39.jpeg?resize=400%2C400&#038;ssl=1\" alt=\"\" width=\"400\" height=\"400\" srcset=\"https:\/\/i0.wp.com\/wp.ufpel.edu.br\/nufolk\/files\/2025\/05\/WhatsApp-Image-2025-05-16-at-12.55.39.jpeg?resize=400%2C400&amp;ssl=1 400w, https:\/\/i0.wp.com\/wp.ufpel.edu.br\/nufolk\/files\/2025\/05\/WhatsApp-Image-2025-05-16-at-12.55.39.jpeg?resize=1024%2C1024&amp;ssl=1 1024w, https:\/\/i0.wp.com\/wp.ufpel.edu.br\/nufolk\/files\/2025\/05\/WhatsApp-Image-2025-05-16-at-12.55.39.jpeg?resize=200%2C200&amp;ssl=1 200w, https:\/\/i0.wp.com\/wp.ufpel.edu.br\/nufolk\/files\/2025\/05\/WhatsApp-Image-2025-05-16-at-12.55.39.jpeg?resize=768%2C768&amp;ssl=1 768w, https:\/\/i0.wp.com\/wp.ufpel.edu.br\/nufolk\/files\/2025\/05\/WhatsApp-Image-2025-05-16-at-12.55.39.jpeg?w=1080&amp;ssl=1 1080w\" sizes=\"auto, (max-width: 400px) 100vw, 400px\" \/><\/p>\n<p><img data-recalc-dims=\"1\" loading=\"lazy\" decoding=\"async\" data-attachment-id=\"2201\" data-permalink=\"https:\/\/wp.ufpel.edu.br\/nufolk\/2025\/05\/16\/%f0%9f%93%a2-oportunidade-de-bolsa-no-nufolk-ufpel\/whatsapp-image-2025-05-16-at-12-55-39-2\/\" data-orig-file=\"https:\/\/i0.wp.com\/wp.ufpel.edu.br\/nufolk\/files\/2025\/05\/WhatsApp-Image-2025-05-16-at-12.55.39-2.jpeg?fit=1080%2C1080&amp;ssl=1\" data-orig-size=\"1080,1080\" data-comments-opened=\"0\" data-image-meta=\"{&quot;aperture&quot;:&quot;0&quot;,&quot;credit&quot;:&quot;&quot;,&quot;camera&quot;:&quot;&quot;,&quot;caption&quot;:&quot;&quot;,&quot;created_timestamp&quot;:&quot;0&quot;,&quot;copyright&quot;:&quot;&quot;,&quot;focal_length&quot;:&quot;0&quot;,&quot;iso&quot;:&quot;0&quot;,&quot;shutter_speed&quot;:&quot;0&quot;,&quot;title&quot;:&quot;&quot;,&quot;orientation&quot;:&quot;0&quot;}\" data-image-title=\"WhatsApp Image 2025-05-16 at 12.55.39 (2)\" data-image-description=\"\" data-image-caption=\"\" data-medium-file=\"https:\/\/i0.wp.com\/wp.ufpel.edu.br\/nufolk\/files\/2025\/05\/WhatsApp-Image-2025-05-16-at-12.55.39-2.jpeg?fit=400%2C400&amp;ssl=1\" data-large-file=\"https:\/\/i0.wp.com\/wp.ufpel.edu.br\/nufolk\/files\/2025\/05\/WhatsApp-Image-2025-05-16-at-12.55.39-2.jpeg?fit=750%2C750&amp;ssl=1\" class=\"aligncenter size-medium wp-image-2201\" src=\"https:\/\/i0.wp.com\/wp.ufpel.edu.br\/nufolk\/files\/2025\/05\/WhatsApp-Image-2025-05-16-at-12.55.39-2.jpeg?resize=400%2C400&#038;ssl=1\" alt=\"\" width=\"400\" height=\"400\" srcset=\"https:\/\/i0.wp.com\/wp.ufpel.edu.br\/nufolk\/files\/2025\/05\/WhatsApp-Image-2025-05-16-at-12.55.39-2.jpeg?resize=400%2C400&amp;ssl=1 400w, https:\/\/i0.wp.com\/wp.ufpel.edu.br\/nufolk\/files\/2025\/05\/WhatsApp-Image-2025-05-16-at-12.55.39-2.jpeg?resize=1024%2C1024&amp;ssl=1 1024w, https:\/\/i0.wp.com\/wp.ufpel.edu.br\/nufolk\/files\/2025\/05\/WhatsApp-Image-2025-05-16-at-12.55.39-2.jpeg?resize=200%2C200&amp;ssl=1 200w, https:\/\/i0.wp.com\/wp.ufpel.edu.br\/nufolk\/files\/2025\/05\/WhatsApp-Image-2025-05-16-at-12.55.39-2.jpeg?resize=768%2C768&amp;ssl=1 768w, https:\/\/i0.wp.com\/wp.ufpel.edu.br\/nufolk\/files\/2025\/05\/WhatsApp-Image-2025-05-16-at-12.55.39-2.jpeg?w=1080&amp;ssl=1 1080w\" sizes=\"auto, (max-width: 400px) 100vw, 400px\" \/><\/p>\n<p><img data-recalc-dims=\"1\" loading=\"lazy\" decoding=\"async\" data-attachment-id=\"2202\" data-permalink=\"https:\/\/wp.ufpel.edu.br\/nufolk\/2025\/05\/16\/%f0%9f%93%a2-oportunidade-de-bolsa-no-nufolk-ufpel\/whatsapp-image-2025-05-16-at-12-55-39-1\/\" data-orig-file=\"https:\/\/i0.wp.com\/wp.ufpel.edu.br\/nufolk\/files\/2025\/05\/WhatsApp-Image-2025-05-16-at-12.55.39-1.jpeg?fit=1080%2C1080&amp;ssl=1\" data-orig-size=\"1080,1080\" data-comments-opened=\"0\" data-image-meta=\"{&quot;aperture&quot;:&quot;0&quot;,&quot;credit&quot;:&quot;&quot;,&quot;camera&quot;:&quot;&quot;,&quot;caption&quot;:&quot;&quot;,&quot;created_timestamp&quot;:&quot;0&quot;,&quot;copyright&quot;:&quot;&quot;,&quot;focal_length&quot;:&quot;0&quot;,&quot;iso&quot;:&quot;0&quot;,&quot;shutter_speed&quot;:&quot;0&quot;,&quot;title&quot;:&quot;&quot;,&quot;orientation&quot;:&quot;0&quot;}\" data-image-title=\"WhatsApp Image 2025-05-16 at 12.55.39 (1)\" data-image-description=\"\" data-image-caption=\"\" data-medium-file=\"https:\/\/i0.wp.com\/wp.ufpel.edu.br\/nufolk\/files\/2025\/05\/WhatsApp-Image-2025-05-16-at-12.55.39-1.jpeg?fit=400%2C400&amp;ssl=1\" data-large-file=\"https:\/\/i0.wp.com\/wp.ufpel.edu.br\/nufolk\/files\/2025\/05\/WhatsApp-Image-2025-05-16-at-12.55.39-1.jpeg?fit=750%2C750&amp;ssl=1\" class=\"aligncenter size-medium wp-image-2202\" src=\"https:\/\/i0.wp.com\/wp.ufpel.edu.br\/nufolk\/files\/2025\/05\/WhatsApp-Image-2025-05-16-at-12.55.39-1.jpeg?resize=400%2C400&#038;ssl=1\" alt=\"\" width=\"400\" height=\"400\" srcset=\"https:\/\/i0.wp.com\/wp.ufpel.edu.br\/nufolk\/files\/2025\/05\/WhatsApp-Image-2025-05-16-at-12.55.39-1.jpeg?resize=400%2C400&amp;ssl=1 400w, https:\/\/i0.wp.com\/wp.ufpel.edu.br\/nufolk\/files\/2025\/05\/WhatsApp-Image-2025-05-16-at-12.55.39-1.jpeg?resize=1024%2C1024&amp;ssl=1 1024w, https:\/\/i0.wp.com\/wp.ufpel.edu.br\/nufolk\/files\/2025\/05\/WhatsApp-Image-2025-05-16-at-12.55.39-1.jpeg?resize=200%2C200&amp;ssl=1 200w, https:\/\/i0.wp.com\/wp.ufpel.edu.br\/nufolk\/files\/2025\/05\/WhatsApp-Image-2025-05-16-at-12.55.39-1.jpeg?resize=768%2C768&amp;ssl=1 768w, https:\/\/i0.wp.com\/wp.ufpel.edu.br\/nufolk\/files\/2025\/05\/WhatsApp-Image-2025-05-16-at-12.55.39-1.jpeg?w=1080&amp;ssl=1 1080w\" sizes=\"auto, (max-width: 400px) 100vw, 400px\" \/><\/p>\n","protected":false},"excerpt":{"rendered":"<p>&nbsp; O N\u00facleo de Folclore e Culturas Populares da UFPel (NUFOLK) est\u00e1 com inscri\u00e7\u00f5es abertas para sele\u00e7\u00e3o de bolsista de extens\u00e3o! Se voc\u00ea tem interesse por folclore, culturas populares e quer integrar um projeto que articula ensino, pesquisa e extens\u00e3o, essa \u00e9 a sua chance! As inscri\u00e7\u00f5es v\u00e3o at\u00e9 26\/05 e \u00e9 s\u00f3 preencher o &hellip; <\/p>\n<p><a class=\"more-link btn\" href=\"https:\/\/wp.ufpel.edu.br\/nufolk\/2025\/05\/16\/%f0%9f%93%a2-oportunidade-de-bolsa-no-nufolk-ufpel\/\">Continue lendo<\/a><\/p>\n","protected":false},"author":543,"featured_media":0,"comment_status":"closed","ping_status":"closed","sticky":false,"template":"","format":"standard","meta":{"jetpack_post_was_ever_published":false,"_jetpack_newsletter_access":"","_jetpack_dont_email_post_to_subs":false,"_jetpack_newsletter_tier_id":0,"_jetpack_memberships_contains_paywalled_content":false,"_jetpack_memberships_contains_paid_content":false,"footnotes":"","jetpack_publicize_message":"","jetpack_publicize_feature_enabled":true,"jetpack_social_post_already_shared":true,"jetpack_social_options":{"image_generator_settings":{"template":"highway","default_image_id":0,"font":"","enabled":false},"version":2}},"categories":[8,1],"tags":[19,38,13,17],"class_list":["post-2199","post","type-post","status-publish","format-standard","hentry","category-danca","category-noticias","tag-bolsistas","tag-extensao","tag-folcloreeculturapopular","tag-nufolk","item-wrap"],"jetpack_publicize_connections":[],"jetpack_featured_media_url":"","jetpack_sharing_enabled":true,"jetpack_shortlink":"https:\/\/wp.me\/p6KvqY-zt","_links":{"self":[{"href":"https:\/\/wp.ufpel.edu.br\/nufolk\/wp-json\/wp\/v2\/posts\/2199","targetHints":{"allow":["GET"]}}],"collection":[{"href":"https:\/\/wp.ufpel.edu.br\/nufolk\/wp-json\/wp\/v2\/posts"}],"about":[{"href":"https:\/\/wp.ufpel.edu.br\/nufolk\/wp-json\/wp\/v2\/types\/post"}],"author":[{"embeddable":true,"href":"https:\/\/wp.ufpel.edu.br\/nufolk\/wp-json\/wp\/v2\/users\/543"}],"replies":[{"embeddable":true,"href":"https:\/\/wp.ufpel.edu.br\/nufolk\/wp-json\/wp\/v2\/comments?post=2199"}],"version-history":[{"count":1,"href":"https:\/\/wp.ufpel.edu.br\/nufolk\/wp-json\/wp\/v2\/posts\/2199\/revisions"}],"predecessor-version":[{"id":2204,"href":"https:\/\/wp.ufpel.edu.br\/nufolk\/wp-json\/wp\/v2\/posts\/2199\/revisions\/2204"}],"wp:attachment":[{"href":"https:\/\/wp.ufpel.edu.br\/nufolk\/wp-json\/wp\/v2\/media?parent=2199"}],"wp:term":[{"taxonomy":"category","embeddable":true,"href":"https:\/\/wp.ufpel.edu.br\/nufolk\/wp-json\/wp\/v2\/categories?post=2199"},{"taxonomy":"post_tag","embeddable":true,"href":"https:\/\/wp.ufpel.edu.br\/nufolk\/wp-json\/wp\/v2\/tags?post=2199"}],"curies":[{"name":"wp","href":"https:\/\/api.w.org\/{rel}","templated":true}]}}