{"id":15,"date":"2015-08-24T16:44:00","date_gmt":"2015-08-24T19:44:00","guid":{"rendered":"https:\/\/wp.ufpel.edu.br\/nufolk\/2015\/08\/24\/programacao-da-semana-do-folclore-2015\/"},"modified":"2015-08-24T16:44:00","modified_gmt":"2015-08-24T19:44:00","slug":"programacao-da-semana-do-folclore-2015","status":"publish","type":"post","link":"https:\/\/wp.ufpel.edu.br\/nufolk\/2015\/08\/24\/programacao-da-semana-do-folclore-2015\/","title":{"rendered":"Programa\u00e7\u00e3o da Semana do Folclore 2015"},"content":{"rendered":"<p>Em comemora\u00e7\u00e3o ao dia do Folclore (22\/08) o N\u00facleo de Folclore da UFPel est\u00e1 promovendo a Semana do Folclore, cuja programa\u00e7\u00e3o pode ser visualizada abaixo. A participa\u00e7\u00e3o \u00e9 gratuita e n\u00e3o necessita de inscri\u00e7\u00e3o, basta comparecer nos locais e hor\u00e1rios marcados na programa\u00e7\u00e3o.<\/p>\n<p>Acompanhe tamb\u00e9m a fanpage da Semana do Folclore: <a href=\"https:\/\/www.facebook.com\/SemanaDoFolclore\">https:\/\/www.facebook.com\/SemanaDoFolclore<\/a><\/p>\n<div style=\"clear: both;text-align: center\"><a href=\"https:\/\/i0.wp.com\/3.bp.blogspot.com\/-S_Oewg8pN84\/Vdtz2TVdx8I\/AAAAAAAABww\/SmIjDUsOyM0\/s1600\/programacao-02.png\" style=\"margin-left: 1em;margin-right: 1em\"><img data-recalc-dims=\"1\" loading=\"lazy\" decoding=\"async\" border=\"0\" height=\"640\" src=\"https:\/\/i0.wp.com\/3.bp.blogspot.com\/-S_Oewg8pN84\/Vdtz2TVdx8I\/AAAAAAAABww\/SmIjDUsOyM0\/s640\/programacao-02.png?resize=452%2C640\" width=\"452\" \/><\/a><\/div>\n","protected":false},"excerpt":{"rendered":"<p>Em comemora\u00e7\u00e3o ao dia do Folclore (22\/08) o N\u00facleo de Folclore da UFPel est\u00e1 promovendo a Semana do Folclore, cuja programa\u00e7\u00e3o pode ser visualizada abaixo. A participa\u00e7\u00e3o \u00e9 gratuita e n\u00e3o necessita de inscri\u00e7\u00e3o, basta comparecer nos locais e hor\u00e1rios marcados na programa\u00e7\u00e3o. Acompanhe tamb\u00e9m a fanpage da Semana do Folclore: https:\/\/www.facebook.com\/SemanaDoFolclore<\/p>\n","protected":false},"author":543,"featured_media":0,"comment_status":"closed","ping_status":"closed","sticky":false,"template":"","format":"standard","meta":{"jetpack_post_was_ever_published":false,"_jetpack_newsletter_access":"","_jetpack_dont_email_post_to_subs":false,"_jetpack_newsletter_tier_id":0,"_jetpack_memberships_contains_paywalled_content":false,"_jetpack_memberships_contains_paid_content":false,"footnotes":"","jetpack_publicize_message":"","jetpack_publicize_feature_enabled":true,"jetpack_social_post_already_shared":true,"jetpack_social_options":{"image_generator_settings":{"template":"highway","default_image_id":0,"font":"","enabled":false},"version":2}},"categories":[1],"tags":[],"class_list":["post-15","post","type-post","status-publish","format-standard","hentry","category-noticias","item-wrap"],"jetpack_publicize_connections":[],"jetpack_featured_media_url":"","jetpack_sharing_enabled":true,"jetpack_shortlink":"https:\/\/wp.me\/p6KvqY-f","_links":{"self":[{"href":"https:\/\/wp.ufpel.edu.br\/nufolk\/wp-json\/wp\/v2\/posts\/15","targetHints":{"allow":["GET"]}}],"collection":[{"href":"https:\/\/wp.ufpel.edu.br\/nufolk\/wp-json\/wp\/v2\/posts"}],"about":[{"href":"https:\/\/wp.ufpel.edu.br\/nufolk\/wp-json\/wp\/v2\/types\/post"}],"author":[{"embeddable":true,"href":"https:\/\/wp.ufpel.edu.br\/nufolk\/wp-json\/wp\/v2\/users\/543"}],"replies":[{"embeddable":true,"href":"https:\/\/wp.ufpel.edu.br\/nufolk\/wp-json\/wp\/v2\/comments?post=15"}],"version-history":[{"count":0,"href":"https:\/\/wp.ufpel.edu.br\/nufolk\/wp-json\/wp\/v2\/posts\/15\/revisions"}],"wp:attachment":[{"href":"https:\/\/wp.ufpel.edu.br\/nufolk\/wp-json\/wp\/v2\/media?parent=15"}],"wp:term":[{"taxonomy":"category","embeddable":true,"href":"https:\/\/wp.ufpel.edu.br\/nufolk\/wp-json\/wp\/v2\/categories?post=15"},{"taxonomy":"post_tag","embeddable":true,"href":"https:\/\/wp.ufpel.edu.br\/nufolk\/wp-json\/wp\/v2\/tags?post=15"}],"curies":[{"name":"wp","href":"https:\/\/api.w.org\/{rel}","templated":true}]}}