{"id":1402,"date":"2020-08-20T17:38:57","date_gmt":"2020-08-20T20:38:57","guid":{"rendered":"https:\/\/wp.ufpel.edu.br\/nufolk\/?p=1402"},"modified":"2020-08-24T11:55:03","modified_gmt":"2020-08-24T14:55:03","slug":"vem-ai-a-edicao-002-do-papofolk","status":"publish","type":"post","link":"https:\/\/wp.ufpel.edu.br\/nufolk\/2020\/08\/20\/vem-ai-a-edicao-002-do-papofolk\/","title":{"rendered":"VEM A\u00cd A EDI\u00c7\u00c3O 002 DO PAPOFOLK"},"content":{"rendered":"<p><img data-recalc-dims=\"1\" loading=\"lazy\" decoding=\"async\" data-attachment-id=\"1404\" data-permalink=\"https:\/\/wp.ufpel.edu.br\/nufolk\/2020\/08\/20\/vem-ai-a-edicao-002-do-papofolk\/cartaz-papofolk-002\/\" data-orig-file=\"https:\/\/i0.wp.com\/wp.ufpel.edu.br\/nufolk\/files\/2020\/08\/Cartaz-PAPOFOLK-002.jpeg?fit=1080%2C1080&amp;ssl=1\" data-orig-size=\"1080,1080\" data-comments-opened=\"0\" data-image-meta=\"{&quot;aperture&quot;:&quot;0&quot;,&quot;credit&quot;:&quot;&quot;,&quot;camera&quot;:&quot;&quot;,&quot;caption&quot;:&quot;&quot;,&quot;created_timestamp&quot;:&quot;0&quot;,&quot;copyright&quot;:&quot;&quot;,&quot;focal_length&quot;:&quot;0&quot;,&quot;iso&quot;:&quot;0&quot;,&quot;shutter_speed&quot;:&quot;0&quot;,&quot;title&quot;:&quot;&quot;,&quot;orientation&quot;:&quot;0&quot;}\" data-image-title=\"Cartaz PAPOFOLK 002\" data-image-description=\"\" data-image-caption=\"\" data-medium-file=\"https:\/\/i0.wp.com\/wp.ufpel.edu.br\/nufolk\/files\/2020\/08\/Cartaz-PAPOFOLK-002.jpeg?fit=400%2C400&amp;ssl=1\" data-large-file=\"https:\/\/i0.wp.com\/wp.ufpel.edu.br\/nufolk\/files\/2020\/08\/Cartaz-PAPOFOLK-002.jpeg?fit=750%2C750&amp;ssl=1\" class=\"aligncenter size-medium wp-image-1404\" src=\"https:\/\/i0.wp.com\/wp.ufpel.edu.br\/nufolk\/files\/2020\/08\/Cartaz-PAPOFOLK-002.jpeg?resize=400%2C400&#038;ssl=1\" alt=\"\" width=\"400\" height=\"400\" srcset=\"https:\/\/i0.wp.com\/wp.ufpel.edu.br\/nufolk\/files\/2020\/08\/Cartaz-PAPOFOLK-002.jpeg?resize=400%2C400&amp;ssl=1 400w, https:\/\/i0.wp.com\/wp.ufpel.edu.br\/nufolk\/files\/2020\/08\/Cartaz-PAPOFOLK-002.jpeg?resize=1024%2C1024&amp;ssl=1 1024w, https:\/\/i0.wp.com\/wp.ufpel.edu.br\/nufolk\/files\/2020\/08\/Cartaz-PAPOFOLK-002.jpeg?resize=200%2C200&amp;ssl=1 200w, https:\/\/i0.wp.com\/wp.ufpel.edu.br\/nufolk\/files\/2020\/08\/Cartaz-PAPOFOLK-002.jpeg?resize=768%2C768&amp;ssl=1 768w, https:\/\/i0.wp.com\/wp.ufpel.edu.br\/nufolk\/files\/2020\/08\/Cartaz-PAPOFOLK-002.jpeg?w=1080&amp;ssl=1 1080w\" sizes=\"auto, (max-width: 400px) 100vw, 400px\" \/><\/p>\n<p>Na pr\u00f3xima segunda-feira, 24\/08\/2020, \u00e0s 18h, acontece mais um PAPOFOLK, essa ser\u00e1 a segunda edi\u00e7\u00e3o deste encontro virtual onde, artistas, pesquisadores, educadores, mestres populares e agentes culturais batem um papo sobre temas da cultura popular na atualidade numa esp\u00e9cie de roda de conversa, onde voc\u00ea tamb\u00e9m pode interagir com os\/as convidados\/convidadas e com os demais participantes.<\/p>\n<p>Desta vez teremos como tema &#8220;Processos criativos em Dan\u00e7as Tradicionais do RS: Percep\u00e7\u00f5es sobre coreografias de Entrada e Sa\u00edda&#8221;, e sobre ele os nossos convidados, Rodrigo Guterres (Bolinha) e Gilmar Rocha, bater\u00e3o um papo descontra\u00eddo com o mediador Ederson Vergara. A proposta \u00e9 que os tr\u00eas artistas, pesquisadores, core\u00f3grafos e professores de CTG, tragam as suas percep\u00e7\u00f5es e experi\u00eancias para nossa sala virtual.<\/p>\n<p>O link para a sala de acesso ao Papofolk \u00e9 o seguinte:<\/p>\n<p>https:\/\/m.teamlink.co\/1424943936<\/p>\n<p>Se voc\u00ea ainda n\u00e3o tem o TeamLink, pode instal\u00e1-lo gratuitamente.<\/p>\n<p>Para baixar o app no celular :<\/p>\n<p>https:\/\/play.google.com\/store\/apps\/details?id=app.cybrook.teamlink<\/p>\n<p>Para baixar no pc:<\/p>\n<p>https:\/\/www.teamlink.co\/download.html<\/p>\n<p>Esperamos voc\u00ea e sua turma para bater um papo conosco!<\/p>\n<p>Abra\u00e7os Folcl\u00f3ricos<\/p>\n","protected":false},"excerpt":{"rendered":"<p>Na pr\u00f3xima segunda-feira, 24\/08\/2020, \u00e0s 18h, acontece mais um PAPOFOLK, essa ser\u00e1 a segunda edi\u00e7\u00e3o deste encontro virtual onde, artistas, pesquisadores, educadores, mestres populares e agentes culturais batem um papo sobre temas da cultura popular na atualidade numa esp\u00e9cie de roda de conversa, onde voc\u00ea tamb\u00e9m pode interagir com os\/as convidados\/convidadas e com os demais &hellip; <\/p>\n<p><a class=\"more-link btn\" href=\"https:\/\/wp.ufpel.edu.br\/nufolk\/2020\/08\/20\/vem-ai-a-edicao-002-do-papofolk\/\">Continue lendo<\/a><\/p>\n","protected":false},"author":543,"featured_media":0,"comment_status":"closed","ping_status":"closed","sticky":false,"template":"","format":"standard","meta":{"jetpack_post_was_ever_published":false,"_jetpack_newsletter_access":"","_jetpack_dont_email_post_to_subs":false,"_jetpack_newsletter_tier_id":0,"_jetpack_memberships_contains_paywalled_content":false,"_jetpack_memberships_contains_paid_content":false,"footnotes":"","jetpack_publicize_message":"","jetpack_publicize_feature_enabled":true,"jetpack_social_post_already_shared":true,"jetpack_social_options":{"image_generator_settings":{"template":"highway","default_image_id":0,"font":"","enabled":false},"version":2}},"categories":[1],"tags":[],"class_list":["post-1402","post","type-post","status-publish","format-standard","hentry","category-noticias","item-wrap"],"jetpack_publicize_connections":[],"jetpack_featured_media_url":"","jetpack_sharing_enabled":true,"jetpack_shortlink":"https:\/\/wp.me\/p6KvqY-mC","_links":{"self":[{"href":"https:\/\/wp.ufpel.edu.br\/nufolk\/wp-json\/wp\/v2\/posts\/1402","targetHints":{"allow":["GET"]}}],"collection":[{"href":"https:\/\/wp.ufpel.edu.br\/nufolk\/wp-json\/wp\/v2\/posts"}],"about":[{"href":"https:\/\/wp.ufpel.edu.br\/nufolk\/wp-json\/wp\/v2\/types\/post"}],"author":[{"embeddable":true,"href":"https:\/\/wp.ufpel.edu.br\/nufolk\/wp-json\/wp\/v2\/users\/543"}],"replies":[{"embeddable":true,"href":"https:\/\/wp.ufpel.edu.br\/nufolk\/wp-json\/wp\/v2\/comments?post=1402"}],"version-history":[{"count":5,"href":"https:\/\/wp.ufpel.edu.br\/nufolk\/wp-json\/wp\/v2\/posts\/1402\/revisions"}],"predecessor-version":[{"id":1452,"href":"https:\/\/wp.ufpel.edu.br\/nufolk\/wp-json\/wp\/v2\/posts\/1402\/revisions\/1452"}],"wp:attachment":[{"href":"https:\/\/wp.ufpel.edu.br\/nufolk\/wp-json\/wp\/v2\/media?parent=1402"}],"wp:term":[{"taxonomy":"category","embeddable":true,"href":"https:\/\/wp.ufpel.edu.br\/nufolk\/wp-json\/wp\/v2\/categories?post=1402"},{"taxonomy":"post_tag","embeddable":true,"href":"https:\/\/wp.ufpel.edu.br\/nufolk\/wp-json\/wp\/v2\/tags?post=1402"}],"curies":[{"name":"wp","href":"https:\/\/api.w.org\/{rel}","templated":true}]}}