{"id":1081,"date":"2018-10-31T09:40:41","date_gmt":"2018-10-31T12:40:41","guid":{"rendered":"https:\/\/wp.ufpel.edu.br\/nufolk\/?p=1081"},"modified":"2018-10-31T09:40:41","modified_gmt":"2018-10-31T12:40:41","slug":"trabalho-sobre-nufolk-e-iov-e-destaque-na-4a-semana-integrada-da-ufpel","status":"publish","type":"post","link":"https:\/\/wp.ufpel.edu.br\/nufolk\/2018\/10\/31\/trabalho-sobre-nufolk-e-iov-e-destaque-na-4a-semana-integrada-da-ufpel\/","title":{"rendered":"Trabalho sobre NUFOLK e IOV \u00e9 destaque na  4\u00aa Semana Integrada da UFPel"},"content":{"rendered":"<p style=\"text-align: justify\">O trabalho <em>&#8220;N\u00facleo de Folclore da UFPel e IOV: uma parceria em prol da difus\u00e3o das manifesta\u00e7\u00f5es populares&#8221;<\/em> apresentado pela aluna do Curso de Dan\u00e7a-Licenciatura e bolsista do NUFOLK, Beliza Gonzales Rocha apresentado no V Congresso de Extens\u00e3o e Cultura da 4\u00aa Semana Integrada da UFPel, foi indicado como destaque de sala.<\/p>\n<p style=\"text-align: justify\">Os destaques de cada sala s\u00e3o indicados pelos professores debatedores que acompanham cada apresenta\u00e7\u00e3o. A sua\u00a0 finalidade \u00e9 identificar em cada sess\u00e3o do V CEC,\u00a0 aqueles acad\u00eamicos que apresentam compreens\u00e3o da viv\u00eancia extensionista e que apontam esta viv\u00eancia como fator importante na sua forma\u00e7\u00e3o.<\/p>\n","protected":false},"excerpt":{"rendered":"<p>O trabalho &#8220;N\u00facleo de Folclore da UFPel e IOV: uma parceria em prol da difus\u00e3o das manifesta\u00e7\u00f5es populares&#8221; apresentado pela aluna do Curso de Dan\u00e7a-Licenciatura e bolsista do NUFOLK, Beliza Gonzales Rocha apresentado no V Congresso de Extens\u00e3o e Cultura da 4\u00aa Semana Integrada da UFPel, foi indicado como destaque de sala. Os destaques de &hellip; <\/p>\n<p><a class=\"more-link btn\" href=\"https:\/\/wp.ufpel.edu.br\/nufolk\/2018\/10\/31\/trabalho-sobre-nufolk-e-iov-e-destaque-na-4a-semana-integrada-da-ufpel\/\">Continue lendo<\/a><\/p>\n","protected":false},"author":543,"featured_media":0,"comment_status":"closed","ping_status":"closed","sticky":false,"template":"","format":"standard","meta":{"jetpack_post_was_ever_published":false,"_jetpack_newsletter_access":"","_jetpack_dont_email_post_to_subs":false,"_jetpack_newsletter_tier_id":0,"_jetpack_memberships_contains_paywalled_content":false,"_jetpack_memberships_contains_paid_content":false,"footnotes":"","jetpack_publicize_message":"","jetpack_publicize_feature_enabled":true,"jetpack_social_post_already_shared":true,"jetpack_social_options":{"image_generator_settings":{"template":"highway","default_image_id":0,"font":"","enabled":false},"version":2}},"categories":[1],"tags":[],"class_list":["post-1081","post","type-post","status-publish","format-standard","hentry","category-noticias","item-wrap"],"jetpack_publicize_connections":[],"jetpack_featured_media_url":"","jetpack_sharing_enabled":true,"jetpack_shortlink":"https:\/\/wp.me\/p6KvqY-hr","_links":{"self":[{"href":"https:\/\/wp.ufpel.edu.br\/nufolk\/wp-json\/wp\/v2\/posts\/1081","targetHints":{"allow":["GET"]}}],"collection":[{"href":"https:\/\/wp.ufpel.edu.br\/nufolk\/wp-json\/wp\/v2\/posts"}],"about":[{"href":"https:\/\/wp.ufpel.edu.br\/nufolk\/wp-json\/wp\/v2\/types\/post"}],"author":[{"embeddable":true,"href":"https:\/\/wp.ufpel.edu.br\/nufolk\/wp-json\/wp\/v2\/users\/543"}],"replies":[{"embeddable":true,"href":"https:\/\/wp.ufpel.edu.br\/nufolk\/wp-json\/wp\/v2\/comments?post=1081"}],"version-history":[{"count":1,"href":"https:\/\/wp.ufpel.edu.br\/nufolk\/wp-json\/wp\/v2\/posts\/1081\/revisions"}],"predecessor-version":[{"id":1084,"href":"https:\/\/wp.ufpel.edu.br\/nufolk\/wp-json\/wp\/v2\/posts\/1081\/revisions\/1084"}],"wp:attachment":[{"href":"https:\/\/wp.ufpel.edu.br\/nufolk\/wp-json\/wp\/v2\/media?parent=1081"}],"wp:term":[{"taxonomy":"category","embeddable":true,"href":"https:\/\/wp.ufpel.edu.br\/nufolk\/wp-json\/wp\/v2\/categories?post=1081"},{"taxonomy":"post_tag","embeddable":true,"href":"https:\/\/wp.ufpel.edu.br\/nufolk\/wp-json\/wp\/v2\/tags?post=1081"}],"curies":[{"name":"wp","href":"https:\/\/api.w.org\/{rel}","templated":true}]}}