{"id":100,"date":"2013-11-20T21:12:00","date_gmt":"2013-11-20T23:12:00","guid":{"rendered":"https:\/\/wp.ufpel.edu.br\/nufolk\/2013\/11\/20\/v-salao-de-danca-rs\/"},"modified":"2013-11-20T21:12:00","modified_gmt":"2013-11-20T23:12:00","slug":"v-salao-de-danca-rs","status":"publish","type":"post","link":"https:\/\/wp.ufpel.edu.br\/nufolk\/2013\/11\/20\/v-salao-de-danca-rs\/","title":{"rendered":"V Sal\u00e3o de Dan\u00e7a RS"},"content":{"rendered":"<p><span style=\"font-family: Arial, sans-serif;font-size: 12pt;line-height: 115%;text-align: justify\">O Sal\u00e3o de Dan\u00e7a RS, \u00e9 um evento que aconteceu nos \u00faltimos quatro anos em Porto Alegre\/RS. Realizado pela a Universidade Federal do Rio Grande do Sul (UFRGS) em parceria com Universidade Federal de Pelotas (UFPel).&nbsp;<\/span><\/p>\n<div style=\"margin-bottom: .0001pt;margin-bottom: 0cm;text-align: justify\"><span style=\"font-family: Arial, sans-serif;font-size: 12pt;line-height: 115%\">Este ano em sua 5\u00b0 edi\u00e7\u00e3o o evento ocorrer\u00e1 na&nbsp;<\/span><span style=\"font-family: Arial, sans-serif;font-size: 16px;line-height: 18px\">Universidade Federal Santa Maria (UFSM),<\/span><span style=\"font-family: Arial, sans-serif;font-size: 12pt;line-height: 115%\">&nbsp;no dia 21 de novembro de 2013, em parceria com a&nbsp;<\/span><span style=\"font-family: Arial, sans-serif;font-size: 16px;line-height: 18px\">UFPel<\/span><span style=\"font-family: Arial, sans-serif;font-size: 12pt;line-height: 115%\">&nbsp;e a&nbsp;<\/span><span style=\"font-family: Arial, sans-serif;font-size: 16px;line-height: 18px\">UFRGS.<\/span><\/div>\n<div style=\"margin-bottom: .0001pt;margin-bottom: 0cm;text-align: justify\"><span style=\"font-family: Arial, sans-serif;font-size: 12pt;line-height: 115%\">O NUFolk ir\u00e1 apresenta quatro trabalhos, sendo eles:<\/span><\/div>\n<div style=\"margin-bottom: .0001pt;margin-bottom: 0cm;text-align: justify\"><\/div>\n<div style=\"margin-bottom: .0001pt;margin-bottom: 0cm;text-align: justify\"><span><b>\u201cDesafios no processo de apropria\u00e7\u00e3o da corporeidade do Samba de Roda.&#8221;<\/b><\/span><span>&nbsp;<span style=\"background: white\"><\/span><\/span><\/div>\n<div style=\"margin-bottom: .0001pt;margin-bottom: 0cm;text-align: justify\"><span>Autora: Sabrina Marques&nbsp;&nbsp;Orienta\u00e7\u00e3o: Thiago Amorim<span style=\"background: white\"><\/span><\/span><\/div>\n<div style=\"margin-bottom: .0001pt;margin-bottom: 0cm;text-align: justify\"><\/div>\n<div style=\"margin-bottom: .0001pt;margin-bottom: 0cm;text-align: justify\"><span style=\"font-family: Arial, sans-serif;font-size: 12pt;line-height: 115%\"><b>\u201cEntre o maranh\u00e3o e o rio grande do sul: a ressignifica\u00e7\u00e3o da identidade cultural de uma bailarina\u201c<\/b>&nbsp;&nbsp;Autora: Cleyce Colins Orienta\u00e7\u00e3o: Thiago Amorim<\/span><\/div>\n<div style=\"margin-bottom: .0001pt;margin-bottom: 0cm;text-align: justify\"><\/div>\n<div style=\"margin-bottom: .0001pt;margin-bottom: 0cm;text-align: justify\"><span style=\"font-family: Arial, sans-serif;font-size: 12pt;line-height: 115%\"><b>\u201cAs brincadeiras folcl\u00f3ricas no processo de socializa\u00e7\u00e3o e inclus\u00e3o de crian\u00e7as \u00e9 adolescentes com caracter\u00edsticas especiais de aprendizagem\u201d&nbsp;<\/b><\/span><\/div>\n<div style=\"margin-bottom: .0001pt;margin-bottom: 0cm;text-align: justify\"><span style=\"font-family: Arial, sans-serif;font-size: 12pt;line-height: 115%\">Autora: Sandra Dias<\/span><span>&nbsp;Orienta\u00e7\u00e3o: Thiago Amorim<\/span><span style=\"font-family: Arial, sans-serif;font-size: 12pt;line-height: 115%\"><\/span><\/div>\n<div style=\"margin-bottom: .0001pt;margin-bottom: 0cm;text-align: justify\"><\/div>\n<div style=\"margin-bottom: .0001pt;margin-bottom: 0cm;text-align: justify\"><span style=\"font-family: Arial, sans-serif;font-size: 12pt;line-height: 115%\"><b>\u201cA experi\u00eancia de descentraliza\u00e7\u00e3o da semana do folclore do NULFOLK \u2013 UFPEL\u201d<\/b><\/span><\/div>\n<div style=\"text-align: justify\"><\/div>\n<div style=\"margin-bottom: .0001pt;margin-bottom: 0cm;text-align: justify\"><span style=\"font-family: Arial, sans-serif;font-size: 12pt;line-height: 115%\">Autores Sandra Dias; Cleyce Colins; Tauana Oxley Pereira; Fernanda Thiel; Thiago Silva de Amorim Jesus; Carmen Anita Hoffmann.<\/span><\/div>\n<div style=\"margin-bottom: .0001pt;margin-bottom: 0cm;text-align: justify\"><span style=\"font-family: Arial, sans-serif;font-size: 12pt;line-height: 115%\"><br \/><\/span><\/div>\n<div style=\"margin-bottom: .0001pt;margin-bottom: 0cm;text-align: justify\"><span style=\"font-family: Arial, sans-serif\"><span style=\"line-height: 18px\">Segue o link do evento para mais informa\u00e7\u00f5es:<\/span><\/span><\/div>\n<div style=\"margin-bottom: .0001pt;margin-bottom: 0cm;text-align: justify\"><a href=\"http:\/\/vsalaodancars.blogspot.com.br\/\">http:\/\/vsalaodancars.blogspot.com.br\/<\/a><\/div>\n<h2>\n<div style=\"background-color: white;border: 0px;color: #5c5c5c;line-height: 1.3em;padding: 0px 0px 1em;text-align: justify;vertical-align: baseline\"><\/div>\n<\/h2>\n","protected":false},"excerpt":{"rendered":"<p>O Sal\u00e3o de Dan\u00e7a RS, \u00e9 um evento que aconteceu nos \u00faltimos quatro anos em Porto Alegre\/RS. Realizado pela a Universidade Federal do Rio Grande do Sul (UFRGS) em parceria com Universidade Federal de Pelotas (UFPel).&nbsp; Este ano em sua 5\u00b0 edi\u00e7\u00e3o o evento ocorrer\u00e1 na&nbsp;Universidade Federal Santa Maria (UFSM),&nbsp;no dia 21 de novembro de &hellip; <\/p>\n<p><a class=\"more-link btn\" href=\"https:\/\/wp.ufpel.edu.br\/nufolk\/2013\/11\/20\/v-salao-de-danca-rs\/\">Continue lendo<\/a><\/p>\n","protected":false},"author":543,"featured_media":0,"comment_status":"closed","ping_status":"closed","sticky":false,"template":"","format":"standard","meta":{"jetpack_post_was_ever_published":false,"_jetpack_newsletter_access":"","_jetpack_dont_email_post_to_subs":false,"_jetpack_newsletter_tier_id":0,"_jetpack_memberships_contains_paywalled_content":false,"_jetpack_memberships_contains_paid_content":false,"footnotes":"","jetpack_publicize_message":"","jetpack_publicize_feature_enabled":true,"jetpack_social_post_already_shared":true,"jetpack_social_options":{"image_generator_settings":{"template":"highway","default_image_id":0,"font":"","enabled":false},"version":2}},"categories":[1],"tags":[],"class_list":["post-100","post","type-post","status-publish","format-standard","hentry","category-noticias","item-wrap"],"jetpack_publicize_connections":[],"jetpack_featured_media_url":"","jetpack_sharing_enabled":true,"jetpack_shortlink":"https:\/\/wp.me\/p6KvqY-1C","_links":{"self":[{"href":"https:\/\/wp.ufpel.edu.br\/nufolk\/wp-json\/wp\/v2\/posts\/100","targetHints":{"allow":["GET"]}}],"collection":[{"href":"https:\/\/wp.ufpel.edu.br\/nufolk\/wp-json\/wp\/v2\/posts"}],"about":[{"href":"https:\/\/wp.ufpel.edu.br\/nufolk\/wp-json\/wp\/v2\/types\/post"}],"author":[{"embeddable":true,"href":"https:\/\/wp.ufpel.edu.br\/nufolk\/wp-json\/wp\/v2\/users\/543"}],"replies":[{"embeddable":true,"href":"https:\/\/wp.ufpel.edu.br\/nufolk\/wp-json\/wp\/v2\/comments?post=100"}],"version-history":[{"count":0,"href":"https:\/\/wp.ufpel.edu.br\/nufolk\/wp-json\/wp\/v2\/posts\/100\/revisions"}],"wp:attachment":[{"href":"https:\/\/wp.ufpel.edu.br\/nufolk\/wp-json\/wp\/v2\/media?parent=100"}],"wp:term":[{"taxonomy":"category","embeddable":true,"href":"https:\/\/wp.ufpel.edu.br\/nufolk\/wp-json\/wp\/v2\/categories?post=100"},{"taxonomy":"post_tag","embeddable":true,"href":"https:\/\/wp.ufpel.edu.br\/nufolk\/wp-json\/wp\/v2\/tags?post=100"}],"curies":[{"name":"wp","href":"https:\/\/api.w.org\/{rel}","templated":true}]}}