{"id":768,"date":"2018-10-11T15:07:30","date_gmt":"2018-10-11T18:07:30","guid":{"rendered":"https:\/\/wp.ufpel.edu.br\/npa\/?p=768"},"modified":"2018-10-11T15:10:31","modified_gmt":"2018-10-11T18:10:31","slug":"habilitacao-de-cooperativas-apresenta-resultado-final","status":"publish","type":"post","link":"https:\/\/wp.ufpel.edu.br\/npa\/2018\/10\/11\/habilitacao-de-cooperativas-apresenta-resultado-final\/","title":{"rendered":"Habilita\u00e7\u00e3o de Cooperativas apresenta resultado final"},"content":{"rendered":"<div>A Comiss\u00e3o Gestora do Programa de Coleta Seletiva Solid\u00e1ria da UFPel torna p\u00fablico a nominata final do Edital de Habilita\u00e7\u00e3o 01\/2018 para associa\u00e7\u00f5es\/cooperativas interessadas em receber, por doa\u00e7\u00e3o, os res\u00edduos recicl\u00e1veis produzidos nas atividades da UFPel:<\/div>\n<div><\/div>\n<div><strong><em>Cooper-Recicle Cooperativa de Trabalho.<\/em>\u00a0<\/strong><\/div>\n<div><\/div>\n<div>O Processo p\u00fablico de habilita\u00e7\u00e3o pode ser conferido na \u00edntegra pelo SEI, sob registro n\u00ba 23110.035713\/2018-80. A implementa\u00e7\u00e3o da pol\u00edtica p\u00fablica de fomento \u00e0s cooperativas na abrang\u00eancia regional da Institui\u00e7\u00e3o \u00e9 resultante da aplica\u00e7\u00e3o do Decreto Federal n\u00ba 5.940\/2006.<\/div>\n","protected":false},"excerpt":{"rendered":"<p>A Comiss\u00e3o Gestora do Programa de Coleta Seletiva Solid\u00e1ria da UFPel torna p\u00fablico a nominata final do Edital de Habilita\u00e7\u00e3o 01\/2018 para associa\u00e7\u00f5es\/cooperativas interessadas em receber, por doa\u00e7\u00e3o, os res\u00edduos recicl\u00e1veis produzidos nas atividades da UFPel: Cooper-Recicle Cooperativa de Trabalho.\u00a0 O Processo p\u00fablico de habilita\u00e7\u00e3o pode ser conferido na \u00edntegra pelo SEI, sob registro n\u00ba [&hellip;]<\/p>\n","protected":false},"author":821,"featured_media":0,"comment_status":"closed","ping_status":"closed","sticky":false,"template":"","format":"standard","meta":{"footnotes":""},"categories":[50662,18,50665],"tags":[],"class_list":["post-768","post","type-post","status-publish","format-standard","hentry","category-gestao-de-residuos","category-sem-categoria","category-sustentabilidade"],"jetpack_featured_media_url":"","_links":{"self":[{"href":"https:\/\/wp.ufpel.edu.br\/npa\/wp-json\/wp\/v2\/posts\/768","targetHints":{"allow":["GET"]}}],"collection":[{"href":"https:\/\/wp.ufpel.edu.br\/npa\/wp-json\/wp\/v2\/posts"}],"about":[{"href":"https:\/\/wp.ufpel.edu.br\/npa\/wp-json\/wp\/v2\/types\/post"}],"author":[{"embeddable":true,"href":"https:\/\/wp.ufpel.edu.br\/npa\/wp-json\/wp\/v2\/users\/821"}],"replies":[{"embeddable":true,"href":"https:\/\/wp.ufpel.edu.br\/npa\/wp-json\/wp\/v2\/comments?post=768"}],"version-history":[{"count":3,"href":"https:\/\/wp.ufpel.edu.br\/npa\/wp-json\/wp\/v2\/posts\/768\/revisions"}],"predecessor-version":[{"id":772,"href":"https:\/\/wp.ufpel.edu.br\/npa\/wp-json\/wp\/v2\/posts\/768\/revisions\/772"}],"wp:attachment":[{"href":"https:\/\/wp.ufpel.edu.br\/npa\/wp-json\/wp\/v2\/media?parent=768"}],"wp:term":[{"taxonomy":"category","embeddable":true,"href":"https:\/\/wp.ufpel.edu.br\/npa\/wp-json\/wp\/v2\/categories?post=768"},{"taxonomy":"post_tag","embeddable":true,"href":"https:\/\/wp.ufpel.edu.br\/npa\/wp-json\/wp\/v2\/tags?post=768"}],"curies":[{"name":"wp","href":"https:\/\/api.w.org\/{rel}","templated":true}]}}