{"id":191,"date":"2015-08-10T15:47:40","date_gmt":"2015-08-10T18:47:40","guid":{"rendered":"https:\/\/wp.ufpel.edu.br\/cga\/?p=191"},"modified":"2018-10-05T13:52:53","modified_gmt":"2018-10-05T16:52:53","slug":"ufpel-minimiza-o-uso-de-copos-descartaveis","status":"publish","type":"post","link":"https:\/\/wp.ufpel.edu.br\/npa\/2015\/08\/10\/ufpel-minimiza-o-uso-de-copos-descartaveis\/","title":{"rendered":"UFPel minimiza o uso de copos descart\u00e1veis"},"content":{"rendered":"<p>No Dia Mundial do Meio Ambiente (05 de Junho) a Coordena\u00e7\u00e3o de Gest\u00e3o Ambiental da UFPel lan\u00e7ou a campanha\u00a0\u201cUniversidade mais sustent\u00e1vel\u201d, que tem como principal a\u00e7\u00e3o a minimiza\u00e7\u00e3o do uso de copos descart\u00e1veis na Institui\u00e7\u00e3o, incluindo os restaurantes universit\u00e1rios. A medida vem sendo adotada progressivamente desde 2014, quando come\u00e7aram a ser distribu\u00eddas, entre a comunidade universit\u00e1ria, canecas pl\u00e1sticas para uso pessoal de alunos e servidores docentes e t\u00e9cnico-administrativos.<\/p>\n<p>A a\u00e7\u00e3o\u00a0consiste no fornecimento de uma caneca para cada servidor e estudante da Institui\u00e7\u00e3o e tem o objetivo de\u00a0reduzir o consumo, diminuir custos e o minimizar o impacto ambiental da utiliza\u00e7\u00e3o de copos descart\u00e1veis.<\/p>\n<p>Um levantamento realizado pela CGA\/PRAINFRA mostrou que, em m\u00e9dia, a UFPel gastava tr\u00eas mil unidades do material\u00a0por dia. J\u00e1 o\u00a0custo das canecas inicialmente distribu\u00eddas em 2014 foi de 25% do valor que \u00e9 gasto com copos descart\u00e1veis em um m\u00eas.<\/p>\n<p>A medida tamb\u00e9m coloca a Universidade dentro das normas do Tribunal de Contas da Uni\u00e3o sobre as a\u00e7\u00f5es a serem implementadas pela administra\u00e7\u00e3o p\u00fablica para a promo\u00e7\u00e3o do uso racional e sustent\u00e1vel de recursos naturais.<\/p>\n<p>A Pr\u00f3-Reitoria de Assuntos Estudantis (Prae) ficou respons\u00e1vel por distribuir\u00a0as canecas aos discentes usu\u00e1rios dos Restaurantes Escola.<\/p>\n<div id=\"attachment_200\" style=\"width: 310px\" class=\"wp-caption aligncenter\"><a href=\"https:\/\/wp.ufpel.edu.br\/cga\/files\/2015\/08\/caneca.png\"><img aria-describedby=\"caption-attachment-200\" class=\"wp-image-200 size-medium\" src=\"https:\/\/wp.ufpel.edu.br\/cga\/files\/2015\/08\/caneca-300x251.png\" alt=\"caneca\" width=\"300\" height=\"251\" \/><\/a><p id=\"caption-attachment-200\" class=\"wp-caption-text\">Modelo adotado para o uso dos Servidores<\/p><\/div>\n","protected":false},"excerpt":{"rendered":"<p>No Dia Mundial do Meio Ambiente (05 de Junho) a Coordena\u00e7\u00e3o de Gest\u00e3o Ambiental da UFPel lan\u00e7ou a campanha\u00a0\u201cUniversidade mais sustent\u00e1vel\u201d, que tem como principal a\u00e7\u00e3o a minimiza\u00e7\u00e3o do uso de copos descart\u00e1veis na Institui\u00e7\u00e3o, incluindo os restaurantes universit\u00e1rios. A medida vem sendo adotada progressivamente desde 2014, quando come\u00e7aram a ser distribu\u00eddas, entre a comunidade [&hellip;]<\/p>\n","protected":false},"author":821,"featured_media":0,"comment_status":"closed","ping_status":"closed","sticky":false,"template":"","format":"standard","meta":{"footnotes":""},"categories":[50662,18,50665],"tags":[],"class_list":["post-191","post","type-post","status-publish","format-standard","hentry","category-gestao-de-residuos","category-sem-categoria","category-sustentabilidade"],"jetpack_featured_media_url":"","_links":{"self":[{"href":"https:\/\/wp.ufpel.edu.br\/npa\/wp-json\/wp\/v2\/posts\/191","targetHints":{"allow":["GET"]}}],"collection":[{"href":"https:\/\/wp.ufpel.edu.br\/npa\/wp-json\/wp\/v2\/posts"}],"about":[{"href":"https:\/\/wp.ufpel.edu.br\/npa\/wp-json\/wp\/v2\/types\/post"}],"author":[{"embeddable":true,"href":"https:\/\/wp.ufpel.edu.br\/npa\/wp-json\/wp\/v2\/users\/821"}],"replies":[{"embeddable":true,"href":"https:\/\/wp.ufpel.edu.br\/npa\/wp-json\/wp\/v2\/comments?post=191"}],"version-history":[{"count":5,"href":"https:\/\/wp.ufpel.edu.br\/npa\/wp-json\/wp\/v2\/posts\/191\/revisions"}],"predecessor-version":[{"id":216,"href":"https:\/\/wp.ufpel.edu.br\/npa\/wp-json\/wp\/v2\/posts\/191\/revisions\/216"}],"wp:attachment":[{"href":"https:\/\/wp.ufpel.edu.br\/npa\/wp-json\/wp\/v2\/media?parent=191"}],"wp:term":[{"taxonomy":"category","embeddable":true,"href":"https:\/\/wp.ufpel.edu.br\/npa\/wp-json\/wp\/v2\/categories?post=191"},{"taxonomy":"post_tag","embeddable":true,"href":"https:\/\/wp.ufpel.edu.br\/npa\/wp-json\/wp\/v2\/tags?post=191"}],"curies":[{"name":"wp","href":"https:\/\/api.w.org\/{rel}","templated":true}]}}