{"id":2115,"date":"2021-10-18T17:13:06","date_gmt":"2021-10-18T20:13:06","guid":{"rendered":"https:\/\/wp.ufpel.edu.br\/nimeq\/?p=2115"},"modified":"2022-09-09T11:43:32","modified_gmt":"2022-09-09T14:43:32","slug":"nimeq-participa-da-live-a-necessaria-inovacao-de-ferramentas-e-equipamentos-para-o-manejo-agroecologico-e-agroflorestal","status":"publish","type":"post","link":"https:\/\/wp.ufpel.edu.br\/nimeq\/2021\/10\/18\/nimeq-participa-da-live-a-necessaria-inovacao-de-ferramentas-e-equipamentos-para-o-manejo-agroecologico-e-agroflorestal\/","title":{"rendered":"NIMEq participa da Live &#8220;A necess\u00e1ria inova\u00e7\u00e3o de ferramentas e equipamentos para o manejo agroecol\u00f3gico e agroflorestal&#8221;"},"content":{"rendered":"<p>No \u00faltimo dia 15 de Outubro, o NIMEq participou da Live &#8220;A necess\u00e1ria inova\u00e7\u00e3o de ferramentas e equipamentos para o manejo agroecol\u00f3gico e agroflorestal&#8221;,\u00a0 do CPOrg-SP \/ Comiss\u00e3o da Produ\u00e7\u00e3o Org\u00e2nica de SP.<\/p>\n<p>Palestra da Campanha Estadual do Alimento Org\u00e2nico CPOrg-SP sobre a inova\u00e7\u00e3o e adapta\u00e7\u00e3o das ferramentas e equipamentos agr\u00edcolas para a agricultura org\u00e2nica, convidados alguns especialistas e produtores para discutir o assunto.<\/p>\n<p>O Prof.Dr. \u00c2ngelo dos Reis apresentou a palestra &#8220;Projeto de m\u00e1quinas de baixa demanda de pot\u00eancia&#8221;, discutindo as dificuldades, oportunidades para essas m\u00e1quinas no mercado e, explicando o que s\u00e3o m\u00e1quinas de baixa pot\u00eancia.<\/p>\n<p>Assista a palestra <a href=\"https:\/\/www.youtube.com\/watch?v=vrBOb2STWt4\">aqui<\/a>.<\/p>\n<p>&nbsp;<\/p>\n<p><a href=\"https:\/\/wp.ufpel.edu.br\/nimeq\/files\/2021\/10\/WhatsApp-Image-2021-10-18-at-17.07.36.jpeg\"><img loading=\"lazy\" decoding=\"async\" class=\" wp-image-2117 aligncenter\" src=\"https:\/\/wp.ufpel.edu.br\/nimeq\/files\/2021\/10\/WhatsApp-Image-2021-10-18-at-17.07.36-400x300.jpeg\" alt=\"\" width=\"428\" height=\"321\" srcset=\"https:\/\/wp.ufpel.edu.br\/nimeq\/files\/2021\/10\/WhatsApp-Image-2021-10-18-at-17.07.36-400x300.jpeg 400w, https:\/\/wp.ufpel.edu.br\/nimeq\/files\/2021\/10\/WhatsApp-Image-2021-10-18-at-17.07.36-267x200.jpeg 267w, https:\/\/wp.ufpel.edu.br\/nimeq\/files\/2021\/10\/WhatsApp-Image-2021-10-18-at-17.07.36.jpeg 768w\" sizes=\"auto, (max-width: 428px) 100vw, 428px\" \/><\/a><\/p>\n","protected":false},"excerpt":{"rendered":"<p>No \u00faltimo dia 15 de Outubro, o NIMEq participou da Live &#8220;A necess\u00e1ria inova\u00e7\u00e3o de ferramentas e equipamentos para o manejo agroecol\u00f3gico e agroflorestal&#8221;,\u00a0 do CPOrg-SP \/&hellip; <span class=\"read-more\"><a class=\"more-link\" href=\"https:\/\/wp.ufpel.edu.br\/nimeq\/2021\/10\/18\/nimeq-participa-da-live-a-necessaria-inovacao-de-ferramentas-e-equipamentos-para-o-manejo-agroecologico-e-agroflorestal\/\" rel=\"bookmark\">Leia Mais <span class=\"screen-reader-text\">&#8220;NIMEq participa da Live &#8220;A necess\u00e1ria inova\u00e7\u00e3o de ferramentas e equipamentos para o manejo agroecol\u00f3gico e agroflorestal&#8221;&#8221;<\/span><\/a><\/span><\/p>\n","protected":false},"author":111,"featured_media":2117,"comment_status":"closed","ping_status":"closed","sticky":false,"template":"","format":"standard","meta":{"footnotes":""},"categories":[75079],"tags":[],"class_list":["post-2115","post","type-post","status-publish","format-standard","has-post-thumbnail","hentry","category-post"],"jetpack_featured_media_url":"https:\/\/wp.ufpel.edu.br\/nimeq\/files\/2021\/10\/WhatsApp-Image-2021-10-18-at-17.07.36.jpeg","publishpress_future_action":{"enabled":false,"date":"2026-05-06 20:47:47","action":"change-status","newStatus":"draft","terms":[],"taxonomy":"category","extraData":[]},"publishpress_future_workflow_manual_trigger":{"enabledWorkflows":[]},"_links":{"self":[{"href":"https:\/\/wp.ufpel.edu.br\/nimeq\/wp-json\/wp\/v2\/posts\/2115","targetHints":{"allow":["GET"]}}],"collection":[{"href":"https:\/\/wp.ufpel.edu.br\/nimeq\/wp-json\/wp\/v2\/posts"}],"about":[{"href":"https:\/\/wp.ufpel.edu.br\/nimeq\/wp-json\/wp\/v2\/types\/post"}],"author":[{"embeddable":true,"href":"https:\/\/wp.ufpel.edu.br\/nimeq\/wp-json\/wp\/v2\/users\/111"}],"replies":[{"embeddable":true,"href":"https:\/\/wp.ufpel.edu.br\/nimeq\/wp-json\/wp\/v2\/comments?post=2115"}],"version-history":[{"count":2,"href":"https:\/\/wp.ufpel.edu.br\/nimeq\/wp-json\/wp\/v2\/posts\/2115\/revisions"}],"predecessor-version":[{"id":2119,"href":"https:\/\/wp.ufpel.edu.br\/nimeq\/wp-json\/wp\/v2\/posts\/2115\/revisions\/2119"}],"wp:featuredmedia":[{"embeddable":true,"href":"https:\/\/wp.ufpel.edu.br\/nimeq\/wp-json\/wp\/v2\/media\/2117"}],"wp:attachment":[{"href":"https:\/\/wp.ufpel.edu.br\/nimeq\/wp-json\/wp\/v2\/media?parent=2115"}],"wp:term":[{"taxonomy":"category","embeddable":true,"href":"https:\/\/wp.ufpel.edu.br\/nimeq\/wp-json\/wp\/v2\/categories?post=2115"},{"taxonomy":"post_tag","embeddable":true,"href":"https:\/\/wp.ufpel.edu.br\/nimeq\/wp-json\/wp\/v2\/tags?post=2115"}],"curies":[{"name":"wp","href":"https:\/\/api.w.org\/{rel}","templated":true}]}}