{"id":2090,"date":"2021-09-28T21:48:38","date_gmt":"2021-09-29T00:48:38","guid":{"rendered":"https:\/\/wp.ufpel.edu.br\/nimeq\/?p=2090"},"modified":"2022-09-09T11:42:52","modified_gmt":"2022-09-09T14:42:52","slug":"nimeq-obtem-novas-patentes","status":"publish","type":"post","link":"https:\/\/wp.ufpel.edu.br\/nimeq\/2021\/09\/28\/nimeq-obtem-novas-patentes\/","title":{"rendered":"NIMEq obt\u00e9m novas patentes"},"content":{"rendered":"<p style=\"text-align: justify;\"><span style=\"font-weight: 400;\">O INPI (Instituto Nacional de Propriedade Industrial) concede novas Patentes a pesquisadores do NIMEq (N\u00facleo de Inova\u00e7\u00e3o em M\u00e1quinas e Equipamentos Agr\u00edcolas), da Universidade Federal de Pelotas.<\/span><\/p>\n<p style=\"text-align: justify;\"><span style=\"font-weight: 400;\">Resultante do trabalho de conclus\u00e3o de curso do egresso do Programa de P\u00f3s-Gradua\u00e7\u00e3o em Sistemas de Produ\u00e7\u00e3o Agr\u00edcola Familiar (PPGSPAF), hoje Prof. permanente do PPGSPAF e, da equipe do NIMEq da UFPel, o INPI concedeu no dia 01\/06\/2021 a carta Patente n\u00ba BR 1020150036043, \u201c<\/span><b>SISTEMA DE ARTICULA\u00c7\u00c3O COM MOLA PLANA APLICADO EM SEMEADORAS ADUBADORAS, M\u00c1QUINAS E IMPLEMENTOS AGR\u00cdCOLAS EM GERAL<\/b><span style=\"font-weight: 400;\">\u201d.<\/span><\/p>\n<p style=\"text-align: justify;\"><span style=\"font-weight: 400;\">Inventores: Prof.Dr. Fabr\u00edcio Ardais Medeiros; Prof.Dr. \u00c2ngelo Vieira dos Reis; Prof.Dr. Ant\u00f4nio Lilles Tavares Machado; Prof.Dr. Roberto Lilles Tavares Machado e Prof.Dr. Mauro Fernando Ferreira.<\/span><\/p>\n<p style=\"text-align: center;\">\u00a0 \u00a0 \u00a0 \u00a0 \u00a0 <a href=\"https:\/\/wp.ufpel.edu.br\/nimeq\/files\/2021\/09\/Mola-Plana-Fig.jpg\"><img loading=\"lazy\" decoding=\"async\" class=\"alignnone wp-image-2093\" src=\"https:\/\/wp.ufpel.edu.br\/nimeq\/files\/2021\/09\/Mola-Plana-Fig-375x400.jpg\" alt=\"\" width=\"365\" height=\"389\" srcset=\"https:\/\/wp.ufpel.edu.br\/nimeq\/files\/2021\/09\/Mola-Plana-Fig-375x400.jpg 375w, https:\/\/wp.ufpel.edu.br\/nimeq\/files\/2021\/09\/Mola-Plana-Fig-188x200.jpg 188w, https:\/\/wp.ufpel.edu.br\/nimeq\/files\/2021\/09\/Mola-Plana-Fig.jpg 531w\" sizes=\"auto, (max-width: 365px) 100vw, 365px\" \/>\u00a0 \u00a0 \u00a0 \u00a0 \u00a0 \u00a0 \u00a0 \u00a0 \u00a0 \u00a0<\/a><a href=\"https:\/\/wp.ufpel.edu.br\/nimeq\/files\/2021\/09\/Articulacao-Mola-Plana2.jpg\"><img loading=\"lazy\" decoding=\"async\" class=\"wp-image-2092 alignnone\" src=\"https:\/\/wp.ufpel.edu.br\/nimeq\/files\/2021\/09\/Articulacao-Mola-Plana2-332x400.jpg\" alt=\"\" width=\"325\" height=\"392\" srcset=\"https:\/\/wp.ufpel.edu.br\/nimeq\/files\/2021\/09\/Articulacao-Mola-Plana2-332x400.jpg 332w, https:\/\/wp.ufpel.edu.br\/nimeq\/files\/2021\/09\/Articulacao-Mola-Plana2-166x200.jpg 166w, https:\/\/wp.ufpel.edu.br\/nimeq\/files\/2021\/09\/Articulacao-Mola-Plana2.jpg 597w\" sizes=\"auto, (max-width: 325px) 100vw, 325px\" \/><\/a><\/p>\n<p>&nbsp;<\/p>\n<p style=\"text-align: left;\"><span style=\"font-weight: 400;\">Outra patente foi concedida no dia 15\/06\/2021, a Carta Patente <\/span><span style=\"font-weight: 400;\">n\u00ba BR 102016013674-1, \u201c<\/span><b>MECANISMO DE QUATRO BARRAS COM INCORPORA\u00c7\u00c3O DE ELEMENTO FLEX\u00cdVEL PARA CONTROLE DE ESFOR\u00c7OS\u201d<\/b><span style=\"font-weight: 400;\">.\u00a0\u00a0<\/span><\/p>\n<p style=\"text-align: justify;\"><span style=\"font-weight: 400;\">Inventores: Eng\u00ba. Agr\u00edcola Dr. EDSON LAMBRECHT; <\/span><span style=\"font-weight: 400;\">\u00a0Prof.Dr. \u00c2ngelo Vieira dos Reis; <\/span><span style=\"font-weight: 400;\">\u00a0<\/span><span style=\"font-weight: 400;\">Prof.Dr. Fabr\u00edcio Ardais Medeiros; Prof.Dr. Ant\u00f4nio Lilles Tavares Machado; Prof.Dr. Roberto Lilles Tavares Machado e Prof.Dr. Mauro Fernando Ferreira.<\/span><\/p>\n<p>&nbsp;<\/p>\n<p style=\"text-align: center;\"><a href=\"https:\/\/wp.ufpel.edu.br\/nimeq\/files\/2021\/09\/Carta_Patente_Mecanismo_4_Barras.jpg\"><img loading=\"lazy\" decoding=\"async\" class=\"alignnone wp-image-2094\" src=\"https:\/\/wp.ufpel.edu.br\/nimeq\/files\/2021\/09\/Carta_Patente_Mecanismo_4_Barras-350x400.jpg\" alt=\"\" width=\"389\" height=\"445\" srcset=\"https:\/\/wp.ufpel.edu.br\/nimeq\/files\/2021\/09\/Carta_Patente_Mecanismo_4_Barras-350x400.jpg 350w, https:\/\/wp.ufpel.edu.br\/nimeq\/files\/2021\/09\/Carta_Patente_Mecanismo_4_Barras-175x200.jpg 175w, https:\/\/wp.ufpel.edu.br\/nimeq\/files\/2021\/09\/Carta_Patente_Mecanismo_4_Barras.jpg 637w\" sizes=\"auto, (max-width: 389px) 100vw, 389px\" \/><\/a><\/p>\n<p>&nbsp;<\/p>\n<p style=\"text-align: justify;\"><span style=\"font-weight: 400;\">A mais recente, foi concedida dia 03\/08\/2021, a Carta Patente n\u00ba\u00a0 BR1020130047945, \u201c<\/span><b>R\u00c9GUA DE C\u00c1LCULO PARA CALIBRAGEM DE PULVERIZADORES AGR\u00cdCOLAS<\/b><span style=\"font-weight: 400;\">\u201d.\u00a0<\/span><\/p>\n<p style=\"text-align: justify;\"><span style=\"font-weight: 400;\">Inventores: Prof.Dr. Roberto Lilles Tavares Machado; Prof.Dr. \u00c2ngelo Vieira dos Reis; Prof.Dr. Ant\u00f4nio Lilles Tavares Machado; Prof.Dr. Mauro Fernando Ferreira e Prof.Dr.Fabr\u00edcio Ardais Medeiros.<\/span><\/p>\n<p><a href=\"https:\/\/wp.ufpel.edu.br\/nimeq\/files\/2021\/09\/WhatsApp-Image-2021-09-28-at-20.54.11.jpeg\"><img loading=\"lazy\" decoding=\"async\" class=\"alignnone wp-image-2096 aligncenter\" src=\"https:\/\/wp.ufpel.edu.br\/nimeq\/files\/2021\/09\/WhatsApp-Image-2021-09-28-at-20.54.11-279x400.jpeg\" alt=\"\" width=\"356\" height=\"510\" srcset=\"https:\/\/wp.ufpel.edu.br\/nimeq\/files\/2021\/09\/WhatsApp-Image-2021-09-28-at-20.54.11-279x400.jpeg 279w, https:\/\/wp.ufpel.edu.br\/nimeq\/files\/2021\/09\/WhatsApp-Image-2021-09-28-at-20.54.11-139x200.jpeg 139w, https:\/\/wp.ufpel.edu.br\/nimeq\/files\/2021\/09\/WhatsApp-Image-2021-09-28-at-20.54.11.jpeg 548w\" sizes=\"auto, (max-width: 356px) 100vw, 356px\" \/><\/a><\/p>\n<p>&nbsp;<\/p>\n<p style=\"text-align: justify;\"><span style=\"font-weight: 400;\">Al\u00e9m dessas novas patentes concedidas, o NIMEq j\u00e1 possu\u00eda outras:<\/span><\/p>\n<p style=\"text-align: justify;\"><span style=\"font-weight: 400;\">A primeira Carta Patente do NIMEq,\u00a0 foi obtida em setembro de 2018 para um \u201c<\/span><b>DEBULHADOR MANUAL DE MILHO VERDE<\/b><span style=\"font-weight: 400;\">\u201d,\u00a0 n\u00ba <\/span><span style=\"font-weight: 400;\">BR 1020120011824 A2 .<\/span><\/p>\n<p style=\"text-align: justify;\"><span style=\"font-weight: 400;\">Inventores: Prof.Dr. Ant\u00f4nio Lilles Tavares Machado; Prof.Dr. \u00c2ngelo Vieira dos Reis; Prof.Dr. Roberto Lilles Tavares Machado; Prof.Dr. Roger Toscan Spagnolo; Eng\u00ba. Agr\u00edcola Andr\u00e9 Oldoni; Eng\u00ba. Mec\u00e2nico B\u00f3ris Kluwe <\/span><span style=\"font-weight: 400;\">Niemczewisk<\/span><span style=\"font-weight: 400;\">; Eng\u00ba.Dr. Tiago Vega Cust\u00f3dio.<\/span><\/p>\n<p>&nbsp;<\/p>\n<p style=\"text-align: center;\"><a href=\"https:\/\/wp.ufpel.edu.br\/nimeq\/files\/2021\/09\/3.jpg\"><img loading=\"lazy\" decoding=\"async\" class=\"alignnone size-medium wp-image-2097\" src=\"https:\/\/wp.ufpel.edu.br\/nimeq\/files\/2021\/09\/3-400x282.jpg\" alt=\"\" width=\"400\" height=\"282\" srcset=\"https:\/\/wp.ufpel.edu.br\/nimeq\/files\/2021\/09\/3-400x282.jpg 400w, https:\/\/wp.ufpel.edu.br\/nimeq\/files\/2021\/09\/3-768x541.jpg 768w, https:\/\/wp.ufpel.edu.br\/nimeq\/files\/2021\/09\/3-284x200.jpg 284w, https:\/\/wp.ufpel.edu.br\/nimeq\/files\/2021\/09\/3.jpg 833w\" sizes=\"auto, (max-width: 400px) 100vw, 400px\" \/>\u00a0 \u00a0 \u00a0 \u00a0 \u00a0\u00a0<\/a> <a href=\"https:\/\/wp.ufpel.edu.br\/nimeq\/files\/2021\/09\/nod-1.jpg\"><img loading=\"lazy\" decoding=\"async\" class=\"alignnone wp-image-2098\" src=\"https:\/\/wp.ufpel.edu.br\/nimeq\/files\/2021\/09\/nod-1-284x400.jpg\" alt=\"\" width=\"335\" height=\"472\" srcset=\"https:\/\/wp.ufpel.edu.br\/nimeq\/files\/2021\/09\/nod-1-284x400.jpg 284w, https:\/\/wp.ufpel.edu.br\/nimeq\/files\/2021\/09\/nod-1-142x200.jpg 142w, https:\/\/wp.ufpel.edu.br\/nimeq\/files\/2021\/09\/nod-1.jpg 596w\" sizes=\"auto, (max-width: 335px) 100vw, 335px\" \/><\/a><\/p>\n<p>&nbsp;<\/p>\n<p style=\"text-align: justify;\"><span style=\"font-weight: 400;\">A segunda Carta Patente n\u00ba BR1020120121573, \u201c<\/span><b>DOSADOR DE PALHETAS COM DUAS SA\u00cdDAS DE MATERIAL<\/b><span style=\"font-weight: 400;\">\u201d, oriunda da disserta\u00e7\u00e3o de mestrado da Eng\u00aa. Agr\u00edcola M\u00e1rcia Beatriz Silva Vasconcelos, orientada pelo Prof. \u00c2ngelo Vieira dos Reis, do Programa de P\u00f3s-Gradua\u00e7\u00e3o em Sistemas de Produ\u00e7\u00e3o Agr\u00edcola Familiar.<\/span><\/p>\n<p style=\"text-align: justify;\"><span style=\"font-weight: 400;\">Inventores: Prof.Dr. \u00c2ngelo Vieira dos Reis, Eng\u00aa Agr\u00edcola M\u00e1rcia Beatriz Silva Vasconcelos, Prof.Dr.Roberto Lilles Tavares Machado, Prof.Dr. Ant\u00f4nio Lilles Tavares Machado e\u00a0 Prof.Dr. Mauro Fernando Ferreira.<\/span><\/p>\n<p style=\"text-align: center;\"><a href=\"https:\/\/wp.ufpel.edu.br\/nimeq\/files\/2021\/09\/2.jpg\"><img loading=\"lazy\" decoding=\"async\" class=\"alignnone wp-image-2100\" src=\"https:\/\/wp.ufpel.edu.br\/nimeq\/files\/2021\/09\/2-400x298.jpg\" alt=\"\" width=\"471\" height=\"351\" srcset=\"https:\/\/wp.ufpel.edu.br\/nimeq\/files\/2021\/09\/2-400x298.jpg 400w, https:\/\/wp.ufpel.edu.br\/nimeq\/files\/2021\/09\/2-268x200.jpg 268w, https:\/\/wp.ufpel.edu.br\/nimeq\/files\/2021\/09\/2.jpg 500w\" sizes=\"auto, (max-width: 471px) 100vw, 471px\" \/>\u00a0 \u00a0 \u00a0 <\/a><a href=\"https:\/\/wp.ufpel.edu.br\/nimeq\/files\/2021\/09\/narcia.jpg\"><img loading=\"lazy\" decoding=\"async\" class=\"alignnone wp-image-2099\" src=\"https:\/\/wp.ufpel.edu.br\/nimeq\/files\/2021\/09\/narcia-277x400.jpg\" alt=\"\" width=\"356\" height=\"512\" \/><\/a><\/p>\n<p>&nbsp;<\/p>\n<p style=\"text-align: justify;\"><span style=\"font-weight: 400;\">Desde o ano 2012 o NIMEq tem um total de 13 pedidos de patente, destes j\u00e1 foram concedidos 5 patentes\u00a0 at\u00e9 o ano de 2021.<\/span><\/p>\n<p style=\"text-align: justify;\"><span style=\"font-weight: 400;\">A transfer\u00eancia das tecnologias geradas para empresas vem sendo uma meta constante da equipe do NIMEq, para que o ciclo de projeto se complete e os problemas identificados se transformem em produtos comercializ\u00e1veis capazes de auxiliar na rotina de trabalho dos trabalhadores rurais.<\/span><\/p>\n<p>&nbsp;<\/p>\n","protected":false},"excerpt":{"rendered":"<p>O INPI (Instituto Nacional de Propriedade Industrial) concede novas Patentes a pesquisadores do NIMEq (N\u00facleo de Inova\u00e7\u00e3o em M\u00e1quinas e Equipamentos Agr\u00edcolas), da Universidade Federal de Pelotas.&hellip; <span class=\"read-more\"><a class=\"more-link\" href=\"https:\/\/wp.ufpel.edu.br\/nimeq\/2021\/09\/28\/nimeq-obtem-novas-patentes\/\" rel=\"bookmark\">Leia Mais <span class=\"screen-reader-text\">&#8220;NIMEq obt\u00e9m novas patentes&#8221;<\/span><\/a><\/span><\/p>\n","protected":false},"author":111,"featured_media":2093,"comment_status":"closed","ping_status":"closed","sticky":false,"template":"","format":"standard","meta":{"footnotes":""},"categories":[75079],"tags":[],"class_list":["post-2090","post","type-post","status-publish","format-standard","has-post-thumbnail","hentry","category-post"],"jetpack_featured_media_url":"https:\/\/wp.ufpel.edu.br\/nimeq\/files\/2021\/09\/Mola-Plana-Fig.jpg","publishpress_future_action":{"enabled":false,"date":"2026-05-05 16:58:04","action":"change-status","newStatus":"draft","terms":[],"taxonomy":"category","extraData":[]},"publishpress_future_workflow_manual_trigger":{"enabledWorkflows":[]},"_links":{"self":[{"href":"https:\/\/wp.ufpel.edu.br\/nimeq\/wp-json\/wp\/v2\/posts\/2090","targetHints":{"allow":["GET"]}}],"collection":[{"href":"https:\/\/wp.ufpel.edu.br\/nimeq\/wp-json\/wp\/v2\/posts"}],"about":[{"href":"https:\/\/wp.ufpel.edu.br\/nimeq\/wp-json\/wp\/v2\/types\/post"}],"author":[{"embeddable":true,"href":"https:\/\/wp.ufpel.edu.br\/nimeq\/wp-json\/wp\/v2\/users\/111"}],"replies":[{"embeddable":true,"href":"https:\/\/wp.ufpel.edu.br\/nimeq\/wp-json\/wp\/v2\/comments?post=2090"}],"version-history":[{"count":13,"href":"https:\/\/wp.ufpel.edu.br\/nimeq\/wp-json\/wp\/v2\/posts\/2090\/revisions"}],"predecessor-version":[{"id":2137,"href":"https:\/\/wp.ufpel.edu.br\/nimeq\/wp-json\/wp\/v2\/posts\/2090\/revisions\/2137"}],"wp:featuredmedia":[{"embeddable":true,"href":"https:\/\/wp.ufpel.edu.br\/nimeq\/wp-json\/wp\/v2\/media\/2093"}],"wp:attachment":[{"href":"https:\/\/wp.ufpel.edu.br\/nimeq\/wp-json\/wp\/v2\/media?parent=2090"}],"wp:term":[{"taxonomy":"category","embeddable":true,"href":"https:\/\/wp.ufpel.edu.br\/nimeq\/wp-json\/wp\/v2\/categories?post=2090"},{"taxonomy":"post_tag","embeddable":true,"href":"https:\/\/wp.ufpel.edu.br\/nimeq\/wp-json\/wp\/v2\/tags?post=2090"}],"curies":[{"name":"wp","href":"https:\/\/api.w.org\/{rel}","templated":true}]}}