{"id":1993,"date":"2020-10-26T11:28:54","date_gmt":"2020-10-26T14:28:54","guid":{"rendered":"https:\/\/wp.ufpel.edu.br\/nimeq\/?p=1993"},"modified":"2020-10-26T11:29:55","modified_gmt":"2020-10-26T14:29:55","slug":"novidades-tecnologicas-em-semeadoras","status":"publish","type":"post","link":"https:\/\/wp.ufpel.edu.br\/nimeq\/2020\/10\/26\/novidades-tecnologicas-em-semeadoras\/","title":{"rendered":"Novidades Tecnol\u00f3gicas em Semeadoras"},"content":{"rendered":"<p style=\"text-align: justify\">Na pr\u00f3xima quarta-feira, 28\/10 \u00e0s 18h30, teremos a d\u00e9cima <em>live<\/em> do projeto A\u00e7\u00f5es de Intera\u00e7\u00e3o Cognitiva da \u00c1rea de M\u00e1quinas e Mecaniza\u00e7\u00e3o Agr\u00edcola no \u00e2mbito do COVID -19, com a participa\u00e7\u00e3o de Alex Johann (John Deere Brasil LTDA), falando sobre o que temos de novo em tecnologia em semeadoras, n\u00e3o perca!<\/p>\n<p style=\"text-align: justify\">A transmiss\u00e3o ser\u00e1 ao vivo pela plataforma Webconf da UFPel, atrav\u00e9s do link<a href=\"https:\/\/webconf2.ufpel.edu.br\/b\/pro-fa9-uyg\"> https:\/\/webconf2.ufpel.edu.br\/b\/pro-fa9-uyg<\/a> ou atrav\u00e9s do QRCode dispon\u00edvel na imagem abaixo.<\/p>\n<p style=\"text-align: center\"><a href=\"https:\/\/wp.ufpel.edu.br\/nimeq\/files\/2020\/10\/unnamed.jpg\"><img loading=\"lazy\" decoding=\"async\" class=\"alignnone wp-image-1995\" src=\"https:\/\/wp.ufpel.edu.br\/nimeq\/files\/2020\/10\/unnamed-400x300.jpg\" alt=\"\" width=\"592\" height=\"444\" srcset=\"https:\/\/wp.ufpel.edu.br\/nimeq\/files\/2020\/10\/unnamed-400x300.jpg 400w, https:\/\/wp.ufpel.edu.br\/nimeq\/files\/2020\/10\/unnamed-768x576.jpg 768w, https:\/\/wp.ufpel.edu.br\/nimeq\/files\/2020\/10\/unnamed-267x200.jpg 267w, https:\/\/wp.ufpel.edu.br\/nimeq\/files\/2020\/10\/unnamed.jpg 960w\" sizes=\"auto, (max-width: 592px) 100vw, 592px\" \/><\/a><\/p>\n","protected":false},"excerpt":{"rendered":"<p>Na pr\u00f3xima quarta-feira, 28\/10 \u00e0s 18h30, teremos a d\u00e9cima live do projeto A\u00e7\u00f5es de Intera\u00e7\u00e3o Cognitiva da \u00c1rea de M\u00e1quinas e Mecaniza\u00e7\u00e3o Agr\u00edcola no \u00e2mbito do COVID&hellip; <span class=\"read-more\"><a class=\"more-link\" href=\"https:\/\/wp.ufpel.edu.br\/nimeq\/2020\/10\/26\/novidades-tecnologicas-em-semeadoras\/\" rel=\"bookmark\">Leia Mais <span class=\"screen-reader-text\">&#8220;Novidades Tecnol\u00f3gicas em Semeadoras&#8221;<\/span><\/a><\/span><\/p>\n","protected":false},"author":111,"featured_media":0,"comment_status":"closed","ping_status":"closed","sticky":false,"template":"","format":"standard","meta":{"footnotes":""},"categories":[75079],"tags":[],"class_list":["post-1993","post","type-post","status-publish","format-standard","hentry","category-post"],"jetpack_featured_media_url":"","publishpress_future_action":{"enabled":false,"date":"2026-05-06 12:44:00","action":"change-status","newStatus":"draft","terms":[],"taxonomy":"category","extraData":[]},"publishpress_future_workflow_manual_trigger":{"enabledWorkflows":[]},"_links":{"self":[{"href":"https:\/\/wp.ufpel.edu.br\/nimeq\/wp-json\/wp\/v2\/posts\/1993","targetHints":{"allow":["GET"]}}],"collection":[{"href":"https:\/\/wp.ufpel.edu.br\/nimeq\/wp-json\/wp\/v2\/posts"}],"about":[{"href":"https:\/\/wp.ufpel.edu.br\/nimeq\/wp-json\/wp\/v2\/types\/post"}],"author":[{"embeddable":true,"href":"https:\/\/wp.ufpel.edu.br\/nimeq\/wp-json\/wp\/v2\/users\/111"}],"replies":[{"embeddable":true,"href":"https:\/\/wp.ufpel.edu.br\/nimeq\/wp-json\/wp\/v2\/comments?post=1993"}],"version-history":[{"count":2,"href":"https:\/\/wp.ufpel.edu.br\/nimeq\/wp-json\/wp\/v2\/posts\/1993\/revisions"}],"predecessor-version":[{"id":1997,"href":"https:\/\/wp.ufpel.edu.br\/nimeq\/wp-json\/wp\/v2\/posts\/1993\/revisions\/1997"}],"wp:attachment":[{"href":"https:\/\/wp.ufpel.edu.br\/nimeq\/wp-json\/wp\/v2\/media?parent=1993"}],"wp:term":[{"taxonomy":"category","embeddable":true,"href":"https:\/\/wp.ufpel.edu.br\/nimeq\/wp-json\/wp\/v2\/categories?post=1993"},{"taxonomy":"post_tag","embeddable":true,"href":"https:\/\/wp.ufpel.edu.br\/nimeq\/wp-json\/wp\/v2\/tags?post=1993"}],"curies":[{"name":"wp","href":"https:\/\/api.w.org\/{rel}","templated":true}]}}