{"id":1987,"date":"2020-10-09T15:19:06","date_gmt":"2020-10-09T18:19:06","guid":{"rendered":"https:\/\/wp.ufpel.edu.br\/nimeq\/?p=1987"},"modified":"2020-10-09T15:19:06","modified_gmt":"2020-10-09T18:19:06","slug":"veiculos-autonomos-para-agricultura-familiar","status":"publish","type":"post","link":"https:\/\/wp.ufpel.edu.br\/nimeq\/2020\/10\/09\/veiculos-autonomos-para-agricultura-familiar\/","title":{"rendered":"Ve\u00edculos Aut\u00f4nomos para Agricultura Familiar"},"content":{"rendered":"<p style=\"text-align: justify\">Dando seguimento no projeto A\u00e7\u00f5es de Intera\u00e7\u00e3o Cognitiva da \u00c1rea de M\u00e1quinas e Mecaniza\u00e7\u00e3o Agr\u00edcola no \u00e2mbito do COVID -19, na pr\u00f3xima quarta-feira 14\/10, \u00e0s 18h30, teremos na <em>live<\/em> as participa\u00e7\u00f5es dos Prof. Dr. Tiago Francetto (UFSM) e do Prof. Dr. Paulo Drews Jr (FURG).<\/p>\n<p style=\"text-align: justify\">A transmiss\u00e3o ser\u00e1 ao vivo pela plataforma Webconf da UFPel, atrav\u00e9s do link:<a href=\"https:\/\/webconf2.ufpel.edu.br\/b\/pro-f2m-d64\"> https:\/\/webconf2.ufpel.edu.br\/b\/pro-f2m-d64<\/a>\u00a0ou atrav\u00e9s do QRCode dispon\u00edvel na imagem abaixo.<\/p>\n<p><a href=\"https:\/\/wp.ufpel.edu.br\/nimeq\/files\/2020\/10\/mijghgvbhmkl.jpeg\"><img loading=\"lazy\" decoding=\"async\" class=\"wp-image-1989 aligncenter\" src=\"https:\/\/wp.ufpel.edu.br\/nimeq\/files\/2020\/10\/mijghgvbhmkl-400x300.jpeg\" alt=\"\" width=\"557\" height=\"418\" srcset=\"https:\/\/wp.ufpel.edu.br\/nimeq\/files\/2020\/10\/mijghgvbhmkl-400x300.jpeg 400w, https:\/\/wp.ufpel.edu.br\/nimeq\/files\/2020\/10\/mijghgvbhmkl-768x576.jpeg 768w, https:\/\/wp.ufpel.edu.br\/nimeq\/files\/2020\/10\/mijghgvbhmkl-267x200.jpeg 267w, https:\/\/wp.ufpel.edu.br\/nimeq\/files\/2020\/10\/mijghgvbhmkl.jpeg 960w\" sizes=\"auto, (max-width: 557px) 100vw, 557px\" \/><\/a><\/p>\n","protected":false},"excerpt":{"rendered":"<p>Dando seguimento no projeto A\u00e7\u00f5es de Intera\u00e7\u00e3o Cognitiva da \u00c1rea de M\u00e1quinas e Mecaniza\u00e7\u00e3o Agr\u00edcola no \u00e2mbito do COVID -19, na pr\u00f3xima quarta-feira 14\/10, \u00e0s 18h30, teremos&hellip; <span class=\"read-more\"><a class=\"more-link\" href=\"https:\/\/wp.ufpel.edu.br\/nimeq\/2020\/10\/09\/veiculos-autonomos-para-agricultura-familiar\/\" rel=\"bookmark\">Leia Mais <span class=\"screen-reader-text\">&#8220;Ve\u00edculos Aut\u00f4nomos para Agricultura Familiar&#8221;<\/span><\/a><\/span><\/p>\n","protected":false},"author":111,"featured_media":0,"comment_status":"closed","ping_status":"closed","sticky":false,"template":"","format":"standard","meta":{"footnotes":""},"categories":[75079],"tags":[],"class_list":["post-1987","post","type-post","status-publish","format-standard","hentry","category-post"],"jetpack_featured_media_url":"","publishpress_future_action":{"enabled":false,"date":"2026-05-07 04:35:18","action":"change-status","newStatus":"draft","terms":[],"taxonomy":"category","extraData":[]},"publishpress_future_workflow_manual_trigger":{"enabledWorkflows":[]},"_links":{"self":[{"href":"https:\/\/wp.ufpel.edu.br\/nimeq\/wp-json\/wp\/v2\/posts\/1987","targetHints":{"allow":["GET"]}}],"collection":[{"href":"https:\/\/wp.ufpel.edu.br\/nimeq\/wp-json\/wp\/v2\/posts"}],"about":[{"href":"https:\/\/wp.ufpel.edu.br\/nimeq\/wp-json\/wp\/v2\/types\/post"}],"author":[{"embeddable":true,"href":"https:\/\/wp.ufpel.edu.br\/nimeq\/wp-json\/wp\/v2\/users\/111"}],"replies":[{"embeddable":true,"href":"https:\/\/wp.ufpel.edu.br\/nimeq\/wp-json\/wp\/v2\/comments?post=1987"}],"version-history":[{"count":2,"href":"https:\/\/wp.ufpel.edu.br\/nimeq\/wp-json\/wp\/v2\/posts\/1987\/revisions"}],"predecessor-version":[{"id":1991,"href":"https:\/\/wp.ufpel.edu.br\/nimeq\/wp-json\/wp\/v2\/posts\/1987\/revisions\/1991"}],"wp:attachment":[{"href":"https:\/\/wp.ufpel.edu.br\/nimeq\/wp-json\/wp\/v2\/media?parent=1987"}],"wp:term":[{"taxonomy":"category","embeddable":true,"href":"https:\/\/wp.ufpel.edu.br\/nimeq\/wp-json\/wp\/v2\/categories?post=1987"},{"taxonomy":"post_tag","embeddable":true,"href":"https:\/\/wp.ufpel.edu.br\/nimeq\/wp-json\/wp\/v2\/tags?post=1987"}],"curies":[{"name":"wp","href":"https:\/\/api.w.org\/{rel}","templated":true}]}}