{"id":568,"date":"2020-05-22T11:28:12","date_gmt":"2020-05-22T14:28:12","guid":{"rendered":"https:\/\/wp.ufpel.edu.br\/nepsi\/?p=568"},"modified":"2020-06-10T23:42:50","modified_gmt":"2020-06-11T02:42:50","slug":"568","status":"publish","type":"post","link":"https:\/\/wp.ufpel.edu.br\/nepsi\/2020\/05\/22\/568\/","title":{"rendered":"Webinar &#8211; Instrumentos de Avalia\u00e7\u00e3o do Desenvolvimento da Crian\u00e7a&#8221;"},"content":{"rendered":"<p>Ontem (21\/05) aconteceu o segundo #webinar da s\u00e9rie sobre #parentalidade &#8211; organizado pela Funda\u00e7\u00e3o Maria Cecilia Souto Vidigal com apoio do Ita\u00fa Social.<\/p>\n<p>A pauta foi sobre &#8220;Instrumentos de Avalia\u00e7\u00e3o do Desenvolvimento da Crian\u00e7a&#8221;, com participa\u00e7\u00e3o do coordenador do NEPSI-UFPEL, Tiago N Munhoz (Universidade Federal de Pelotas (UFPel), Claudia Regina Lindgren Alves (UFMG &#8211; Universidade Federal de Minas Gerais), Elisa Rachel Pisani Altafim (USP &#8211; Universidade de S\u00e3o Paulo e FMCSV) e modera\u00e7\u00e3o de Maria Beatriz Martins Linhares (USP).<\/p>\n<p>A apresenta\u00e7\u00e3o est\u00e1 dispon\u00edvel na integra no Facebook<\/p>\n<div class=\"fb-video\" data-allowfullscreen=\"true\" data-href=\"https:\/\/www.facebook.com\/FundacaoMariaCeciliaSoutoVidigal\/videos\/1313534962168764\/\" style=\"background-color: #fff; display: inline-block;\"><\/div>\n<p>#primeirainfancia #ncpi #desenvolvimentoinfantil<\/p>\n","protected":false},"excerpt":{"rendered":"<p>Ontem (21\/05) aconteceu o segundo #webinar da s\u00e9rie sobre #parentalidade &#8211; organizado pela Funda\u00e7\u00e3o Maria Cecilia Souto Vidigal com apoio do Ita\u00fa Social. A pauta foi sobre &#8220;Instrumentos de Avalia\u00e7\u00e3o do Desenvolvimento da Crian\u00e7a&#8221;, com participa\u00e7\u00e3o do coordenador do NEPSI-UFPEL, Tiago N Munhoz (Universidade Federal de Pelotas (UFPel), Claudia Regina Lindgren Alves (UFMG &#8211; Universidade [&hellip;]<\/p>\n","protected":false},"author":807,"featured_media":0,"comment_status":"closed","ping_status":"closed","sticky":false,"template":"","format":"standard","meta":{"jetpack_post_was_ever_published":false,"_jetpack_newsletter_access":"","_jetpack_dont_email_post_to_subs":false,"_jetpack_newsletter_tier_id":0,"_jetpack_memberships_contains_paywalled_content":false,"_jetpack_memberships_contains_paid_content":false,"footnotes":"","jetpack_publicize_message":"","jetpack_publicize_feature_enabled":true,"jetpack_social_post_already_shared":true,"jetpack_social_options":{"image_generator_settings":{"template":"highway","default_image_id":0,"font":"","enabled":false},"version":2}},"categories":[1],"tags":[],"class_list":["post-568","post","type-post","status-publish","format-standard","hentry","category-noticias"],"yoast_head":"<!-- This site is optimized with the Yoast SEO plugin v26.7 - https:\/\/yoast.com\/wordpress\/plugins\/seo\/ -->\n<title>Webinar - Instrumentos de Avalia\u00e7\u00e3o do Desenvolvimento da Crian\u00e7a&quot; -<\/title>\n<meta name=\"robots\" content=\"index, follow, max-snippet:-1, max-image-preview:large, max-video-preview:-1\" \/>\n<link rel=\"canonical\" href=\"https:\/\/wp.ufpel.edu.br\/nepsi\/2020\/05\/22\/568\/\" \/>\n<meta property=\"og:locale\" content=\"pt_BR\" \/>\n<meta property=\"og:type\" content=\"article\" \/>\n<meta property=\"og:title\" content=\"Webinar - Instrumentos de Avalia\u00e7\u00e3o do Desenvolvimento da Crian\u00e7a&quot; -\" \/>\n<meta property=\"og:description\" content=\"Ontem (21\/05) aconteceu o segundo #webinar da s\u00e9rie sobre #parentalidade &#8211; organizado pela Funda\u00e7\u00e3o Maria Cecilia Souto Vidigal com apoio do Ita\u00fa Social. A pauta foi sobre &#8220;Instrumentos de Avalia\u00e7\u00e3o do Desenvolvimento da Crian\u00e7a&#8221;, com participa\u00e7\u00e3o do coordenador do NEPSI-UFPEL, Tiago N Munhoz (Universidade Federal de Pelotas (UFPel), Claudia Regina Lindgren Alves (UFMG &#8211; Universidade [&hellip;]\" \/>\n<meta property=\"og:url\" content=\"https:\/\/wp.ufpel.edu.br\/nepsi\/2020\/05\/22\/568\/\" \/>\n<meta property=\"article:publisher\" content=\"https:\/\/www.facebook.com\/ufpel.nepsi\/\" \/>\n<meta property=\"article:author\" content=\"https:\/\/www.facebook.com\/ufpel.nepsi\" \/>\n<meta property=\"article:published_time\" content=\"2020-05-22T14:28:12+00:00\" \/>\n<meta property=\"article:modified_time\" content=\"2020-06-11T02:42:50+00:00\" \/>\n<meta property=\"og:image\" content=\"https:\/\/i0.wp.com\/wp.ufpel.edu.br\/nepsi\/files\/2020\/06\/MINIATURAS-LARANJA-1.png?fit=867%2C715&ssl=1\" \/>\n\t<meta property=\"og:image:width\" content=\"867\" \/>\n\t<meta property=\"og:image:height\" content=\"715\" \/>\n\t<meta property=\"og:image:type\" content=\"image\/png\" \/>\n<meta name=\"author\" content=\"nepsi\" \/>\n<meta name=\"twitter:card\" content=\"summary_large_image\" \/>\n<meta name=\"twitter:creator\" content=\"@ufpel_nepsi\" \/>\n<meta name=\"twitter:site\" content=\"@ufpel_nepsi\" \/>\n<meta name=\"twitter:label1\" content=\"Escrito por\" \/>\n\t<meta name=\"twitter:data1\" content=\"nepsi\" \/>\n\t<meta name=\"twitter:label2\" content=\"Est. tempo de leitura\" \/>\n\t<meta name=\"twitter:data2\" content=\"1 minuto\" \/>\n<script type=\"application\/ld+json\" class=\"yoast-schema-graph\">{\"@context\":\"https:\/\/schema.org\",\"@graph\":[{\"@type\":\"Article\",\"@id\":\"https:\/\/wp.ufpel.edu.br\/nepsi\/2020\/05\/22\/568\/#article\",\"isPartOf\":{\"@id\":\"https:\/\/wp.ufpel.edu.br\/nepsi\/2020\/05\/22\/568\/\"},\"author\":{\"name\":\"nepsi\",\"@id\":\"https:\/\/wp.ufpel.edu.br\/nepsi\/#\/schema\/person\/265f7a768f0856c302a262ef85682717\"},\"headline\":\"Webinar &#8211; Instrumentos de Avalia\u00e7\u00e3o do Desenvolvimento da Crian\u00e7a&#8221;\",\"datePublished\":\"2020-05-22T14:28:12+00:00\",\"dateModified\":\"2020-06-11T02:42:50+00:00\",\"mainEntityOfPage\":{\"@id\":\"https:\/\/wp.ufpel.edu.br\/nepsi\/2020\/05\/22\/568\/\"},\"wordCount\":115,\"publisher\":{\"@id\":\"https:\/\/wp.ufpel.edu.br\/nepsi\/#organization\"},\"articleSection\":[\"Not\u00edcias\"],\"inLanguage\":\"pt-BR\"},{\"@type\":\"WebPage\",\"@id\":\"https:\/\/wp.ufpel.edu.br\/nepsi\/2020\/05\/22\/568\/\",\"url\":\"https:\/\/wp.ufpel.edu.br\/nepsi\/2020\/05\/22\/568\/\",\"name\":\"Webinar - Instrumentos de Avalia\u00e7\u00e3o do Desenvolvimento da Crian\u00e7a\\\" -\",\"isPartOf\":{\"@id\":\"https:\/\/wp.ufpel.edu.br\/nepsi\/#website\"},\"datePublished\":\"2020-05-22T14:28:12+00:00\",\"dateModified\":\"2020-06-11T02:42:50+00:00\",\"breadcrumb\":{\"@id\":\"https:\/\/wp.ufpel.edu.br\/nepsi\/2020\/05\/22\/568\/#breadcrumb\"},\"inLanguage\":\"pt-BR\",\"potentialAction\":[{\"@type\":\"ReadAction\",\"target\":[\"https:\/\/wp.ufpel.edu.br\/nepsi\/2020\/05\/22\/568\/\"]}]},{\"@type\":\"BreadcrumbList\",\"@id\":\"https:\/\/wp.ufpel.edu.br\/nepsi\/2020\/05\/22\/568\/#breadcrumb\",\"itemListElement\":[{\"@type\":\"ListItem\",\"position\":1,\"name\":\"In\u00edcio\",\"item\":\"https:\/\/wp.ufpel.edu.br\/nepsi\/\"},{\"@type\":\"ListItem\",\"position\":2,\"name\":\"Webinar &#8211; Instrumentos de Avalia\u00e7\u00e3o do Desenvolvimento da Crian\u00e7a&#8221;\"}]},{\"@type\":\"WebSite\",\"@id\":\"https:\/\/wp.ufpel.edu.br\/nepsi\/#website\",\"url\":\"https:\/\/wp.ufpel.edu.br\/nepsi\/\",\"name\":\"\",\"description\":\"Coordena\u00e7\u00e3o: Prof. Tiago Neuenfeld Munhoz\",\"publisher\":{\"@id\":\"https:\/\/wp.ufpel.edu.br\/nepsi\/#organization\"},\"potentialAction\":[{\"@type\":\"SearchAction\",\"target\":{\"@type\":\"EntryPoint\",\"urlTemplate\":\"https:\/\/wp.ufpel.edu.br\/nepsi\/?s={search_term_string}\"},\"query-input\":{\"@type\":\"PropertyValueSpecification\",\"valueRequired\":true,\"valueName\":\"search_term_string\"}}],\"inLanguage\":\"pt-BR\"},{\"@type\":\"Organization\",\"@id\":\"https:\/\/wp.ufpel.edu.br\/nepsi\/#organization\",\"name\":\"N\u00facleo de Estudos, Pesquisas e Interven\u00e7\u00f5es em Sa\u00fade Mental, Cogni\u00e7\u00e3o e Comportamento\",\"url\":\"https:\/\/wp.ufpel.edu.br\/nepsi\/\",\"logo\":{\"@type\":\"ImageObject\",\"inLanguage\":\"pt-BR\",\"@id\":\"https:\/\/wp.ufpel.edu.br\/nepsi\/#\/schema\/logo\/image\/\",\"url\":\"https:\/\/i2.wp.com\/wp.ufpel.edu.br\/nepsi\/files\/2020\/06\/NEPSI-22-1.jpg?fit=632%2C591&ssl=1\",\"contentUrl\":\"https:\/\/i2.wp.com\/wp.ufpel.edu.br\/nepsi\/files\/2020\/06\/NEPSI-22-1.jpg?fit=632%2C591&ssl=1\",\"width\":632,\"height\":591,\"caption\":\"N\u00facleo de Estudos, Pesquisas e Interven\u00e7\u00f5es em Sa\u00fade Mental, Cogni\u00e7\u00e3o e Comportamento\"},\"image\":{\"@id\":\"https:\/\/wp.ufpel.edu.br\/nepsi\/#\/schema\/logo\/image\/\"},\"sameAs\":[\"https:\/\/www.facebook.com\/ufpel.nepsi\/\",\"https:\/\/x.com\/ufpel_nepsi\",\"https:\/\/www.instagram.com\/ufpel_nepsi\",\"https:\/\/www.youtube.com\/channel\/UCMFJAGTPIQf5MMjvJCDyPDw\"]},{\"@type\":\"Person\",\"@id\":\"https:\/\/wp.ufpel.edu.br\/nepsi\/#\/schema\/person\/265f7a768f0856c302a262ef85682717\",\"name\":\"nepsi\",\"image\":{\"@type\":\"ImageObject\",\"inLanguage\":\"pt-BR\",\"@id\":\"https:\/\/wp.ufpel.edu.br\/nepsi\/#\/schema\/person\/image\/\",\"url\":\"https:\/\/secure.gravatar.com\/avatar\/e008e3cefbbe4bdab7890f2e6f4d9f2530b8924390d124b9823f58302461bfd2?s=96&d=mm&r=g\",\"contentUrl\":\"https:\/\/secure.gravatar.com\/avatar\/e008e3cefbbe4bdab7890f2e6f4d9f2530b8924390d124b9823f58302461bfd2?s=96&d=mm&r=g\",\"caption\":\"nepsi\"},\"sameAs\":[\"https:\/\/wp.ufpel.edu.br\/nepsi\/\",\"https:\/\/www.facebook.com\/ufpel.nepsi\",\"https:\/\/www.instagram.com\/ufpel_nepsi\/\",\"https:\/\/x.com\/ufpel_nepsi\",\"https:\/\/www.youtube.com\/channel\/UCMFJAGTPIQf5MMjvJCDyPDw\",\"https:\/\/nepsi-ufpel.tumblr.com\/\"]}]}<\/script>\n<!-- \/ Yoast SEO plugin. -->","yoast_head_json":{"title":"Webinar - Instrumentos de Avalia\u00e7\u00e3o do Desenvolvimento da Crian\u00e7a\" -","robots":{"index":"index","follow":"follow","max-snippet":"max-snippet:-1","max-image-preview":"max-image-preview:large","max-video-preview":"max-video-preview:-1"},"canonical":"https:\/\/wp.ufpel.edu.br\/nepsi\/2020\/05\/22\/568\/","og_locale":"pt_BR","og_type":"article","og_title":"Webinar - Instrumentos de Avalia\u00e7\u00e3o do Desenvolvimento da Crian\u00e7a\" -","og_description":"Ontem (21\/05) aconteceu o segundo #webinar da s\u00e9rie sobre #parentalidade &#8211; organizado pela Funda\u00e7\u00e3o Maria Cecilia Souto Vidigal com apoio do Ita\u00fa Social. A pauta foi sobre &#8220;Instrumentos de Avalia\u00e7\u00e3o do Desenvolvimento da Crian\u00e7a&#8221;, com participa\u00e7\u00e3o do coordenador do NEPSI-UFPEL, Tiago N Munhoz (Universidade Federal de Pelotas (UFPel), Claudia Regina Lindgren Alves (UFMG &#8211; Universidade [&hellip;]","og_url":"https:\/\/wp.ufpel.edu.br\/nepsi\/2020\/05\/22\/568\/","article_publisher":"https:\/\/www.facebook.com\/ufpel.nepsi\/","article_author":"https:\/\/www.facebook.com\/ufpel.nepsi","article_published_time":"2020-05-22T14:28:12+00:00","article_modified_time":"2020-06-11T02:42:50+00:00","og_image":[{"width":867,"height":715,"url":"https:\/\/i0.wp.com\/wp.ufpel.edu.br\/nepsi\/files\/2020\/06\/MINIATURAS-LARANJA-1.png?fit=867%2C715&ssl=1","type":"image\/png"}],"author":"nepsi","twitter_card":"summary_large_image","twitter_creator":"@ufpel_nepsi","twitter_site":"@ufpel_nepsi","twitter_misc":{"Escrito por":"nepsi","Est. tempo de leitura":"1 minuto"},"schema":{"@context":"https:\/\/schema.org","@graph":[{"@type":"Article","@id":"https:\/\/wp.ufpel.edu.br\/nepsi\/2020\/05\/22\/568\/#article","isPartOf":{"@id":"https:\/\/wp.ufpel.edu.br\/nepsi\/2020\/05\/22\/568\/"},"author":{"name":"nepsi","@id":"https:\/\/wp.ufpel.edu.br\/nepsi\/#\/schema\/person\/265f7a768f0856c302a262ef85682717"},"headline":"Webinar &#8211; Instrumentos de Avalia\u00e7\u00e3o do Desenvolvimento da Crian\u00e7a&#8221;","datePublished":"2020-05-22T14:28:12+00:00","dateModified":"2020-06-11T02:42:50+00:00","mainEntityOfPage":{"@id":"https:\/\/wp.ufpel.edu.br\/nepsi\/2020\/05\/22\/568\/"},"wordCount":115,"publisher":{"@id":"https:\/\/wp.ufpel.edu.br\/nepsi\/#organization"},"articleSection":["Not\u00edcias"],"inLanguage":"pt-BR"},{"@type":"WebPage","@id":"https:\/\/wp.ufpel.edu.br\/nepsi\/2020\/05\/22\/568\/","url":"https:\/\/wp.ufpel.edu.br\/nepsi\/2020\/05\/22\/568\/","name":"Webinar - Instrumentos de Avalia\u00e7\u00e3o do Desenvolvimento da Crian\u00e7a\" -","isPartOf":{"@id":"https:\/\/wp.ufpel.edu.br\/nepsi\/#website"},"datePublished":"2020-05-22T14:28:12+00:00","dateModified":"2020-06-11T02:42:50+00:00","breadcrumb":{"@id":"https:\/\/wp.ufpel.edu.br\/nepsi\/2020\/05\/22\/568\/#breadcrumb"},"inLanguage":"pt-BR","potentialAction":[{"@type":"ReadAction","target":["https:\/\/wp.ufpel.edu.br\/nepsi\/2020\/05\/22\/568\/"]}]},{"@type":"BreadcrumbList","@id":"https:\/\/wp.ufpel.edu.br\/nepsi\/2020\/05\/22\/568\/#breadcrumb","itemListElement":[{"@type":"ListItem","position":1,"name":"In\u00edcio","item":"https:\/\/wp.ufpel.edu.br\/nepsi\/"},{"@type":"ListItem","position":2,"name":"Webinar &#8211; Instrumentos de Avalia\u00e7\u00e3o do Desenvolvimento da Crian\u00e7a&#8221;"}]},{"@type":"WebSite","@id":"https:\/\/wp.ufpel.edu.br\/nepsi\/#website","url":"https:\/\/wp.ufpel.edu.br\/nepsi\/","name":"","description":"Coordena\u00e7\u00e3o: Prof. Tiago Neuenfeld Munhoz","publisher":{"@id":"https:\/\/wp.ufpel.edu.br\/nepsi\/#organization"},"potentialAction":[{"@type":"SearchAction","target":{"@type":"EntryPoint","urlTemplate":"https:\/\/wp.ufpel.edu.br\/nepsi\/?s={search_term_string}"},"query-input":{"@type":"PropertyValueSpecification","valueRequired":true,"valueName":"search_term_string"}}],"inLanguage":"pt-BR"},{"@type":"Organization","@id":"https:\/\/wp.ufpel.edu.br\/nepsi\/#organization","name":"N\u00facleo de Estudos, Pesquisas e Interven\u00e7\u00f5es em Sa\u00fade Mental, Cogni\u00e7\u00e3o e Comportamento","url":"https:\/\/wp.ufpel.edu.br\/nepsi\/","logo":{"@type":"ImageObject","inLanguage":"pt-BR","@id":"https:\/\/wp.ufpel.edu.br\/nepsi\/#\/schema\/logo\/image\/","url":"https:\/\/i2.wp.com\/wp.ufpel.edu.br\/nepsi\/files\/2020\/06\/NEPSI-22-1.jpg?fit=632%2C591&ssl=1","contentUrl":"https:\/\/i2.wp.com\/wp.ufpel.edu.br\/nepsi\/files\/2020\/06\/NEPSI-22-1.jpg?fit=632%2C591&ssl=1","width":632,"height":591,"caption":"N\u00facleo de Estudos, Pesquisas e Interven\u00e7\u00f5es em Sa\u00fade Mental, Cogni\u00e7\u00e3o e Comportamento"},"image":{"@id":"https:\/\/wp.ufpel.edu.br\/nepsi\/#\/schema\/logo\/image\/"},"sameAs":["https:\/\/www.facebook.com\/ufpel.nepsi\/","https:\/\/x.com\/ufpel_nepsi","https:\/\/www.instagram.com\/ufpel_nepsi","https:\/\/www.youtube.com\/channel\/UCMFJAGTPIQf5MMjvJCDyPDw"]},{"@type":"Person","@id":"https:\/\/wp.ufpel.edu.br\/nepsi\/#\/schema\/person\/265f7a768f0856c302a262ef85682717","name":"nepsi","image":{"@type":"ImageObject","inLanguage":"pt-BR","@id":"https:\/\/wp.ufpel.edu.br\/nepsi\/#\/schema\/person\/image\/","url":"https:\/\/secure.gravatar.com\/avatar\/e008e3cefbbe4bdab7890f2e6f4d9f2530b8924390d124b9823f58302461bfd2?s=96&d=mm&r=g","contentUrl":"https:\/\/secure.gravatar.com\/avatar\/e008e3cefbbe4bdab7890f2e6f4d9f2530b8924390d124b9823f58302461bfd2?s=96&d=mm&r=g","caption":"nepsi"},"sameAs":["https:\/\/wp.ufpel.edu.br\/nepsi\/","https:\/\/www.facebook.com\/ufpel.nepsi","https:\/\/www.instagram.com\/ufpel_nepsi\/","https:\/\/x.com\/ufpel_nepsi","https:\/\/www.youtube.com\/channel\/UCMFJAGTPIQf5MMjvJCDyPDw","https:\/\/nepsi-ufpel.tumblr.com\/"]}]}},"jetpack_publicize_connections":[],"jetpack_featured_media_url":"","jetpack_sharing_enabled":true,"jetpack_shortlink":"https:\/\/wp.me\/s9iCrQ-568","jetpack_likes_enabled":true,"jetpack-related-posts":[{"id":1936,"url":"https:\/\/wp.ufpel.edu.br\/nepsi\/2022\/05\/17\/nepsi-e-ppg-psicologia-furg-realizarao-pesquisa-financiada-pela-capes\/","url_meta":{"origin":568,"position":0},"title":"NEPSI e PPG Psicologia FURG realizar\u00e3o pesquisa financiada pela CAPES","author":"nepsi","date":"17\/05\/2022","format":false,"excerpt":"Proposta liderada pelo professor Tiago Neuenfeld Munhoz foi contemplada com bolsas de P\u00f3s-Gradua\u00e7\u00e3o e recursos de custeio da CAPES. O professor Mateus Luz Levandowski e colegas de outras institui\u00e7\u00f5es tamb\u00e9m far\u00e3o parte do projeto. A proposta se insere no contexto social de avalia\u00e7\u00e3o da popula\u00e7\u00e3o participante de programas de transfer\u00eancia\u2026","rel":"","context":"Em &quot;Not\u00edcias&quot;","block_context":{"text":"Not\u00edcias","link":"https:\/\/wp.ufpel.edu.br\/nepsi\/category\/noticias\/"},"img":{"alt_text":"","src":"https:\/\/i0.wp.com\/wp.ufpel.edu.br\/nepsi\/files\/2022\/05\/280925495_325453839702890_8872415722719550842_n.jpg?resize=350%2C200&ssl=1","width":350,"height":200,"srcset":"https:\/\/i0.wp.com\/wp.ufpel.edu.br\/nepsi\/files\/2022\/05\/280925495_325453839702890_8872415722719550842_n.jpg?resize=350%2C200&ssl=1 1x, https:\/\/i0.wp.com\/wp.ufpel.edu.br\/nepsi\/files\/2022\/05\/280925495_325453839702890_8872415722719550842_n.jpg?resize=525%2C300&ssl=1 1.5x, https:\/\/i0.wp.com\/wp.ufpel.edu.br\/nepsi\/files\/2022\/05\/280925495_325453839702890_8872415722719550842_n.jpg?resize=700%2C400&ssl=1 2x, https:\/\/i0.wp.com\/wp.ufpel.edu.br\/nepsi\/files\/2022\/05\/280925495_325453839702890_8872415722719550842_n.jpg?resize=1050%2C600&ssl=1 3x"},"classes":[]},{"id":1742,"url":"https:\/\/wp.ufpel.edu.br\/nepsi\/2021\/10\/04\/nepsi-participou-da-capacitacao-de-equipes-da-etapa-final-de-avaliacao-do-programa-crianca-feliz\/","url_meta":{"origin":568,"position":1},"title":"NEPSI participou da capacita\u00e7\u00e3o de equipes da etapa final de avalia\u00e7\u00e3o do Programa Crian\u00e7a Feliz","author":"nepsi","date":"04\/10\/2021","format":false,"excerpt":"O Programa de P\u00f3s-Gradua\u00e7\u00e3o em Epidemiologia da Universidade Federal de Pelotas (PPGEpi\/UFPel), em parceria com seis universidades brasileiras, coordena a capacita\u00e7\u00e3o de entrevistadores do estudo que ir\u00e1 avaliar o impacto do programa Crian\u00e7a Feliz, do governo federal, sobre o desenvolvimento infantil. O treinamento das equipes teve in\u00edcio na segunda-feira (20)\u2026","rel":"","context":"Em &quot;Not\u00edcias&quot;","block_context":{"text":"Not\u00edcias","link":"https:\/\/wp.ufpel.edu.br\/nepsi\/category\/noticias\/"},"img":{"alt_text":"","src":"https:\/\/i0.wp.com\/wp.ufpel.edu.br\/nepsi\/files\/2021\/10\/PCF.png?resize=350%2C200&ssl=1","width":350,"height":200,"srcset":"https:\/\/i0.wp.com\/wp.ufpel.edu.br\/nepsi\/files\/2021\/10\/PCF.png?resize=350%2C200&ssl=1 1x, https:\/\/i0.wp.com\/wp.ufpel.edu.br\/nepsi\/files\/2021\/10\/PCF.png?resize=525%2C300&ssl=1 1.5x, https:\/\/i0.wp.com\/wp.ufpel.edu.br\/nepsi\/files\/2021\/10\/PCF.png?resize=700%2C400&ssl=1 2x, https:\/\/i0.wp.com\/wp.ufpel.edu.br\/nepsi\/files\/2021\/10\/PCF.png?resize=1050%2C600&ssl=1 3x"},"classes":[]},{"id":321,"url":"https:\/\/wp.ufpel.edu.br\/nepsi\/2018\/06\/16\/coordenador-do-nepsi-participa-de-capacitacao-da-pesquisa-de-avaliacao-do-impacto-do-programa-crianca-feliz\/","url_meta":{"origin":568,"position":2},"title":"Coordenador do NEPSI participa de capacita\u00e7\u00e3o da pesquisa de Avalia\u00e7\u00e3o do Impacto do Programa Crian\u00e7a Feliz","author":"nepsi","date":"16\/06\/2018","format":false,"excerpt":"Entre os dias 11 e 15 de junho de 2018 o professor do curso de Psicologia da UFPEL, Tiago N Munhoz (coordenador do NEPSI), participou do treinamento dos entrevistadores da pesquisa Avalia\u00e7\u00e3o do Impacto do Programa Crian\u00e7a Feliz. O professor tem trabalhado desde novembro de 2016 conjuntamente com os professores\u2026","rel":"","context":"Em &quot;Not\u00edcias&quot;","block_context":{"text":"Not\u00edcias","link":"https:\/\/wp.ufpel.edu.br\/nepsi\/category\/noticias\/"},"img":{"alt_text":"","src":"https:\/\/i0.wp.com\/wp.ufpel.edu.br\/nepsi\/files\/2018\/06\/Noticias_MDSA-400x267.jpeg?resize=350%2C200&ssl=1","width":350,"height":200},"classes":[]},{"id":149,"url":"https:\/\/wp.ufpel.edu.br\/nepsi\/2017\/11\/12\/apresentacao\/","url_meta":{"origin":568,"position":3},"title":"Apresenta\u00e7\u00e3o","author":"nepsi","date":"12\/11\/2017","format":false,"excerpt":"O N\u00facleo de Estudos, Pesquisas e Interven\u00e7\u00f5es em Sa\u00fade Mental, Cogni\u00e7\u00e3o e Comportamento (NEPSI) da Universidade Federal de Pelotas tem como objetivo produzir conhecimento cient\u00edfico e realizar a integra\u00e7\u00e3o deste conhecimento com interven\u00e7\u00f5es \u00e0 comunidade. Ensino: disciplinas relacionadas ao NEPSI ofertadas no curso de Gradua\u00e7\u00e3o em Psicologia da UFPEL. Pesquisas\u2026","rel":"","context":"Em &quot;Not\u00edcias&quot;","block_context":{"text":"Not\u00edcias","link":"https:\/\/wp.ufpel.edu.br\/nepsi\/category\/noticias\/"},"img":{"alt_text":"","src":"","width":0,"height":0},"classes":[]},{"id":620,"url":"https:\/\/wp.ufpel.edu.br\/nepsi\/2020\/06\/08\/pesquisa-online-praticas-parentais-e-distanciamento-social-no-brasil\/","url_meta":{"origin":568,"position":4},"title":"Pesquisa Online: Pr\u00e1ticas Parentais e distanciamento social no Brasil","author":"nepsi","date":"08\/06\/2020","format":false,"excerpt":"Durante a pandemia do novo coronavirus (SARS-CoV-2) as rela\u00e7\u00f5es sociais, especialmente as atividades de trabalho e ensino, sofreram grandes transforma\u00e7\u00f5es. Ser\u00e1 que estas transforma\u00e7\u00f5es afetaram as rela\u00e7\u00f5es entre crian\u00e7as, adolescentes e seus pais\/cuidadores? Para responder essa pergunta, os professores do curso de Psicologia da Universidade Federal de Pelotas (UFPel), Tiago\u2026","rel":"","context":"Em &quot;Not\u00edcias&quot;","block_context":{"text":"Not\u00edcias","link":"https:\/\/wp.ufpel.edu.br\/nepsi\/category\/noticias\/"},"img":{"alt_text":"","src":"https:\/\/i0.wp.com\/wp.ufpel.edu.br\/nepsi\/files\/2020\/06\/Pesquisa_Praticas_Parentais_UFPEL_Divulgacao.jpg?resize=350%2C200&ssl=1","width":350,"height":200},"classes":[]},{"id":2347,"url":"https:\/\/wp.ufpel.edu.br\/nepsi\/2024\/01\/17\/nepsi-seleciona-entrevistadores\/","url_meta":{"origin":568,"position":5},"title":"NEPSI seleciona entrevistadores","author":"nepsi","date":"17\/01\/2024","format":false,"excerpt":"A Universidade Federal de Pelotas, por meio do N\u00facleo de Sa\u00fade Mental, Cogni\u00e7\u00e3o e Comportamento \u2013 NEPSI, est\u00e1 selecionando entrevistadores para coleta de dados de pesquisa na \u00e1rea de psicologia e sa\u00fade coletiva, com \u00eanfase no desenvolvimento infantil. O requisito m\u00ednimo \u00e9 ter ensino m\u00e9dio completo e as inscri\u00e7\u00f5es v\u00e3o\u2026","rel":"","context":"Em &quot;Not\u00edcias&quot;","block_context":{"text":"Not\u00edcias","link":"https:\/\/wp.ufpel.edu.br\/nepsi\/category\/noticias\/"},"img":{"alt_text":"","src":"https:\/\/i0.wp.com\/wp.ufpel.edu.br\/nepsi\/files\/2024\/01\/NEPSI_Edital_01_2024.png?resize=350%2C200&ssl=1","width":350,"height":200,"srcset":"https:\/\/i0.wp.com\/wp.ufpel.edu.br\/nepsi\/files\/2024\/01\/NEPSI_Edital_01_2024.png?resize=350%2C200&ssl=1 1x, https:\/\/i0.wp.com\/wp.ufpel.edu.br\/nepsi\/files\/2024\/01\/NEPSI_Edital_01_2024.png?resize=525%2C300&ssl=1 1.5x, https:\/\/i0.wp.com\/wp.ufpel.edu.br\/nepsi\/files\/2024\/01\/NEPSI_Edital_01_2024.png?resize=700%2C400&ssl=1 2x, https:\/\/i0.wp.com\/wp.ufpel.edu.br\/nepsi\/files\/2024\/01\/NEPSI_Edital_01_2024.png?resize=1050%2C600&ssl=1 3x"},"classes":[]}],"_links":{"self":[{"href":"https:\/\/wp.ufpel.edu.br\/nepsi\/wp-json\/wp\/v2\/posts\/568","targetHints":{"allow":["GET"]}}],"collection":[{"href":"https:\/\/wp.ufpel.edu.br\/nepsi\/wp-json\/wp\/v2\/posts"}],"about":[{"href":"https:\/\/wp.ufpel.edu.br\/nepsi\/wp-json\/wp\/v2\/types\/post"}],"author":[{"embeddable":true,"href":"https:\/\/wp.ufpel.edu.br\/nepsi\/wp-json\/wp\/v2\/users\/807"}],"replies":[{"embeddable":true,"href":"https:\/\/wp.ufpel.edu.br\/nepsi\/wp-json\/wp\/v2\/comments?post=568"}],"version-history":[{"count":4,"href":"https:\/\/wp.ufpel.edu.br\/nepsi\/wp-json\/wp\/v2\/posts\/568\/revisions"}],"predecessor-version":[{"id":587,"href":"https:\/\/wp.ufpel.edu.br\/nepsi\/wp-json\/wp\/v2\/posts\/568\/revisions\/587"}],"wp:attachment":[{"href":"https:\/\/wp.ufpel.edu.br\/nepsi\/wp-json\/wp\/v2\/media?parent=568"}],"wp:term":[{"taxonomy":"category","embeddable":true,"href":"https:\/\/wp.ufpel.edu.br\/nepsi\/wp-json\/wp\/v2\/categories?post=568"},{"taxonomy":"post_tag","embeddable":true,"href":"https:\/\/wp.ufpel.edu.br\/nepsi\/wp-json\/wp\/v2\/tags?post=568"}],"curies":[{"name":"wp","href":"https:\/\/api.w.org\/{rel}","templated":true}]}}