{"id":2359,"date":"2024-01-23T15:37:14","date_gmt":"2024-01-23T18:37:14","guid":{"rendered":"https:\/\/wp.ufpel.edu.br\/nepsi\/?p=2359"},"modified":"2024-01-23T15:41:36","modified_gmt":"2024-01-23T18:41:36","slug":"edital-retificado-nepsi-seleciona-entrevistadores","status":"publish","type":"post","link":"https:\/\/wp.ufpel.edu.br\/nepsi\/2024\/01\/23\/edital-retificado-nepsi-seleciona-entrevistadores\/","title":{"rendered":"Edital RETIFICADO: NEPSI seleciona entrevistadores"},"content":{"rendered":"<p>Confira o <strong>EDITAL RETIFICADO<\/strong>, publicado \u00e0s 15h23min, do dia 23\/01\/2024 no link abaixo<\/p>\n<p><a href=\"https:\/\/wp.ufpel.edu.br\/nepsi\/editais\/2024-2\/entrevistadores\/\">https:\/\/wp.ufpel.edu.br\/nepsi\/editais\/2024-2\/entrevistadores\/<\/a><\/p>\n<p><a href=\"https:\/\/wp.ufpel.edu.br\/nepsi\/files\/2024\/01\/EDITAL_NEPSI_RETIFICADO.png\" rel=\"attachment wp-att-2360\"><img data-attachment-id=\"2360\" data-permalink=\"https:\/\/wp.ufpel.edu.br\/nepsi\/2024\/01\/23\/edital-retificado-nepsi-seleciona-entrevistadores\/edital_nepsi_retificado\/\" data-orig-file=\"https:\/\/i0.wp.com\/wp.ufpel.edu.br\/nepsi\/files\/2024\/01\/EDITAL_NEPSI_RETIFICADO.png?fit=1240%2C1748&amp;ssl=1\" data-orig-size=\"1240,1748\" data-comments-opened=\"0\" data-image-meta=\"{&quot;aperture&quot;:&quot;0&quot;,&quot;credit&quot;:&quot;&quot;,&quot;camera&quot;:&quot;&quot;,&quot;caption&quot;:&quot;&quot;,&quot;created_timestamp&quot;:&quot;0&quot;,&quot;copyright&quot;:&quot;&quot;,&quot;focal_length&quot;:&quot;0&quot;,&quot;iso&quot;:&quot;0&quot;,&quot;shutter_speed&quot;:&quot;0&quot;,&quot;title&quot;:&quot;&quot;,&quot;orientation&quot;:&quot;0&quot;}\" data-image-title=\"EDITAL_NEPSI_RETIFICADO\" data-image-description=\"\" data-image-caption=\"\" data-medium-file=\"https:\/\/i0.wp.com\/wp.ufpel.edu.br\/nepsi\/files\/2024\/01\/EDITAL_NEPSI_RETIFICADO.png?fit=426%2C600&amp;ssl=1\" data-large-file=\"https:\/\/i0.wp.com\/wp.ufpel.edu.br\/nepsi\/files\/2024\/01\/EDITAL_NEPSI_RETIFICADO.png?fit=726%2C1024&amp;ssl=1\" class=\"alignnone  wp-image-2360\" title=\"edital_nepsi_retificado-png\"  src=\"data:image\/svg+xml,%3Csvg xmlns=\"http:\/\/www.w3.org\/2000\/svg\" viewBox=\"0 0 1 1\"%3E%3C\/svg%3E\" data-src=\"https:\/\/wp.ufpel.edu.br\/nepsi\/files\/2024\/01\/EDITAL_NEPSI_RETIFICADO.png\" class=\"lazy-load\" loading=\"lazy\" decoding=\"async\" alt=\"\" width=\"481\" height=\"678\" \/><\/a><\/p>\n","protected":false},"excerpt":{"rendered":"<p>Confira o EDITAL RETIFICADO, publicado \u00e0s 15h23min, do dia 23\/01\/2024 no link abaixo https:\/\/wp.ufpel.edu.br\/nepsi\/editais\/2024-2\/entrevistadores\/<\/p>\n","protected":false},"author":807,"featured_media":0,"comment_status":"closed","ping_status":"closed","sticky":false,"template":"","format":"standard","meta":{"jetpack_post_was_ever_published":false,"_jetpack_newsletter_access":"","_jetpack_dont_email_post_to_subs":false,"_jetpack_newsletter_tier_id":0,"_jetpack_memberships_contains_paywalled_content":false,"_jetpack_memberships_contains_paid_content":false,"footnotes":"","jetpack_publicize_message":"","jetpack_publicize_feature_enabled":true,"jetpack_social_post_already_shared":true,"jetpack_social_options":{"image_generator_settings":{"template":"highway","default_image_id":0,"font":"","enabled":false},"version":2}},"categories":[1],"tags":[],"class_list":["post-2359","post","type-post","status-publish","format-standard","hentry","category-noticias"],"yoast_head":"<!-- This site is optimized with the Yoast SEO plugin v26.7 - https:\/\/yoast.com\/wordpress\/plugins\/seo\/ -->\n<title>Edital RETIFICADO: NEPSI seleciona entrevistadores -<\/title>\n<meta name=\"robots\" content=\"index, follow, max-snippet:-1, max-image-preview:large, max-video-preview:-1\" \/>\n<link rel=\"canonical\" href=\"https:\/\/wp.ufpel.edu.br\/nepsi\/2024\/01\/23\/edital-retificado-nepsi-seleciona-entrevistadores\/\" \/>\n<meta property=\"og:locale\" content=\"pt_BR\" \/>\n<meta property=\"og:type\" content=\"article\" \/>\n<meta property=\"og:title\" content=\"Edital RETIFICADO: NEPSI seleciona entrevistadores -\" \/>\n<meta property=\"og:description\" content=\"Confira o EDITAL RETIFICADO, publicado \u00e0s 15h23min, do dia 23\/01\/2024 no link abaixo https:\/\/wp.ufpel.edu.br\/nepsi\/editais\/2024-2\/entrevistadores\/\" \/>\n<meta property=\"og:url\" content=\"https:\/\/wp.ufpel.edu.br\/nepsi\/2024\/01\/23\/edital-retificado-nepsi-seleciona-entrevistadores\/\" \/>\n<meta property=\"article:publisher\" content=\"https:\/\/www.facebook.com\/ufpel.nepsi\/\" \/>\n<meta property=\"article:author\" content=\"https:\/\/www.facebook.com\/ufpel.nepsi\" \/>\n<meta property=\"article:published_time\" content=\"2024-01-23T18:37:14+00:00\" \/>\n<meta property=\"article:modified_time\" content=\"2024-01-23T18:41:36+00:00\" \/>\n<meta property=\"og:image\" content=\"https:\/\/wp.ufpel.edu.br\/nepsi\/files\/2024\/01\/EDITAL_NEPSI_RETIFICADO.png\" \/>\n<meta name=\"author\" content=\"nepsi\" \/>\n<meta name=\"twitter:card\" content=\"summary_large_image\" \/>\n<meta name=\"twitter:creator\" content=\"@ufpel_nepsi\" \/>\n<meta name=\"twitter:site\" content=\"@ufpel_nepsi\" \/>\n<meta name=\"twitter:label1\" content=\"Escrito por\" \/>\n\t<meta name=\"twitter:data1\" content=\"nepsi\" \/>\n\t<meta name=\"twitter:label2\" content=\"Est. tempo de leitura\" \/>\n\t<meta name=\"twitter:data2\" content=\"1 minuto\" \/>\n<script type=\"application\/ld+json\" class=\"yoast-schema-graph\">{\"@context\":\"https:\/\/schema.org\",\"@graph\":[{\"@type\":\"Article\",\"@id\":\"https:\/\/wp.ufpel.edu.br\/nepsi\/2024\/01\/23\/edital-retificado-nepsi-seleciona-entrevistadores\/#article\",\"isPartOf\":{\"@id\":\"https:\/\/wp.ufpel.edu.br\/nepsi\/2024\/01\/23\/edital-retificado-nepsi-seleciona-entrevistadores\/\"},\"author\":{\"name\":\"nepsi\",\"@id\":\"https:\/\/wp.ufpel.edu.br\/nepsi\/#\/schema\/person\/265f7a768f0856c302a262ef85682717\"},\"headline\":\"Edital RETIFICADO: NEPSI seleciona entrevistadores\",\"datePublished\":\"2024-01-23T18:37:14+00:00\",\"dateModified\":\"2024-01-23T18:41:36+00:00\",\"mainEntityOfPage\":{\"@id\":\"https:\/\/wp.ufpel.edu.br\/nepsi\/2024\/01\/23\/edital-retificado-nepsi-seleciona-entrevistadores\/\"},\"wordCount\":27,\"publisher\":{\"@id\":\"https:\/\/wp.ufpel.edu.br\/nepsi\/#organization\"},\"image\":{\"@id\":\"https:\/\/wp.ufpel.edu.br\/nepsi\/2024\/01\/23\/edital-retificado-nepsi-seleciona-entrevistadores\/#primaryimage\"},\"thumbnailUrl\":\"https:\/\/wp.ufpel.edu.br\/nepsi\/files\/2024\/01\/EDITAL_NEPSI_RETIFICADO.png\",\"articleSection\":[\"Not\u00edcias\"],\"inLanguage\":\"pt-BR\"},{\"@type\":\"WebPage\",\"@id\":\"https:\/\/wp.ufpel.edu.br\/nepsi\/2024\/01\/23\/edital-retificado-nepsi-seleciona-entrevistadores\/\",\"url\":\"https:\/\/wp.ufpel.edu.br\/nepsi\/2024\/01\/23\/edital-retificado-nepsi-seleciona-entrevistadores\/\",\"name\":\"Edital RETIFICADO: NEPSI seleciona entrevistadores -\",\"isPartOf\":{\"@id\":\"https:\/\/wp.ufpel.edu.br\/nepsi\/#website\"},\"primaryImageOfPage\":{\"@id\":\"https:\/\/wp.ufpel.edu.br\/nepsi\/2024\/01\/23\/edital-retificado-nepsi-seleciona-entrevistadores\/#primaryimage\"},\"image\":{\"@id\":\"https:\/\/wp.ufpel.edu.br\/nepsi\/2024\/01\/23\/edital-retificado-nepsi-seleciona-entrevistadores\/#primaryimage\"},\"thumbnailUrl\":\"https:\/\/wp.ufpel.edu.br\/nepsi\/files\/2024\/01\/EDITAL_NEPSI_RETIFICADO.png\",\"datePublished\":\"2024-01-23T18:37:14+00:00\",\"dateModified\":\"2024-01-23T18:41:36+00:00\",\"breadcrumb\":{\"@id\":\"https:\/\/wp.ufpel.edu.br\/nepsi\/2024\/01\/23\/edital-retificado-nepsi-seleciona-entrevistadores\/#breadcrumb\"},\"inLanguage\":\"pt-BR\",\"potentialAction\":[{\"@type\":\"ReadAction\",\"target\":[\"https:\/\/wp.ufpel.edu.br\/nepsi\/2024\/01\/23\/edital-retificado-nepsi-seleciona-entrevistadores\/\"]}]},{\"@type\":\"ImageObject\",\"inLanguage\":\"pt-BR\",\"@id\":\"https:\/\/wp.ufpel.edu.br\/nepsi\/2024\/01\/23\/edital-retificado-nepsi-seleciona-entrevistadores\/#primaryimage\",\"url\":\"https:\/\/i0.wp.com\/wp.ufpel.edu.br\/nepsi\/files\/2024\/01\/EDITAL_NEPSI_RETIFICADO.png?fit=1240%2C1748&ssl=1\",\"contentUrl\":\"https:\/\/i0.wp.com\/wp.ufpel.edu.br\/nepsi\/files\/2024\/01\/EDITAL_NEPSI_RETIFICADO.png?fit=1240%2C1748&ssl=1\",\"width\":1240,\"height\":1748},{\"@type\":\"BreadcrumbList\",\"@id\":\"https:\/\/wp.ufpel.edu.br\/nepsi\/2024\/01\/23\/edital-retificado-nepsi-seleciona-entrevistadores\/#breadcrumb\",\"itemListElement\":[{\"@type\":\"ListItem\",\"position\":1,\"name\":\"In\u00edcio\",\"item\":\"https:\/\/wp.ufpel.edu.br\/nepsi\/\"},{\"@type\":\"ListItem\",\"position\":2,\"name\":\"Edital RETIFICADO: NEPSI seleciona entrevistadores\"}]},{\"@type\":\"WebSite\",\"@id\":\"https:\/\/wp.ufpel.edu.br\/nepsi\/#website\",\"url\":\"https:\/\/wp.ufpel.edu.br\/nepsi\/\",\"name\":\"\",\"description\":\"Coordena\u00e7\u00e3o: Prof. Tiago Neuenfeld Munhoz\",\"publisher\":{\"@id\":\"https:\/\/wp.ufpel.edu.br\/nepsi\/#organization\"},\"potentialAction\":[{\"@type\":\"SearchAction\",\"target\":{\"@type\":\"EntryPoint\",\"urlTemplate\":\"https:\/\/wp.ufpel.edu.br\/nepsi\/?s={search_term_string}\"},\"query-input\":{\"@type\":\"PropertyValueSpecification\",\"valueRequired\":true,\"valueName\":\"search_term_string\"}}],\"inLanguage\":\"pt-BR\"},{\"@type\":\"Organization\",\"@id\":\"https:\/\/wp.ufpel.edu.br\/nepsi\/#organization\",\"name\":\"N\u00facleo de Estudos, Pesquisas e Interven\u00e7\u00f5es em Sa\u00fade Mental, Cogni\u00e7\u00e3o e Comportamento\",\"url\":\"https:\/\/wp.ufpel.edu.br\/nepsi\/\",\"logo\":{\"@type\":\"ImageObject\",\"inLanguage\":\"pt-BR\",\"@id\":\"https:\/\/wp.ufpel.edu.br\/nepsi\/#\/schema\/logo\/image\/\",\"url\":\"https:\/\/i2.wp.com\/wp.ufpel.edu.br\/nepsi\/files\/2020\/06\/NEPSI-22-1.jpg?fit=632%2C591&ssl=1\",\"contentUrl\":\"https:\/\/i2.wp.com\/wp.ufpel.edu.br\/nepsi\/files\/2020\/06\/NEPSI-22-1.jpg?fit=632%2C591&ssl=1\",\"width\":632,\"height\":591,\"caption\":\"N\u00facleo de Estudos, Pesquisas e Interven\u00e7\u00f5es em Sa\u00fade Mental, Cogni\u00e7\u00e3o e Comportamento\"},\"image\":{\"@id\":\"https:\/\/wp.ufpel.edu.br\/nepsi\/#\/schema\/logo\/image\/\"},\"sameAs\":[\"https:\/\/www.facebook.com\/ufpel.nepsi\/\",\"https:\/\/x.com\/ufpel_nepsi\",\"https:\/\/www.instagram.com\/ufpel_nepsi\",\"https:\/\/www.youtube.com\/channel\/UCMFJAGTPIQf5MMjvJCDyPDw\"]},{\"@type\":\"Person\",\"@id\":\"https:\/\/wp.ufpel.edu.br\/nepsi\/#\/schema\/person\/265f7a768f0856c302a262ef85682717\",\"name\":\"nepsi\",\"image\":{\"@type\":\"ImageObject\",\"inLanguage\":\"pt-BR\",\"@id\":\"https:\/\/wp.ufpel.edu.br\/nepsi\/#\/schema\/person\/image\/\",\"url\":\"https:\/\/secure.gravatar.com\/avatar\/e008e3cefbbe4bdab7890f2e6f4d9f2530b8924390d124b9823f58302461bfd2?s=96&d=mm&r=g\",\"contentUrl\":\"https:\/\/secure.gravatar.com\/avatar\/e008e3cefbbe4bdab7890f2e6f4d9f2530b8924390d124b9823f58302461bfd2?s=96&d=mm&r=g\",\"caption\":\"nepsi\"},\"sameAs\":[\"https:\/\/wp.ufpel.edu.br\/nepsi\/\",\"https:\/\/www.facebook.com\/ufpel.nepsi\",\"https:\/\/www.instagram.com\/ufpel_nepsi\/\",\"https:\/\/x.com\/ufpel_nepsi\",\"https:\/\/www.youtube.com\/channel\/UCMFJAGTPIQf5MMjvJCDyPDw\",\"https:\/\/nepsi-ufpel.tumblr.com\/\"]}]}<\/script>\n<!-- \/ Yoast SEO plugin. -->","yoast_head_json":{"title":"Edital RETIFICADO: NEPSI seleciona entrevistadores -","robots":{"index":"index","follow":"follow","max-snippet":"max-snippet:-1","max-image-preview":"max-image-preview:large","max-video-preview":"max-video-preview:-1"},"canonical":"https:\/\/wp.ufpel.edu.br\/nepsi\/2024\/01\/23\/edital-retificado-nepsi-seleciona-entrevistadores\/","og_locale":"pt_BR","og_type":"article","og_title":"Edital RETIFICADO: NEPSI seleciona entrevistadores -","og_description":"Confira o EDITAL RETIFICADO, publicado \u00e0s 15h23min, do dia 23\/01\/2024 no link abaixo https:\/\/wp.ufpel.edu.br\/nepsi\/editais\/2024-2\/entrevistadores\/","og_url":"https:\/\/wp.ufpel.edu.br\/nepsi\/2024\/01\/23\/edital-retificado-nepsi-seleciona-entrevistadores\/","article_publisher":"https:\/\/www.facebook.com\/ufpel.nepsi\/","article_author":"https:\/\/www.facebook.com\/ufpel.nepsi","article_published_time":"2024-01-23T18:37:14+00:00","article_modified_time":"2024-01-23T18:41:36+00:00","og_image":[{"url":"https:\/\/wp.ufpel.edu.br\/nepsi\/files\/2024\/01\/EDITAL_NEPSI_RETIFICADO.png","type":"","width":"","height":""}],"author":"nepsi","twitter_card":"summary_large_image","twitter_creator":"@ufpel_nepsi","twitter_site":"@ufpel_nepsi","twitter_misc":{"Escrito por":"nepsi","Est. tempo de leitura":"1 minuto"},"schema":{"@context":"https:\/\/schema.org","@graph":[{"@type":"Article","@id":"https:\/\/wp.ufpel.edu.br\/nepsi\/2024\/01\/23\/edital-retificado-nepsi-seleciona-entrevistadores\/#article","isPartOf":{"@id":"https:\/\/wp.ufpel.edu.br\/nepsi\/2024\/01\/23\/edital-retificado-nepsi-seleciona-entrevistadores\/"},"author":{"name":"nepsi","@id":"https:\/\/wp.ufpel.edu.br\/nepsi\/#\/schema\/person\/265f7a768f0856c302a262ef85682717"},"headline":"Edital RETIFICADO: NEPSI seleciona entrevistadores","datePublished":"2024-01-23T18:37:14+00:00","dateModified":"2024-01-23T18:41:36+00:00","mainEntityOfPage":{"@id":"https:\/\/wp.ufpel.edu.br\/nepsi\/2024\/01\/23\/edital-retificado-nepsi-seleciona-entrevistadores\/"},"wordCount":27,"publisher":{"@id":"https:\/\/wp.ufpel.edu.br\/nepsi\/#organization"},"image":{"@id":"https:\/\/wp.ufpel.edu.br\/nepsi\/2024\/01\/23\/edital-retificado-nepsi-seleciona-entrevistadores\/#primaryimage"},"thumbnailUrl":"https:\/\/wp.ufpel.edu.br\/nepsi\/files\/2024\/01\/EDITAL_NEPSI_RETIFICADO.png","articleSection":["Not\u00edcias"],"inLanguage":"pt-BR"},{"@type":"WebPage","@id":"https:\/\/wp.ufpel.edu.br\/nepsi\/2024\/01\/23\/edital-retificado-nepsi-seleciona-entrevistadores\/","url":"https:\/\/wp.ufpel.edu.br\/nepsi\/2024\/01\/23\/edital-retificado-nepsi-seleciona-entrevistadores\/","name":"Edital RETIFICADO: NEPSI seleciona entrevistadores -","isPartOf":{"@id":"https:\/\/wp.ufpel.edu.br\/nepsi\/#website"},"primaryImageOfPage":{"@id":"https:\/\/wp.ufpel.edu.br\/nepsi\/2024\/01\/23\/edital-retificado-nepsi-seleciona-entrevistadores\/#primaryimage"},"image":{"@id":"https:\/\/wp.ufpel.edu.br\/nepsi\/2024\/01\/23\/edital-retificado-nepsi-seleciona-entrevistadores\/#primaryimage"},"thumbnailUrl":"https:\/\/wp.ufpel.edu.br\/nepsi\/files\/2024\/01\/EDITAL_NEPSI_RETIFICADO.png","datePublished":"2024-01-23T18:37:14+00:00","dateModified":"2024-01-23T18:41:36+00:00","breadcrumb":{"@id":"https:\/\/wp.ufpel.edu.br\/nepsi\/2024\/01\/23\/edital-retificado-nepsi-seleciona-entrevistadores\/#breadcrumb"},"inLanguage":"pt-BR","potentialAction":[{"@type":"ReadAction","target":["https:\/\/wp.ufpel.edu.br\/nepsi\/2024\/01\/23\/edital-retificado-nepsi-seleciona-entrevistadores\/"]}]},{"@type":"ImageObject","inLanguage":"pt-BR","@id":"https:\/\/wp.ufpel.edu.br\/nepsi\/2024\/01\/23\/edital-retificado-nepsi-seleciona-entrevistadores\/#primaryimage","url":"https:\/\/i0.wp.com\/wp.ufpel.edu.br\/nepsi\/files\/2024\/01\/EDITAL_NEPSI_RETIFICADO.png?fit=1240%2C1748&ssl=1","contentUrl":"https:\/\/i0.wp.com\/wp.ufpel.edu.br\/nepsi\/files\/2024\/01\/EDITAL_NEPSI_RETIFICADO.png?fit=1240%2C1748&ssl=1","width":1240,"height":1748},{"@type":"BreadcrumbList","@id":"https:\/\/wp.ufpel.edu.br\/nepsi\/2024\/01\/23\/edital-retificado-nepsi-seleciona-entrevistadores\/#breadcrumb","itemListElement":[{"@type":"ListItem","position":1,"name":"In\u00edcio","item":"https:\/\/wp.ufpel.edu.br\/nepsi\/"},{"@type":"ListItem","position":2,"name":"Edital RETIFICADO: NEPSI seleciona entrevistadores"}]},{"@type":"WebSite","@id":"https:\/\/wp.ufpel.edu.br\/nepsi\/#website","url":"https:\/\/wp.ufpel.edu.br\/nepsi\/","name":"","description":"Coordena\u00e7\u00e3o: Prof. Tiago Neuenfeld Munhoz","publisher":{"@id":"https:\/\/wp.ufpel.edu.br\/nepsi\/#organization"},"potentialAction":[{"@type":"SearchAction","target":{"@type":"EntryPoint","urlTemplate":"https:\/\/wp.ufpel.edu.br\/nepsi\/?s={search_term_string}"},"query-input":{"@type":"PropertyValueSpecification","valueRequired":true,"valueName":"search_term_string"}}],"inLanguage":"pt-BR"},{"@type":"Organization","@id":"https:\/\/wp.ufpel.edu.br\/nepsi\/#organization","name":"N\u00facleo de Estudos, Pesquisas e Interven\u00e7\u00f5es em Sa\u00fade Mental, Cogni\u00e7\u00e3o e Comportamento","url":"https:\/\/wp.ufpel.edu.br\/nepsi\/","logo":{"@type":"ImageObject","inLanguage":"pt-BR","@id":"https:\/\/wp.ufpel.edu.br\/nepsi\/#\/schema\/logo\/image\/","url":"https:\/\/i2.wp.com\/wp.ufpel.edu.br\/nepsi\/files\/2020\/06\/NEPSI-22-1.jpg?fit=632%2C591&ssl=1","contentUrl":"https:\/\/i2.wp.com\/wp.ufpel.edu.br\/nepsi\/files\/2020\/06\/NEPSI-22-1.jpg?fit=632%2C591&ssl=1","width":632,"height":591,"caption":"N\u00facleo de Estudos, Pesquisas e Interven\u00e7\u00f5es em Sa\u00fade Mental, Cogni\u00e7\u00e3o e Comportamento"},"image":{"@id":"https:\/\/wp.ufpel.edu.br\/nepsi\/#\/schema\/logo\/image\/"},"sameAs":["https:\/\/www.facebook.com\/ufpel.nepsi\/","https:\/\/x.com\/ufpel_nepsi","https:\/\/www.instagram.com\/ufpel_nepsi","https:\/\/www.youtube.com\/channel\/UCMFJAGTPIQf5MMjvJCDyPDw"]},{"@type":"Person","@id":"https:\/\/wp.ufpel.edu.br\/nepsi\/#\/schema\/person\/265f7a768f0856c302a262ef85682717","name":"nepsi","image":{"@type":"ImageObject","inLanguage":"pt-BR","@id":"https:\/\/wp.ufpel.edu.br\/nepsi\/#\/schema\/person\/image\/","url":"https:\/\/secure.gravatar.com\/avatar\/e008e3cefbbe4bdab7890f2e6f4d9f2530b8924390d124b9823f58302461bfd2?s=96&d=mm&r=g","contentUrl":"https:\/\/secure.gravatar.com\/avatar\/e008e3cefbbe4bdab7890f2e6f4d9f2530b8924390d124b9823f58302461bfd2?s=96&d=mm&r=g","caption":"nepsi"},"sameAs":["https:\/\/wp.ufpel.edu.br\/nepsi\/","https:\/\/www.facebook.com\/ufpel.nepsi","https:\/\/www.instagram.com\/ufpel_nepsi\/","https:\/\/x.com\/ufpel_nepsi","https:\/\/www.youtube.com\/channel\/UCMFJAGTPIQf5MMjvJCDyPDw","https:\/\/nepsi-ufpel.tumblr.com\/"]}]}},"jetpack_publicize_connections":[],"jetpack_featured_media_url":"","jetpack_sharing_enabled":true,"jetpack_shortlink":"https:\/\/wp.me\/p9iCrQ-C3","jetpack_likes_enabled":true,"jetpack-related-posts":[{"id":2347,"url":"https:\/\/wp.ufpel.edu.br\/nepsi\/2024\/01\/17\/nepsi-seleciona-entrevistadores\/","url_meta":{"origin":2359,"position":0},"title":"NEPSI seleciona entrevistadores","author":"nepsi","date":"17\/01\/2024","format":false,"excerpt":"A Universidade Federal de Pelotas, por meio do N\u00facleo de Sa\u00fade Mental, Cogni\u00e7\u00e3o e Comportamento \u2013 NEPSI, est\u00e1 selecionando entrevistadores para coleta de dados de pesquisa na \u00e1rea de psicologia e sa\u00fade coletiva, com \u00eanfase no desenvolvimento infantil. O requisito m\u00ednimo \u00e9 ter ensino m\u00e9dio completo e as inscri\u00e7\u00f5es v\u00e3o\u2026","rel":"","context":"Em &quot;Not\u00edcias&quot;","block_context":{"text":"Not\u00edcias","link":"https:\/\/wp.ufpel.edu.br\/nepsi\/category\/noticias\/"},"img":{"alt_text":"","src":"https:\/\/i0.wp.com\/wp.ufpel.edu.br\/nepsi\/files\/2024\/01\/NEPSI_Edital_01_2024.png?resize=350%2C200&ssl=1","width":350,"height":200,"srcset":"https:\/\/i0.wp.com\/wp.ufpel.edu.br\/nepsi\/files\/2024\/01\/NEPSI_Edital_01_2024.png?resize=350%2C200&ssl=1 1x, https:\/\/i0.wp.com\/wp.ufpel.edu.br\/nepsi\/files\/2024\/01\/NEPSI_Edital_01_2024.png?resize=525%2C300&ssl=1 1.5x, https:\/\/i0.wp.com\/wp.ufpel.edu.br\/nepsi\/files\/2024\/01\/NEPSI_Edital_01_2024.png?resize=700%2C400&ssl=1 2x, https:\/\/i0.wp.com\/wp.ufpel.edu.br\/nepsi\/files\/2024\/01\/NEPSI_Edital_01_2024.png?resize=1050%2C600&ssl=1 3x"},"classes":[]},{"id":2395,"url":"https:\/\/wp.ufpel.edu.br\/nepsi\/2024\/02\/21\/nepsi-divulga-resultado-preliminar-da-etapa-2-selecao-de-entrevistadores\/","url_meta":{"origin":2359,"position":1},"title":"NEPSI divulga resultado preliminar da Etapa 2 (Sele\u00e7\u00e3o de entrevistadores)","author":"nepsi","date":"21\/02\/2024","format":false,"excerpt":"Abaixo a classifica\u00e7\u00e3o preliminar (ETAPA 2) de acordo com Edital, especialmente se\u00e7\u00e3o 5 (DA SELE\u00c7\u00c3O E CLASSIFICA\u00c7\u00c3O). Recursos poder\u00e3o ser enviados para nepsi@ufpel.edu.br , conforme cronograma publicado.","rel":"","context":"Em &quot;Not\u00edcias&quot;","block_context":{"text":"Not\u00edcias","link":"https:\/\/wp.ufpel.edu.br\/nepsi\/category\/noticias\/"},"img":{"alt_text":"","src":"https:\/\/i0.wp.com\/wp.ufpel.edu.br\/nepsi\/files\/2024\/02\/image001.png?resize=350%2C200&ssl=1","width":350,"height":200,"srcset":"https:\/\/i0.wp.com\/wp.ufpel.edu.br\/nepsi\/files\/2024\/02\/image001.png?resize=350%2C200&ssl=1 1x, https:\/\/i0.wp.com\/wp.ufpel.edu.br\/nepsi\/files\/2024\/02\/image001.png?resize=525%2C300&ssl=1 1.5x, https:\/\/i0.wp.com\/wp.ufpel.edu.br\/nepsi\/files\/2024\/02\/image001.png?resize=700%2C400&ssl=1 2x, https:\/\/i0.wp.com\/wp.ufpel.edu.br\/nepsi\/files\/2024\/02\/image001.png?resize=1050%2C600&ssl=1 3x, https:\/\/i0.wp.com\/wp.ufpel.edu.br\/nepsi\/files\/2024\/02\/image001.png?resize=1400%2C800&ssl=1 4x"},"classes":[]},{"id":2383,"url":"https:\/\/wp.ufpel.edu.br\/nepsi\/2024\/02\/01\/nepsi-divulga-resultado-da-etapa-1\/","url_meta":{"origin":2359,"position":2},"title":"NEPSI divulga resultado da Etapa 1","author":"nepsi","date":"01\/02\/2024","format":false,"excerpt":"Abaixo a classifica\u00e7\u00e3o preliminar de acordo com Edital, especialmente se\u00e7\u00e3o 5 (DA SELE\u00c7\u00c3O E CLASSIFICA\u00c7\u00c3O). Solicitamos que todos os candidatos interessados em apresentar recursos leiam cuidadosamente o Edital dispon\u00edvel em https:\/\/wp.ufpel.edu.br\/nepsi\/editais\/2024-2\/entrevistadores\/ antes de efetuarem a solicita\u00e7\u00e3o de recurso. N\u00e3o ser\u00e3o pontuados comprovantes n\u00e3o enviados no ato da inscri\u00e7\u00e3o. N\u00e3o ser\u00e3o\u2026","rel":"","context":"Em &quot;Not\u00edcias&quot;","block_context":{"text":"Not\u00edcias","link":"https:\/\/wp.ufpel.edu.br\/nepsi\/category\/noticias\/"},"img":{"alt_text":"","src":"","width":0,"height":0},"classes":[]},{"id":2371,"url":"https:\/\/wp.ufpel.edu.br\/nepsi\/2024\/01\/29\/nepsi-divulga-homologacao-das-inscricoes-selecao-de-entrevistadores\/","url_meta":{"origin":2359,"position":3},"title":"NEPSI Divulga homologa\u00e7\u00e3o das inscri\u00e7\u00f5es (Sele\u00e7\u00e3o de entrevistadores)","author":"nepsi","date":"29\/01\/2024","format":false,"excerpt":"Divulgada a lista de inscri\u00e7\u00f5es homologadas e n\u00e3o homologadas para PROCESSO SELETIVO SIMPLIFICADO PARA SELE\u00c7\u00c3O DE ENTREVISTADORAS PARA O ACOMPANHAMENTO TELEF\u00d4NICO DOS PARTICIPANTES DO ESTUDO DE AVALIA\u00c7\u00c3O DO IMPACTO DO PROGRAMA CRIAN\u00c7A FELIZ (PCF) DO PROJETO EDITAIS CAPES N\u00ba 12\/2021 e N\u00ba 12\/2022 Edital_01_2024_homologacaoBaixar","rel":"","context":"Em &quot;Not\u00edcias&quot;","block_context":{"text":"Not\u00edcias","link":"https:\/\/wp.ufpel.edu.br\/nepsi\/category\/noticias\/"},"img":{"alt_text":"","src":"","width":0,"height":0},"classes":[]},{"id":2401,"url":"https:\/\/wp.ufpel.edu.br\/nepsi\/2024\/02\/23\/nepsi-divulga-resultado-final-apos-analise-de-recurso-selecao-de-entrevistadores\/","url_meta":{"origin":2359,"position":4},"title":"NEPSI Divulga resultado final ap\u00f3s an\u00e1lise de recurso\u00a0(sele\u00e7\u00e3o de entrevistadores)","author":"nepsi","date":"23\/02\/2024","format":false,"excerpt":"Solicitamos que as pessoas entre a 1\u00ba e 4\u00aa classifica\u00e7\u00e3o compare\u00e7am para in\u00edcio do trabalho de coleta de dados. Data: Ter\u00e7a-feira Hor\u00e1rio: 9 horas Local: Andar t\u00e9rreo do pr\u00e9dio Almicar Gigante Endere\u00e7o: Rua Marechal Deodoro 1160, Pelotas, RS","rel":"","context":"Em &quot;Not\u00edcias&quot;","block_context":{"text":"Not\u00edcias","link":"https:\/\/wp.ufpel.edu.br\/nepsi\/category\/noticias\/"},"img":{"alt_text":"","src":"https:\/\/i0.wp.com\/wp.ufpel.edu.br\/nepsi\/files\/2024\/02\/image001-1.png?resize=350%2C200&ssl=1","width":350,"height":200,"srcset":"https:\/\/i0.wp.com\/wp.ufpel.edu.br\/nepsi\/files\/2024\/02\/image001-1.png?resize=350%2C200&ssl=1 1x, https:\/\/i0.wp.com\/wp.ufpel.edu.br\/nepsi\/files\/2024\/02\/image001-1.png?resize=525%2C300&ssl=1 1.5x, https:\/\/i0.wp.com\/wp.ufpel.edu.br\/nepsi\/files\/2024\/02\/image001-1.png?resize=700%2C400&ssl=1 2x, https:\/\/i0.wp.com\/wp.ufpel.edu.br\/nepsi\/files\/2024\/02\/image001-1.png?resize=1050%2C600&ssl=1 3x, https:\/\/i0.wp.com\/wp.ufpel.edu.br\/nepsi\/files\/2024\/02\/image001-1.png?resize=1400%2C800&ssl=1 4x"},"classes":[]},{"id":2321,"url":"https:\/\/wp.ufpel.edu.br\/nepsi\/2023\/12\/12\/nepsi-divulga-edital-para-pos-doutorado-2023-2024\/","url_meta":{"origin":2359,"position":5},"title":"NEPSI divulga Edital para P\u00f3s-Doutorado (2023-2024)","author":"nepsi","date":"12\/12\/2023","format":false,"excerpt":"O N\u00facleo de Sa\u00fade Mental, Cogni\u00e7\u00e3o e Comportamento (NEPSI) tem tr\u00eas posi\u00e7\u00f5es de p\u00f3s-doutorado abertas para trabalho em projetos com \u00eanfase em sa\u00fade mental e desenvolvimento humano. As bolsas s\u00e3o financiadas pela CAPES (Edital da CAPES n\u00b0 12\/2022), vinculadas ao projeto \"Estilos parentais e desempenho escolar em crian\u00e7as (\u00b1 6\u2026","rel":"","context":"Em &quot;Not\u00edcias&quot;","block_context":{"text":"Not\u00edcias","link":"https:\/\/wp.ufpel.edu.br\/nepsi\/category\/noticias\/"},"img":{"alt_text":"","src":"https:\/\/i0.wp.com\/wp.ufpel.edu.br\/nepsi\/files\/2023\/12\/2023-postdoc-NEPSI-1.png?resize=350%2C200&ssl=1","width":350,"height":200,"srcset":"https:\/\/i0.wp.com\/wp.ufpel.edu.br\/nepsi\/files\/2023\/12\/2023-postdoc-NEPSI-1.png?resize=350%2C200&ssl=1 1x, https:\/\/i0.wp.com\/wp.ufpel.edu.br\/nepsi\/files\/2023\/12\/2023-postdoc-NEPSI-1.png?resize=525%2C300&ssl=1 1.5x, https:\/\/i0.wp.com\/wp.ufpel.edu.br\/nepsi\/files\/2023\/12\/2023-postdoc-NEPSI-1.png?resize=700%2C400&ssl=1 2x, https:\/\/i0.wp.com\/wp.ufpel.edu.br\/nepsi\/files\/2023\/12\/2023-postdoc-NEPSI-1.png?resize=1050%2C600&ssl=1 3x"},"classes":[]}],"_links":{"self":[{"href":"https:\/\/wp.ufpel.edu.br\/nepsi\/wp-json\/wp\/v2\/posts\/2359","targetHints":{"allow":["GET"]}}],"collection":[{"href":"https:\/\/wp.ufpel.edu.br\/nepsi\/wp-json\/wp\/v2\/posts"}],"about":[{"href":"https:\/\/wp.ufpel.edu.br\/nepsi\/wp-json\/wp\/v2\/types\/post"}],"author":[{"embeddable":true,"href":"https:\/\/wp.ufpel.edu.br\/nepsi\/wp-json\/wp\/v2\/users\/807"}],"replies":[{"embeddable":true,"href":"https:\/\/wp.ufpel.edu.br\/nepsi\/wp-json\/wp\/v2\/comments?post=2359"}],"version-history":[{"count":2,"href":"https:\/\/wp.ufpel.edu.br\/nepsi\/wp-json\/wp\/v2\/posts\/2359\/revisions"}],"predecessor-version":[{"id":2362,"href":"https:\/\/wp.ufpel.edu.br\/nepsi\/wp-json\/wp\/v2\/posts\/2359\/revisions\/2362"}],"wp:attachment":[{"href":"https:\/\/wp.ufpel.edu.br\/nepsi\/wp-json\/wp\/v2\/media?parent=2359"}],"wp:term":[{"taxonomy":"category","embeddable":true,"href":"https:\/\/wp.ufpel.edu.br\/nepsi\/wp-json\/wp\/v2\/categories?post=2359"},{"taxonomy":"post_tag","embeddable":true,"href":"https:\/\/wp.ufpel.edu.br\/nepsi\/wp-json\/wp\/v2\/tags?post=2359"}],"curies":[{"name":"wp","href":"https:\/\/api.w.org\/{rel}","templated":true}]}}