{"id":2038,"date":"2022-12-14T11:49:33","date_gmt":"2022-12-14T14:49:33","guid":{"rendered":"https:\/\/wp.ufpel.edu.br\/nepsi\/?p=2038"},"modified":"2022-12-14T11:49:33","modified_gmt":"2022-12-14T14:49:33","slug":"nepsi-participa-do-evento-marco-zero-edital-12-2022-familia-e-politicas-publicas-no-brasil-ii","status":"publish","type":"post","link":"https:\/\/wp.ufpel.edu.br\/nepsi\/2022\/12\/14\/nepsi-participa-do-evento-marco-zero-edital-12-2022-familia-e-politicas-publicas-no-brasil-ii\/","title":{"rendered":"NEPSI participa do evento &#8220;Marco Zero Edital 12\/2022 &#8211; Fam\u00edlia e Pol\u00edticas P\u00fablicas no Brasil II&#8221;"},"content":{"rendered":"<p>NEPSI participa do evento <em>\u201cMarco Zero Edital 12\/2022 &#8211; Fam\u00edlia e Pol\u00edticas P\u00fablicas no Brasil II\u201d <\/em>com participa\u00e7\u00e3o dos professores Tiago N Munhoz e Mateus Luz Levandowski apresentando sobre projetos financiados pela CAPES.<\/p>\n<p><strong>Apresentador:<\/strong> Tiago N Munhoz<\/p>\n<p><strong>Pesquisa:<\/strong> Estilos parentais e desempenho escolar em crian\u00e7as (\u00b1 6 anos) de fam\u00edlias benefici\u00e1rias de programa nacional de transfer\u00eancia de renda: estudo longitudinal (antes, durante e ap\u00f3s pandemia COVID-19)<\/p>\n<p><strong>Apresentador:<\/strong> Mateus Luz Levandowski<\/p>\n<p><strong>Pesquisa:<\/strong> Mapa da Viol\u00eancia contra crian\u00e7as e adolescentes, automutila\u00e7\u00e3o e suic\u00eddio: An\u00e1lise de todo territ\u00f3rio brasileiro utilizando os resultados da PeNSE e do SINAN<\/p>\n<p><a href=\"https:\/\/wp.ufpel.edu.br\/nepsi\/files\/2022\/12\/Seminario_Marco_Zero_feed.png\" rel=\"attachment wp-att-2039\"><img data-attachment-id=\"2039\" data-permalink=\"https:\/\/wp.ufpel.edu.br\/nepsi\/2022\/12\/14\/nepsi-participa-do-evento-marco-zero-edital-12-2022-familia-e-politicas-publicas-no-brasil-ii\/seminario_marco_zero_feed\/\" data-orig-file=\"https:\/\/i0.wp.com\/wp.ufpel.edu.br\/nepsi\/files\/2022\/12\/Seminario_Marco_Zero_feed.png?fit=1080%2C1080&amp;ssl=1\" data-orig-size=\"1080,1080\" data-comments-opened=\"0\" data-image-meta=\"{&quot;aperture&quot;:&quot;0&quot;,&quot;credit&quot;:&quot;&quot;,&quot;camera&quot;:&quot;&quot;,&quot;caption&quot;:&quot;&quot;,&quot;created_timestamp&quot;:&quot;0&quot;,&quot;copyright&quot;:&quot;&quot;,&quot;focal_length&quot;:&quot;0&quot;,&quot;iso&quot;:&quot;0&quot;,&quot;shutter_speed&quot;:&quot;0&quot;,&quot;title&quot;:&quot;&quot;,&quot;orientation&quot;:&quot;0&quot;}\" data-image-title=\"Seminario_Marco_Zero_feed\" data-image-description=\"\" data-image-caption=\"\" data-medium-file=\"https:\/\/i0.wp.com\/wp.ufpel.edu.br\/nepsi\/files\/2022\/12\/Seminario_Marco_Zero_feed.png?fit=600%2C600&amp;ssl=1\" data-large-file=\"https:\/\/i0.wp.com\/wp.ufpel.edu.br\/nepsi\/files\/2022\/12\/Seminario_Marco_Zero_feed.png?fit=1024%2C1024&amp;ssl=1\"  src=\"data:image\/svg+xml,%3Csvg xmlns=\"http:\/\/www.w3.org\/2000\/svg\" viewBox=\"0 0 1 1\"%3E%3C\/svg%3E\" data-src=\"https:\/\/wp.ufpel.edu.br\/nepsi\/files\/2022\/12\/Seminario_Marco_Zero_feed.png\" class=\"lazy-load\" loading=\"lazy\" decoding=\"async\" alt=\"\" title=\"seminario_marco_zero_feed-png\" width=\"1024\" height=\"1024\" class=\"alignnone size-full wp-image-2039\" \/><\/a><\/p>\n","protected":false},"excerpt":{"rendered":"<p>NEPSI participa do evento \u201cMarco Zero Edital 12\/2022 &#8211; Fam\u00edlia e Pol\u00edticas P\u00fablicas no Brasil II\u201d com participa\u00e7\u00e3o dos professores Tiago N Munhoz e Mateus Luz Levandowski apresentando sobre projetos financiados pela CAPES. Apresentador: Tiago N Munhoz Pesquisa: Estilos parentais e desempenho escolar em crian\u00e7as (\u00b1 6 anos) de fam\u00edlias benefici\u00e1rias de programa nacional de [&hellip;]<\/p>\n","protected":false},"author":807,"featured_media":0,"comment_status":"closed","ping_status":"closed","sticky":false,"template":"","format":"standard","meta":{"jetpack_post_was_ever_published":false,"_jetpack_newsletter_access":"","_jetpack_dont_email_post_to_subs":false,"_jetpack_newsletter_tier_id":0,"_jetpack_memberships_contains_paywalled_content":false,"_jetpack_memberships_contains_paid_content":false,"footnotes":"","jetpack_publicize_message":"","jetpack_publicize_feature_enabled":true,"jetpack_social_post_already_shared":true,"jetpack_social_options":{"image_generator_settings":{"template":"highway","default_image_id":0,"font":"","enabled":false},"version":2}},"categories":[1],"tags":[],"class_list":["post-2038","post","type-post","status-publish","format-standard","hentry","category-noticias"],"yoast_head":"<!-- This site is optimized with the Yoast SEO plugin v26.7 - https:\/\/yoast.com\/wordpress\/plugins\/seo\/ -->\n<title>NEPSI participa do evento &quot;Marco Zero Edital 12\/2022 - Fam\u00edlia e Pol\u00edticas P\u00fablicas no Brasil II&quot; -<\/title>\n<meta name=\"robots\" content=\"index, follow, max-snippet:-1, max-image-preview:large, max-video-preview:-1\" \/>\n<link rel=\"canonical\" href=\"https:\/\/wp.ufpel.edu.br\/nepsi\/2022\/12\/14\/nepsi-participa-do-evento-marco-zero-edital-12-2022-familia-e-politicas-publicas-no-brasil-ii\/\" \/>\n<meta property=\"og:locale\" content=\"pt_BR\" \/>\n<meta property=\"og:type\" content=\"article\" \/>\n<meta property=\"og:title\" content=\"NEPSI participa do evento &quot;Marco Zero Edital 12\/2022 - Fam\u00edlia e Pol\u00edticas P\u00fablicas no Brasil II&quot; -\" \/>\n<meta property=\"og:description\" content=\"NEPSI participa do evento \u201cMarco Zero Edital 12\/2022 &#8211; Fam\u00edlia e Pol\u00edticas P\u00fablicas no Brasil II\u201d com participa\u00e7\u00e3o dos professores Tiago N Munhoz e Mateus Luz Levandowski apresentando sobre projetos financiados pela CAPES. Apresentador: Tiago N Munhoz Pesquisa: Estilos parentais e desempenho escolar em crian\u00e7as (\u00b1 6 anos) de fam\u00edlias benefici\u00e1rias de programa nacional de [&hellip;]\" \/>\n<meta property=\"og:url\" content=\"https:\/\/wp.ufpel.edu.br\/nepsi\/2022\/12\/14\/nepsi-participa-do-evento-marco-zero-edital-12-2022-familia-e-politicas-publicas-no-brasil-ii\/\" \/>\n<meta property=\"article:publisher\" content=\"https:\/\/www.facebook.com\/ufpel.nepsi\/\" \/>\n<meta property=\"article:author\" content=\"https:\/\/www.facebook.com\/ufpel.nepsi\" \/>\n<meta property=\"article:published_time\" content=\"2022-12-14T14:49:33+00:00\" \/>\n<meta property=\"og:image\" content=\"https:\/\/wp.ufpel.edu.br\/nepsi\/files\/2022\/12\/Seminario_Marco_Zero_feed.png\" \/>\n<meta name=\"author\" content=\"nepsi\" \/>\n<meta name=\"twitter:card\" content=\"summary_large_image\" \/>\n<meta name=\"twitter:creator\" content=\"@ufpel_nepsi\" \/>\n<meta name=\"twitter:site\" content=\"@ufpel_nepsi\" \/>\n<meta name=\"twitter:label1\" content=\"Escrito por\" \/>\n\t<meta name=\"twitter:data1\" content=\"nepsi\" \/>\n\t<meta name=\"twitter:label2\" content=\"Est. tempo de leitura\" \/>\n\t<meta name=\"twitter:data2\" content=\"1 minuto\" \/>\n<script type=\"application\/ld+json\" class=\"yoast-schema-graph\">{\"@context\":\"https:\/\/schema.org\",\"@graph\":[{\"@type\":\"Article\",\"@id\":\"https:\/\/wp.ufpel.edu.br\/nepsi\/2022\/12\/14\/nepsi-participa-do-evento-marco-zero-edital-12-2022-familia-e-politicas-publicas-no-brasil-ii\/#article\",\"isPartOf\":{\"@id\":\"https:\/\/wp.ufpel.edu.br\/nepsi\/2022\/12\/14\/nepsi-participa-do-evento-marco-zero-edital-12-2022-familia-e-politicas-publicas-no-brasil-ii\/\"},\"author\":{\"name\":\"nepsi\",\"@id\":\"https:\/\/wp.ufpel.edu.br\/nepsi\/#\/schema\/person\/265f7a768f0856c302a262ef85682717\"},\"headline\":\"NEPSI participa do evento &#8220;Marco Zero Edital 12\/2022 &#8211; Fam\u00edlia e Pol\u00edticas P\u00fablicas no Brasil II&#8221;\",\"datePublished\":\"2022-12-14T14:49:33+00:00\",\"mainEntityOfPage\":{\"@id\":\"https:\/\/wp.ufpel.edu.br\/nepsi\/2022\/12\/14\/nepsi-participa-do-evento-marco-zero-edital-12-2022-familia-e-politicas-publicas-no-brasil-ii\/\"},\"wordCount\":124,\"publisher\":{\"@id\":\"https:\/\/wp.ufpel.edu.br\/nepsi\/#organization\"},\"image\":{\"@id\":\"https:\/\/wp.ufpel.edu.br\/nepsi\/2022\/12\/14\/nepsi-participa-do-evento-marco-zero-edital-12-2022-familia-e-politicas-publicas-no-brasil-ii\/#primaryimage\"},\"thumbnailUrl\":\"https:\/\/wp.ufpel.edu.br\/nepsi\/files\/2022\/12\/Seminario_Marco_Zero_feed.png\",\"articleSection\":[\"Not\u00edcias\"],\"inLanguage\":\"pt-BR\"},{\"@type\":\"WebPage\",\"@id\":\"https:\/\/wp.ufpel.edu.br\/nepsi\/2022\/12\/14\/nepsi-participa-do-evento-marco-zero-edital-12-2022-familia-e-politicas-publicas-no-brasil-ii\/\",\"url\":\"https:\/\/wp.ufpel.edu.br\/nepsi\/2022\/12\/14\/nepsi-participa-do-evento-marco-zero-edital-12-2022-familia-e-politicas-publicas-no-brasil-ii\/\",\"name\":\"NEPSI participa do evento \\\"Marco Zero Edital 12\/2022 - Fam\u00edlia e Pol\u00edticas P\u00fablicas no Brasil II\\\" -\",\"isPartOf\":{\"@id\":\"https:\/\/wp.ufpel.edu.br\/nepsi\/#website\"},\"primaryImageOfPage\":{\"@id\":\"https:\/\/wp.ufpel.edu.br\/nepsi\/2022\/12\/14\/nepsi-participa-do-evento-marco-zero-edital-12-2022-familia-e-politicas-publicas-no-brasil-ii\/#primaryimage\"},\"image\":{\"@id\":\"https:\/\/wp.ufpel.edu.br\/nepsi\/2022\/12\/14\/nepsi-participa-do-evento-marco-zero-edital-12-2022-familia-e-politicas-publicas-no-brasil-ii\/#primaryimage\"},\"thumbnailUrl\":\"https:\/\/wp.ufpel.edu.br\/nepsi\/files\/2022\/12\/Seminario_Marco_Zero_feed.png\",\"datePublished\":\"2022-12-14T14:49:33+00:00\",\"breadcrumb\":{\"@id\":\"https:\/\/wp.ufpel.edu.br\/nepsi\/2022\/12\/14\/nepsi-participa-do-evento-marco-zero-edital-12-2022-familia-e-politicas-publicas-no-brasil-ii\/#breadcrumb\"},\"inLanguage\":\"pt-BR\",\"potentialAction\":[{\"@type\":\"ReadAction\",\"target\":[\"https:\/\/wp.ufpel.edu.br\/nepsi\/2022\/12\/14\/nepsi-participa-do-evento-marco-zero-edital-12-2022-familia-e-politicas-publicas-no-brasil-ii\/\"]}]},{\"@type\":\"ImageObject\",\"inLanguage\":\"pt-BR\",\"@id\":\"https:\/\/wp.ufpel.edu.br\/nepsi\/2022\/12\/14\/nepsi-participa-do-evento-marco-zero-edital-12-2022-familia-e-politicas-publicas-no-brasil-ii\/#primaryimage\",\"url\":\"https:\/\/i0.wp.com\/wp.ufpel.edu.br\/nepsi\/files\/2022\/12\/Seminario_Marco_Zero_feed.png?fit=1080%2C1080&ssl=1\",\"contentUrl\":\"https:\/\/i0.wp.com\/wp.ufpel.edu.br\/nepsi\/files\/2022\/12\/Seminario_Marco_Zero_feed.png?fit=1080%2C1080&ssl=1\",\"width\":1080,\"height\":1080},{\"@type\":\"BreadcrumbList\",\"@id\":\"https:\/\/wp.ufpel.edu.br\/nepsi\/2022\/12\/14\/nepsi-participa-do-evento-marco-zero-edital-12-2022-familia-e-politicas-publicas-no-brasil-ii\/#breadcrumb\",\"itemListElement\":[{\"@type\":\"ListItem\",\"position\":1,\"name\":\"In\u00edcio\",\"item\":\"https:\/\/wp.ufpel.edu.br\/nepsi\/\"},{\"@type\":\"ListItem\",\"position\":2,\"name\":\"NEPSI participa do evento &#8220;Marco Zero Edital 12\/2022 &#8211; Fam\u00edlia e Pol\u00edticas P\u00fablicas no Brasil II&#8221;\"}]},{\"@type\":\"WebSite\",\"@id\":\"https:\/\/wp.ufpel.edu.br\/nepsi\/#website\",\"url\":\"https:\/\/wp.ufpel.edu.br\/nepsi\/\",\"name\":\"\",\"description\":\"Coordena\u00e7\u00e3o: Prof. Tiago Neuenfeld Munhoz\",\"publisher\":{\"@id\":\"https:\/\/wp.ufpel.edu.br\/nepsi\/#organization\"},\"potentialAction\":[{\"@type\":\"SearchAction\",\"target\":{\"@type\":\"EntryPoint\",\"urlTemplate\":\"https:\/\/wp.ufpel.edu.br\/nepsi\/?s={search_term_string}\"},\"query-input\":{\"@type\":\"PropertyValueSpecification\",\"valueRequired\":true,\"valueName\":\"search_term_string\"}}],\"inLanguage\":\"pt-BR\"},{\"@type\":\"Organization\",\"@id\":\"https:\/\/wp.ufpel.edu.br\/nepsi\/#organization\",\"name\":\"N\u00facleo de Estudos, Pesquisas e Interven\u00e7\u00f5es em Sa\u00fade Mental, Cogni\u00e7\u00e3o e Comportamento\",\"url\":\"https:\/\/wp.ufpel.edu.br\/nepsi\/\",\"logo\":{\"@type\":\"ImageObject\",\"inLanguage\":\"pt-BR\",\"@id\":\"https:\/\/wp.ufpel.edu.br\/nepsi\/#\/schema\/logo\/image\/\",\"url\":\"https:\/\/i2.wp.com\/wp.ufpel.edu.br\/nepsi\/files\/2020\/06\/NEPSI-22-1.jpg?fit=632%2C591&ssl=1\",\"contentUrl\":\"https:\/\/i2.wp.com\/wp.ufpel.edu.br\/nepsi\/files\/2020\/06\/NEPSI-22-1.jpg?fit=632%2C591&ssl=1\",\"width\":632,\"height\":591,\"caption\":\"N\u00facleo de Estudos, Pesquisas e Interven\u00e7\u00f5es em Sa\u00fade Mental, Cogni\u00e7\u00e3o e Comportamento\"},\"image\":{\"@id\":\"https:\/\/wp.ufpel.edu.br\/nepsi\/#\/schema\/logo\/image\/\"},\"sameAs\":[\"https:\/\/www.facebook.com\/ufpel.nepsi\/\",\"https:\/\/x.com\/ufpel_nepsi\",\"https:\/\/www.instagram.com\/ufpel_nepsi\",\"https:\/\/www.youtube.com\/channel\/UCMFJAGTPIQf5MMjvJCDyPDw\"]},{\"@type\":\"Person\",\"@id\":\"https:\/\/wp.ufpel.edu.br\/nepsi\/#\/schema\/person\/265f7a768f0856c302a262ef85682717\",\"name\":\"nepsi\",\"image\":{\"@type\":\"ImageObject\",\"inLanguage\":\"pt-BR\",\"@id\":\"https:\/\/wp.ufpel.edu.br\/nepsi\/#\/schema\/person\/image\/\",\"url\":\"https:\/\/secure.gravatar.com\/avatar\/e008e3cefbbe4bdab7890f2e6f4d9f2530b8924390d124b9823f58302461bfd2?s=96&d=mm&r=g\",\"contentUrl\":\"https:\/\/secure.gravatar.com\/avatar\/e008e3cefbbe4bdab7890f2e6f4d9f2530b8924390d124b9823f58302461bfd2?s=96&d=mm&r=g\",\"caption\":\"nepsi\"},\"sameAs\":[\"https:\/\/wp.ufpel.edu.br\/nepsi\/\",\"https:\/\/www.facebook.com\/ufpel.nepsi\",\"https:\/\/www.instagram.com\/ufpel_nepsi\/\",\"https:\/\/x.com\/ufpel_nepsi\",\"https:\/\/www.youtube.com\/channel\/UCMFJAGTPIQf5MMjvJCDyPDw\",\"https:\/\/nepsi-ufpel.tumblr.com\/\"]}]}<\/script>\n<!-- \/ Yoast SEO plugin. -->","yoast_head_json":{"title":"NEPSI participa do evento \"Marco Zero Edital 12\/2022 - Fam\u00edlia e Pol\u00edticas P\u00fablicas no Brasil II\" -","robots":{"index":"index","follow":"follow","max-snippet":"max-snippet:-1","max-image-preview":"max-image-preview:large","max-video-preview":"max-video-preview:-1"},"canonical":"https:\/\/wp.ufpel.edu.br\/nepsi\/2022\/12\/14\/nepsi-participa-do-evento-marco-zero-edital-12-2022-familia-e-politicas-publicas-no-brasil-ii\/","og_locale":"pt_BR","og_type":"article","og_title":"NEPSI participa do evento \"Marco Zero Edital 12\/2022 - Fam\u00edlia e Pol\u00edticas P\u00fablicas no Brasil II\" -","og_description":"NEPSI participa do evento \u201cMarco Zero Edital 12\/2022 &#8211; Fam\u00edlia e Pol\u00edticas P\u00fablicas no Brasil II\u201d com participa\u00e7\u00e3o dos professores Tiago N Munhoz e Mateus Luz Levandowski apresentando sobre projetos financiados pela CAPES. Apresentador: Tiago N Munhoz Pesquisa: Estilos parentais e desempenho escolar em crian\u00e7as (\u00b1 6 anos) de fam\u00edlias benefici\u00e1rias de programa nacional de [&hellip;]","og_url":"https:\/\/wp.ufpel.edu.br\/nepsi\/2022\/12\/14\/nepsi-participa-do-evento-marco-zero-edital-12-2022-familia-e-politicas-publicas-no-brasil-ii\/","article_publisher":"https:\/\/www.facebook.com\/ufpel.nepsi\/","article_author":"https:\/\/www.facebook.com\/ufpel.nepsi","article_published_time":"2022-12-14T14:49:33+00:00","og_image":[{"url":"https:\/\/wp.ufpel.edu.br\/nepsi\/files\/2022\/12\/Seminario_Marco_Zero_feed.png","type":"","width":"","height":""}],"author":"nepsi","twitter_card":"summary_large_image","twitter_creator":"@ufpel_nepsi","twitter_site":"@ufpel_nepsi","twitter_misc":{"Escrito por":"nepsi","Est. tempo de leitura":"1 minuto"},"schema":{"@context":"https:\/\/schema.org","@graph":[{"@type":"Article","@id":"https:\/\/wp.ufpel.edu.br\/nepsi\/2022\/12\/14\/nepsi-participa-do-evento-marco-zero-edital-12-2022-familia-e-politicas-publicas-no-brasil-ii\/#article","isPartOf":{"@id":"https:\/\/wp.ufpel.edu.br\/nepsi\/2022\/12\/14\/nepsi-participa-do-evento-marco-zero-edital-12-2022-familia-e-politicas-publicas-no-brasil-ii\/"},"author":{"name":"nepsi","@id":"https:\/\/wp.ufpel.edu.br\/nepsi\/#\/schema\/person\/265f7a768f0856c302a262ef85682717"},"headline":"NEPSI participa do evento &#8220;Marco Zero Edital 12\/2022 &#8211; Fam\u00edlia e Pol\u00edticas P\u00fablicas no Brasil II&#8221;","datePublished":"2022-12-14T14:49:33+00:00","mainEntityOfPage":{"@id":"https:\/\/wp.ufpel.edu.br\/nepsi\/2022\/12\/14\/nepsi-participa-do-evento-marco-zero-edital-12-2022-familia-e-politicas-publicas-no-brasil-ii\/"},"wordCount":124,"publisher":{"@id":"https:\/\/wp.ufpel.edu.br\/nepsi\/#organization"},"image":{"@id":"https:\/\/wp.ufpel.edu.br\/nepsi\/2022\/12\/14\/nepsi-participa-do-evento-marco-zero-edital-12-2022-familia-e-politicas-publicas-no-brasil-ii\/#primaryimage"},"thumbnailUrl":"https:\/\/wp.ufpel.edu.br\/nepsi\/files\/2022\/12\/Seminario_Marco_Zero_feed.png","articleSection":["Not\u00edcias"],"inLanguage":"pt-BR"},{"@type":"WebPage","@id":"https:\/\/wp.ufpel.edu.br\/nepsi\/2022\/12\/14\/nepsi-participa-do-evento-marco-zero-edital-12-2022-familia-e-politicas-publicas-no-brasil-ii\/","url":"https:\/\/wp.ufpel.edu.br\/nepsi\/2022\/12\/14\/nepsi-participa-do-evento-marco-zero-edital-12-2022-familia-e-politicas-publicas-no-brasil-ii\/","name":"NEPSI participa do evento \"Marco Zero Edital 12\/2022 - Fam\u00edlia e Pol\u00edticas P\u00fablicas no Brasil II\" -","isPartOf":{"@id":"https:\/\/wp.ufpel.edu.br\/nepsi\/#website"},"primaryImageOfPage":{"@id":"https:\/\/wp.ufpel.edu.br\/nepsi\/2022\/12\/14\/nepsi-participa-do-evento-marco-zero-edital-12-2022-familia-e-politicas-publicas-no-brasil-ii\/#primaryimage"},"image":{"@id":"https:\/\/wp.ufpel.edu.br\/nepsi\/2022\/12\/14\/nepsi-participa-do-evento-marco-zero-edital-12-2022-familia-e-politicas-publicas-no-brasil-ii\/#primaryimage"},"thumbnailUrl":"https:\/\/wp.ufpel.edu.br\/nepsi\/files\/2022\/12\/Seminario_Marco_Zero_feed.png","datePublished":"2022-12-14T14:49:33+00:00","breadcrumb":{"@id":"https:\/\/wp.ufpel.edu.br\/nepsi\/2022\/12\/14\/nepsi-participa-do-evento-marco-zero-edital-12-2022-familia-e-politicas-publicas-no-brasil-ii\/#breadcrumb"},"inLanguage":"pt-BR","potentialAction":[{"@type":"ReadAction","target":["https:\/\/wp.ufpel.edu.br\/nepsi\/2022\/12\/14\/nepsi-participa-do-evento-marco-zero-edital-12-2022-familia-e-politicas-publicas-no-brasil-ii\/"]}]},{"@type":"ImageObject","inLanguage":"pt-BR","@id":"https:\/\/wp.ufpel.edu.br\/nepsi\/2022\/12\/14\/nepsi-participa-do-evento-marco-zero-edital-12-2022-familia-e-politicas-publicas-no-brasil-ii\/#primaryimage","url":"https:\/\/i0.wp.com\/wp.ufpel.edu.br\/nepsi\/files\/2022\/12\/Seminario_Marco_Zero_feed.png?fit=1080%2C1080&ssl=1","contentUrl":"https:\/\/i0.wp.com\/wp.ufpel.edu.br\/nepsi\/files\/2022\/12\/Seminario_Marco_Zero_feed.png?fit=1080%2C1080&ssl=1","width":1080,"height":1080},{"@type":"BreadcrumbList","@id":"https:\/\/wp.ufpel.edu.br\/nepsi\/2022\/12\/14\/nepsi-participa-do-evento-marco-zero-edital-12-2022-familia-e-politicas-publicas-no-brasil-ii\/#breadcrumb","itemListElement":[{"@type":"ListItem","position":1,"name":"In\u00edcio","item":"https:\/\/wp.ufpel.edu.br\/nepsi\/"},{"@type":"ListItem","position":2,"name":"NEPSI participa do evento &#8220;Marco Zero Edital 12\/2022 &#8211; Fam\u00edlia e Pol\u00edticas P\u00fablicas no Brasil II&#8221;"}]},{"@type":"WebSite","@id":"https:\/\/wp.ufpel.edu.br\/nepsi\/#website","url":"https:\/\/wp.ufpel.edu.br\/nepsi\/","name":"","description":"Coordena\u00e7\u00e3o: Prof. Tiago Neuenfeld Munhoz","publisher":{"@id":"https:\/\/wp.ufpel.edu.br\/nepsi\/#organization"},"potentialAction":[{"@type":"SearchAction","target":{"@type":"EntryPoint","urlTemplate":"https:\/\/wp.ufpel.edu.br\/nepsi\/?s={search_term_string}"},"query-input":{"@type":"PropertyValueSpecification","valueRequired":true,"valueName":"search_term_string"}}],"inLanguage":"pt-BR"},{"@type":"Organization","@id":"https:\/\/wp.ufpel.edu.br\/nepsi\/#organization","name":"N\u00facleo de Estudos, Pesquisas e Interven\u00e7\u00f5es em Sa\u00fade Mental, Cogni\u00e7\u00e3o e Comportamento","url":"https:\/\/wp.ufpel.edu.br\/nepsi\/","logo":{"@type":"ImageObject","inLanguage":"pt-BR","@id":"https:\/\/wp.ufpel.edu.br\/nepsi\/#\/schema\/logo\/image\/","url":"https:\/\/i2.wp.com\/wp.ufpel.edu.br\/nepsi\/files\/2020\/06\/NEPSI-22-1.jpg?fit=632%2C591&ssl=1","contentUrl":"https:\/\/i2.wp.com\/wp.ufpel.edu.br\/nepsi\/files\/2020\/06\/NEPSI-22-1.jpg?fit=632%2C591&ssl=1","width":632,"height":591,"caption":"N\u00facleo de Estudos, Pesquisas e Interven\u00e7\u00f5es em Sa\u00fade Mental, Cogni\u00e7\u00e3o e Comportamento"},"image":{"@id":"https:\/\/wp.ufpel.edu.br\/nepsi\/#\/schema\/logo\/image\/"},"sameAs":["https:\/\/www.facebook.com\/ufpel.nepsi\/","https:\/\/x.com\/ufpel_nepsi","https:\/\/www.instagram.com\/ufpel_nepsi","https:\/\/www.youtube.com\/channel\/UCMFJAGTPIQf5MMjvJCDyPDw"]},{"@type":"Person","@id":"https:\/\/wp.ufpel.edu.br\/nepsi\/#\/schema\/person\/265f7a768f0856c302a262ef85682717","name":"nepsi","image":{"@type":"ImageObject","inLanguage":"pt-BR","@id":"https:\/\/wp.ufpel.edu.br\/nepsi\/#\/schema\/person\/image\/","url":"https:\/\/secure.gravatar.com\/avatar\/e008e3cefbbe4bdab7890f2e6f4d9f2530b8924390d124b9823f58302461bfd2?s=96&d=mm&r=g","contentUrl":"https:\/\/secure.gravatar.com\/avatar\/e008e3cefbbe4bdab7890f2e6f4d9f2530b8924390d124b9823f58302461bfd2?s=96&d=mm&r=g","caption":"nepsi"},"sameAs":["https:\/\/wp.ufpel.edu.br\/nepsi\/","https:\/\/www.facebook.com\/ufpel.nepsi","https:\/\/www.instagram.com\/ufpel_nepsi\/","https:\/\/x.com\/ufpel_nepsi","https:\/\/www.youtube.com\/channel\/UCMFJAGTPIQf5MMjvJCDyPDw","https:\/\/nepsi-ufpel.tumblr.com\/"]}]}},"jetpack_publicize_connections":[],"jetpack_featured_media_url":"","jetpack_sharing_enabled":true,"jetpack_shortlink":"https:\/\/wp.me\/p9iCrQ-wS","jetpack_likes_enabled":true,"jetpack-related-posts":[{"id":1776,"url":"https:\/\/wp.ufpel.edu.br\/nepsi\/2021\/10\/14\/nepsi-participa-do-evento-em-brasilia-apresentando-o-projeto-mapa-da-violencia-contra-criancas-e-adolesce-ntes\/","url_meta":{"origin":2038,"position":0},"title":"NEPSI participa do evento em Bras\u00edlia apresentando o projeto &#8220;Mapa da Viol\u00eancia contra crian\u00e7as e adolesce ntes&#8221;","author":"nepsi","date":"14\/10\/2021","format":false,"excerpt":"O professor Mateus Luz Levandowski participa entre os dias 13 e 15 de outubro do evento em Bras\u00edlia para apresenta\u00e7\u00e3o do projeto aprovado no edital Capes 02\/2021. O edital \u00e9 uma iniciativa da Secretaria Nacional da Fam\u00edlia (SNF\/MMFDH) e a Coordena\u00e7\u00e3o de Aperfei\u00e7oamento de Pessoal de N\u00edvel Superior (Capes). A\u2026","rel":"","context":"Em &quot;Not\u00edcias&quot;","block_context":{"text":"Not\u00edcias","link":"https:\/\/wp.ufpel.edu.br\/nepsi\/category\/noticias\/"},"img":{"alt_text":"","src":"https:\/\/i0.wp.com\/wp.ufpel.edu.br\/nepsi\/files\/2021\/10\/mateus.png?resize=350%2C200&ssl=1","width":350,"height":200,"srcset":"https:\/\/i0.wp.com\/wp.ufpel.edu.br\/nepsi\/files\/2021\/10\/mateus.png?resize=350%2C200&ssl=1 1x, https:\/\/i0.wp.com\/wp.ufpel.edu.br\/nepsi\/files\/2021\/10\/mateus.png?resize=525%2C300&ssl=1 1.5x, https:\/\/i0.wp.com\/wp.ufpel.edu.br\/nepsi\/files\/2021\/10\/mateus.png?resize=700%2C400&ssl=1 2x, https:\/\/i0.wp.com\/wp.ufpel.edu.br\/nepsi\/files\/2021\/10\/mateus.png?resize=1050%2C600&ssl=1 3x, https:\/\/i0.wp.com\/wp.ufpel.edu.br\/nepsi\/files\/2021\/10\/mateus.png?resize=1400%2C800&ssl=1 4x"},"classes":[]},{"id":1936,"url":"https:\/\/wp.ufpel.edu.br\/nepsi\/2022\/05\/17\/nepsi-e-ppg-psicologia-furg-realizarao-pesquisa-financiada-pela-capes\/","url_meta":{"origin":2038,"position":1},"title":"NEPSI e PPG Psicologia FURG realizar\u00e3o pesquisa financiada pela CAPES","author":"nepsi","date":"17\/05\/2022","format":false,"excerpt":"Proposta liderada pelo professor Tiago Neuenfeld Munhoz foi contemplada com bolsas de P\u00f3s-Gradua\u00e7\u00e3o e recursos de custeio da CAPES. O professor Mateus Luz Levandowski e colegas de outras institui\u00e7\u00f5es tamb\u00e9m far\u00e3o parte do projeto. A proposta se insere no contexto social de avalia\u00e7\u00e3o da popula\u00e7\u00e3o participante de programas de transfer\u00eancia\u2026","rel":"","context":"Em &quot;Not\u00edcias&quot;","block_context":{"text":"Not\u00edcias","link":"https:\/\/wp.ufpel.edu.br\/nepsi\/category\/noticias\/"},"img":{"alt_text":"","src":"https:\/\/i0.wp.com\/wp.ufpel.edu.br\/nepsi\/files\/2022\/05\/280925495_325453839702890_8872415722719550842_n.jpg?resize=350%2C200&ssl=1","width":350,"height":200,"srcset":"https:\/\/i0.wp.com\/wp.ufpel.edu.br\/nepsi\/files\/2022\/05\/280925495_325453839702890_8872415722719550842_n.jpg?resize=350%2C200&ssl=1 1x, https:\/\/i0.wp.com\/wp.ufpel.edu.br\/nepsi\/files\/2022\/05\/280925495_325453839702890_8872415722719550842_n.jpg?resize=525%2C300&ssl=1 1.5x, https:\/\/i0.wp.com\/wp.ufpel.edu.br\/nepsi\/files\/2022\/05\/280925495_325453839702890_8872415722719550842_n.jpg?resize=700%2C400&ssl=1 2x, https:\/\/i0.wp.com\/wp.ufpel.edu.br\/nepsi\/files\/2022\/05\/280925495_325453839702890_8872415722719550842_n.jpg?resize=1050%2C600&ssl=1 3x"},"classes":[]},{"id":1949,"url":"https:\/\/wp.ufpel.edu.br\/nepsi\/2022\/07\/27\/selecao-estudante-especial-ppg-enfermagem-ufpel\/","url_meta":{"origin":2038,"position":2},"title":"Sele\u00e7\u00e3o Estudante Especial &#8211; PPG Enfermagem UFPel","author":"nepsi","date":"27\/07\/2022","format":false,"excerpt":"O Programa de P\u00f3s-Gradua\u00e7\u00e3o em Enfermagem da UFPel torna p\u00fablico o Edital de Sele\u00e7\u00e3o de Estudantes Especiais para o segundo semestre de 2022. As inscri\u00e7\u00f5es ao Exame de Sele\u00e7\u00e3o para cursar disciplina optativa como estudante especial do Programa de P\u00f3s-Gradua\u00e7\u00e3o em Enfermagem da UFPel estar\u00e3o abertas no per\u00edodo de 27\u2026","rel":"","context":"Em &quot;Not\u00edcias&quot;","block_context":{"text":"Not\u00edcias","link":"https:\/\/wp.ufpel.edu.br\/nepsi\/category\/noticias\/"},"img":{"alt_text":"","src":"https:\/\/i0.wp.com\/wp.ufpel.edu.br\/nepsi\/files\/2022\/07\/pg1.png?resize=350%2C200","width":350,"height":200},"classes":[]},{"id":2022,"url":"https:\/\/wp.ufpel.edu.br\/nepsi\/2022\/11\/21\/nepsi-divulga-edital-para-pos-doutorado\/","url_meta":{"origin":2038,"position":3},"title":"NEPSI divulga Edital para P\u00f3s-Doutorado","author":"nepsi","date":"21\/11\/2022","format":false,"excerpt":"O N\u00facleo de Sa\u00fade Mental, Cogni\u00e7\u00e3o e Comportamento (NEPSI) tem tr\u00eas posi\u00e7\u00f5es de p\u00f3s-doutorado abertas para trabalho com projetos relacionados a sa\u00fade mental, parentalidade, desenvolvimento infantil e capital humano. As bolsas s\u00e3o financiadas pela CAPES (Edital da CAPES n\u00b0 12\/2022), vinculadas ao projeto \"Estilos parentais e desempenho escolar em crian\u00e7as\u2026","rel":"","context":"Em &quot;Not\u00edcias&quot;","block_context":{"text":"Not\u00edcias","link":"https:\/\/wp.ufpel.edu.br\/nepsi\/category\/noticias\/"},"img":{"alt_text":"","src":"https:\/\/i0.wp.com\/wp.ufpel.edu.br\/nepsi\/files\/2022\/11\/2022_nepsi_posdoc-1.png?resize=350%2C200&ssl=1","width":350,"height":200,"srcset":"https:\/\/i0.wp.com\/wp.ufpel.edu.br\/nepsi\/files\/2022\/11\/2022_nepsi_posdoc-1.png?resize=350%2C200&ssl=1 1x, https:\/\/i0.wp.com\/wp.ufpel.edu.br\/nepsi\/files\/2022\/11\/2022_nepsi_posdoc-1.png?resize=525%2C300&ssl=1 1.5x, https:\/\/i0.wp.com\/wp.ufpel.edu.br\/nepsi\/files\/2022\/11\/2022_nepsi_posdoc-1.png?resize=700%2C400&ssl=1 2x, https:\/\/i0.wp.com\/wp.ufpel.edu.br\/nepsi\/files\/2022\/11\/2022_nepsi_posdoc-1.png?resize=1050%2C600&ssl=1 3x"},"classes":[]},{"id":1621,"url":"https:\/\/wp.ufpel.edu.br\/nepsi\/2021\/07\/29\/edital-03-2021-03-vagas-com-bolsa-capes-de-mestrado-em-psicologia-furg-apoio-capes\/","url_meta":{"origin":2038,"position":4},"title":"Edital 03\/2021 &#8211; 03 vagas COM BOLSA CAPES DE MESTRADO em Psicologia FURG  &#8211; Apoio CAPES","author":"nepsi","date":"29\/07\/2021","format":false,"excerpt":"O per\u00edodo de inscri\u00e7\u00e3o vai do dia 28 de Julho de 2021 at\u00e9 o dia 05 de Agosto de 2021. Acesse o EDITAL completo para maiores informa\u00e7\u00f5es AQUI Para inscri\u00e7\u00f5es: Inscri\u00e7\u00f5es\/SIPOSG - FURG RESUMO: Est\u00e3o sendo oferecidas 03 vagas COM BOLSA CAPES DE MESTRADO vinculadas ao projeto \u201cMapa da Viol\u00eancia\u2026","rel":"","context":"Em &quot;Not\u00edcias&quot;","block_context":{"text":"Not\u00edcias","link":"https:\/\/wp.ufpel.edu.br\/nepsi\/category\/noticias\/"},"img":{"alt_text":"","src":"https:\/\/i0.wp.com\/wp.ufpel.edu.br\/nepsi\/files\/2021\/07\/Arte-Selecao-Mestrado.png?resize=350%2C200&ssl=1","width":350,"height":200,"srcset":"https:\/\/i0.wp.com\/wp.ufpel.edu.br\/nepsi\/files\/2021\/07\/Arte-Selecao-Mestrado.png?resize=350%2C200&ssl=1 1x, https:\/\/i0.wp.com\/wp.ufpel.edu.br\/nepsi\/files\/2021\/07\/Arte-Selecao-Mestrado.png?resize=525%2C300&ssl=1 1.5x, https:\/\/i0.wp.com\/wp.ufpel.edu.br\/nepsi\/files\/2021\/07\/Arte-Selecao-Mestrado.png?resize=700%2C400&ssl=1 2x, https:\/\/i0.wp.com\/wp.ufpel.edu.br\/nepsi\/files\/2021\/07\/Arte-Selecao-Mestrado.png?resize=1050%2C600&ssl=1 3x"},"classes":[]},{"id":620,"url":"https:\/\/wp.ufpel.edu.br\/nepsi\/2020\/06\/08\/pesquisa-online-praticas-parentais-e-distanciamento-social-no-brasil\/","url_meta":{"origin":2038,"position":5},"title":"Pesquisa Online: Pr\u00e1ticas Parentais e distanciamento social no Brasil","author":"nepsi","date":"08\/06\/2020","format":false,"excerpt":"Durante a pandemia do novo coronavirus (SARS-CoV-2) as rela\u00e7\u00f5es sociais, especialmente as atividades de trabalho e ensino, sofreram grandes transforma\u00e7\u00f5es. Ser\u00e1 que estas transforma\u00e7\u00f5es afetaram as rela\u00e7\u00f5es entre crian\u00e7as, adolescentes e seus pais\/cuidadores? Para responder essa pergunta, os professores do curso de Psicologia da Universidade Federal de Pelotas (UFPel), Tiago\u2026","rel":"","context":"Em &quot;Not\u00edcias&quot;","block_context":{"text":"Not\u00edcias","link":"https:\/\/wp.ufpel.edu.br\/nepsi\/category\/noticias\/"},"img":{"alt_text":"","src":"https:\/\/i0.wp.com\/wp.ufpel.edu.br\/nepsi\/files\/2020\/06\/Pesquisa_Praticas_Parentais_UFPEL_Divulgacao.jpg?resize=350%2C200&ssl=1","width":350,"height":200},"classes":[]}],"_links":{"self":[{"href":"https:\/\/wp.ufpel.edu.br\/nepsi\/wp-json\/wp\/v2\/posts\/2038","targetHints":{"allow":["GET"]}}],"collection":[{"href":"https:\/\/wp.ufpel.edu.br\/nepsi\/wp-json\/wp\/v2\/posts"}],"about":[{"href":"https:\/\/wp.ufpel.edu.br\/nepsi\/wp-json\/wp\/v2\/types\/post"}],"author":[{"embeddable":true,"href":"https:\/\/wp.ufpel.edu.br\/nepsi\/wp-json\/wp\/v2\/users\/807"}],"replies":[{"embeddable":true,"href":"https:\/\/wp.ufpel.edu.br\/nepsi\/wp-json\/wp\/v2\/comments?post=2038"}],"version-history":[{"count":1,"href":"https:\/\/wp.ufpel.edu.br\/nepsi\/wp-json\/wp\/v2\/posts\/2038\/revisions"}],"predecessor-version":[{"id":2040,"href":"https:\/\/wp.ufpel.edu.br\/nepsi\/wp-json\/wp\/v2\/posts\/2038\/revisions\/2040"}],"wp:attachment":[{"href":"https:\/\/wp.ufpel.edu.br\/nepsi\/wp-json\/wp\/v2\/media?parent=2038"}],"wp:term":[{"taxonomy":"category","embeddable":true,"href":"https:\/\/wp.ufpel.edu.br\/nepsi\/wp-json\/wp\/v2\/categories?post=2038"},{"taxonomy":"post_tag","embeddable":true,"href":"https:\/\/wp.ufpel.edu.br\/nepsi\/wp-json\/wp\/v2\/tags?post=2038"}],"curies":[{"name":"wp","href":"https:\/\/api.w.org\/{rel}","templated":true}]}}