{"id":171,"date":"2018-04-13T11:41:55","date_gmt":"2018-04-13T14:41:55","guid":{"rendered":"https:\/\/wp.ufpel.edu.br\/nepsi\/?p=171"},"modified":"2018-04-13T11:41:55","modified_gmt":"2018-04-13T14:41:55","slug":"pesquisadora-inglesa-apresentara-pesquisa-sobre-transtornos-externalizantes-em-pelotas","status":"publish","type":"post","link":"https:\/\/wp.ufpel.edu.br\/nepsi\/2018\/04\/13\/pesquisadora-inglesa-apresentara-pesquisa-sobre-transtornos-externalizantes-em-pelotas\/","title":{"rendered":"Pesquisadora inglesa apresentar\u00e1 pesquisa sobre transtornos externalizantes em Pelotas"},"content":{"rendered":"<p>Na ter\u00e7a-feira, dia 24 de abril, a pesquisadora Gemma Hammerton da Universidade de Bristol, Inglaterra, far\u00e1 uma palestra p\u00fablica sobre\u00a0 <em>Externalising problems across the life-course.<\/em><\/p>\n<p>Onde? Centro de pesquisas Epidemiol\u00f3gicas da UFPEL<\/p>\n<p>Endere\u00e7o? Marechal Deodoro, 1160<\/p>\n<p>Audit\u00f3rio Pr\u00e9dio B &#8211; <strong>DATA:<\/strong>24\/04\/2018 &#8211; <strong>HORA:<\/strong>14:00hs<\/p>\n<p><strong>Apresentador:<\/strong> <a href=\"http:\/\/www.bris.ac.uk\/social-community-medicine\/people\/gemma-l-hammerton\/index.html\">Gemma Hammerton<\/a> &#8211; Universidade de Bristol<\/p>\n<p>&nbsp;<\/p>\n","protected":false},"excerpt":{"rendered":"<p>Na ter\u00e7a-feira, dia 24 de abril, a pesquisadora Gemma Hammerton da Universidade de Bristol, Inglaterra, far\u00e1 uma palestra p\u00fablica sobre\u00a0 Externalising problems across the life-course. Onde? Centro de pesquisas Epidemiol\u00f3gicas da UFPEL Endere\u00e7o? Marechal Deodoro, 1160 Audit\u00f3rio Pr\u00e9dio B &#8211; DATA:24\/04\/2018 &#8211; HORA:14:00hs Apresentador: Gemma Hammerton &#8211; Universidade de Bristol &nbsp;<\/p>\n","protected":false},"author":807,"featured_media":0,"comment_status":"closed","ping_status":"closed","sticky":false,"template":"","format":"standard","meta":{"jetpack_post_was_ever_published":false,"_jetpack_newsletter_access":"","_jetpack_dont_email_post_to_subs":false,"_jetpack_newsletter_tier_id":0,"_jetpack_memberships_contains_paywalled_content":false,"_jetpack_memberships_contains_paid_content":false,"footnotes":"","jetpack_publicize_message":"","jetpack_publicize_feature_enabled":true,"jetpack_social_post_already_shared":true,"jetpack_social_options":{"image_generator_settings":{"template":"highway","default_image_id":0,"font":"","enabled":false},"version":2}},"categories":[1],"tags":[],"class_list":["post-171","post","type-post","status-publish","format-standard","hentry","category-noticias"],"yoast_head":"<!-- This site is optimized with the Yoast SEO plugin v26.7 - https:\/\/yoast.com\/wordpress\/plugins\/seo\/ -->\n<title>Pesquisadora inglesa apresentar\u00e1 pesquisa sobre transtornos externalizantes em Pelotas -<\/title>\n<meta name=\"robots\" content=\"index, follow, max-snippet:-1, max-image-preview:large, max-video-preview:-1\" \/>\n<link rel=\"canonical\" href=\"https:\/\/wp.ufpel.edu.br\/nepsi\/2018\/04\/13\/pesquisadora-inglesa-apresentara-pesquisa-sobre-transtornos-externalizantes-em-pelotas\/\" \/>\n<meta property=\"og:locale\" content=\"pt_BR\" \/>\n<meta property=\"og:type\" content=\"article\" \/>\n<meta property=\"og:title\" content=\"Pesquisadora inglesa apresentar\u00e1 pesquisa sobre transtornos externalizantes em Pelotas -\" \/>\n<meta property=\"og:description\" content=\"Na ter\u00e7a-feira, dia 24 de abril, a pesquisadora Gemma Hammerton da Universidade de Bristol, Inglaterra, far\u00e1 uma palestra p\u00fablica sobre\u00a0 Externalising problems across the life-course. Onde? Centro de pesquisas Epidemiol\u00f3gicas da UFPEL Endere\u00e7o? Marechal Deodoro, 1160 Audit\u00f3rio Pr\u00e9dio B &#8211; DATA:24\/04\/2018 &#8211; HORA:14:00hs Apresentador: Gemma Hammerton &#8211; Universidade de Bristol &nbsp;\" \/>\n<meta property=\"og:url\" content=\"https:\/\/wp.ufpel.edu.br\/nepsi\/2018\/04\/13\/pesquisadora-inglesa-apresentara-pesquisa-sobre-transtornos-externalizantes-em-pelotas\/\" \/>\n<meta property=\"article:publisher\" content=\"https:\/\/www.facebook.com\/ufpel.nepsi\/\" \/>\n<meta property=\"article:author\" content=\"https:\/\/www.facebook.com\/ufpel.nepsi\" \/>\n<meta property=\"article:published_time\" content=\"2018-04-13T14:41:55+00:00\" \/>\n<meta property=\"og:image\" content=\"https:\/\/i0.wp.com\/wp.ufpel.edu.br\/nepsi\/files\/2020\/06\/MINIATURAS-LARANJA-1.png?fit=867%2C715&ssl=1\" \/>\n\t<meta property=\"og:image:width\" content=\"867\" \/>\n\t<meta property=\"og:image:height\" content=\"715\" \/>\n\t<meta property=\"og:image:type\" content=\"image\/png\" \/>\n<meta name=\"author\" content=\"nepsi\" \/>\n<meta name=\"twitter:card\" content=\"summary_large_image\" \/>\n<meta name=\"twitter:creator\" content=\"@ufpel_nepsi\" \/>\n<meta name=\"twitter:site\" content=\"@ufpel_nepsi\" \/>\n<meta name=\"twitter:label1\" content=\"Escrito por\" \/>\n\t<meta name=\"twitter:data1\" content=\"nepsi\" \/>\n<script type=\"application\/ld+json\" class=\"yoast-schema-graph\">{\"@context\":\"https:\/\/schema.org\",\"@graph\":[{\"@type\":\"Article\",\"@id\":\"https:\/\/wp.ufpel.edu.br\/nepsi\/2018\/04\/13\/pesquisadora-inglesa-apresentara-pesquisa-sobre-transtornos-externalizantes-em-pelotas\/#article\",\"isPartOf\":{\"@id\":\"https:\/\/wp.ufpel.edu.br\/nepsi\/2018\/04\/13\/pesquisadora-inglesa-apresentara-pesquisa-sobre-transtornos-externalizantes-em-pelotas\/\"},\"author\":{\"name\":\"nepsi\",\"@id\":\"https:\/\/wp.ufpel.edu.br\/nepsi\/#\/schema\/person\/265f7a768f0856c302a262ef85682717\"},\"headline\":\"Pesquisadora inglesa apresentar\u00e1 pesquisa sobre transtornos externalizantes em Pelotas\",\"datePublished\":\"2018-04-13T14:41:55+00:00\",\"mainEntityOfPage\":{\"@id\":\"https:\/\/wp.ufpel.edu.br\/nepsi\/2018\/04\/13\/pesquisadora-inglesa-apresentara-pesquisa-sobre-transtornos-externalizantes-em-pelotas\/\"},\"wordCount\":65,\"publisher\":{\"@id\":\"https:\/\/wp.ufpel.edu.br\/nepsi\/#organization\"},\"articleSection\":[\"Not\u00edcias\"],\"inLanguage\":\"pt-BR\"},{\"@type\":\"WebPage\",\"@id\":\"https:\/\/wp.ufpel.edu.br\/nepsi\/2018\/04\/13\/pesquisadora-inglesa-apresentara-pesquisa-sobre-transtornos-externalizantes-em-pelotas\/\",\"url\":\"https:\/\/wp.ufpel.edu.br\/nepsi\/2018\/04\/13\/pesquisadora-inglesa-apresentara-pesquisa-sobre-transtornos-externalizantes-em-pelotas\/\",\"name\":\"Pesquisadora inglesa apresentar\u00e1 pesquisa sobre transtornos externalizantes em Pelotas -\",\"isPartOf\":{\"@id\":\"https:\/\/wp.ufpel.edu.br\/nepsi\/#website\"},\"datePublished\":\"2018-04-13T14:41:55+00:00\",\"breadcrumb\":{\"@id\":\"https:\/\/wp.ufpel.edu.br\/nepsi\/2018\/04\/13\/pesquisadora-inglesa-apresentara-pesquisa-sobre-transtornos-externalizantes-em-pelotas\/#breadcrumb\"},\"inLanguage\":\"pt-BR\",\"potentialAction\":[{\"@type\":\"ReadAction\",\"target\":[\"https:\/\/wp.ufpel.edu.br\/nepsi\/2018\/04\/13\/pesquisadora-inglesa-apresentara-pesquisa-sobre-transtornos-externalizantes-em-pelotas\/\"]}]},{\"@type\":\"BreadcrumbList\",\"@id\":\"https:\/\/wp.ufpel.edu.br\/nepsi\/2018\/04\/13\/pesquisadora-inglesa-apresentara-pesquisa-sobre-transtornos-externalizantes-em-pelotas\/#breadcrumb\",\"itemListElement\":[{\"@type\":\"ListItem\",\"position\":1,\"name\":\"In\u00edcio\",\"item\":\"https:\/\/wp.ufpel.edu.br\/nepsi\/\"},{\"@type\":\"ListItem\",\"position\":2,\"name\":\"Pesquisadora inglesa apresentar\u00e1 pesquisa sobre transtornos externalizantes em Pelotas\"}]},{\"@type\":\"WebSite\",\"@id\":\"https:\/\/wp.ufpel.edu.br\/nepsi\/#website\",\"url\":\"https:\/\/wp.ufpel.edu.br\/nepsi\/\",\"name\":\"\",\"description\":\"Coordena\u00e7\u00e3o: Prof. Tiago Neuenfeld Munhoz\",\"publisher\":{\"@id\":\"https:\/\/wp.ufpel.edu.br\/nepsi\/#organization\"},\"potentialAction\":[{\"@type\":\"SearchAction\",\"target\":{\"@type\":\"EntryPoint\",\"urlTemplate\":\"https:\/\/wp.ufpel.edu.br\/nepsi\/?s={search_term_string}\"},\"query-input\":{\"@type\":\"PropertyValueSpecification\",\"valueRequired\":true,\"valueName\":\"search_term_string\"}}],\"inLanguage\":\"pt-BR\"},{\"@type\":\"Organization\",\"@id\":\"https:\/\/wp.ufpel.edu.br\/nepsi\/#organization\",\"name\":\"N\u00facleo de Estudos, Pesquisas e Interven\u00e7\u00f5es em Sa\u00fade Mental, Cogni\u00e7\u00e3o e Comportamento\",\"url\":\"https:\/\/wp.ufpel.edu.br\/nepsi\/\",\"logo\":{\"@type\":\"ImageObject\",\"inLanguage\":\"pt-BR\",\"@id\":\"https:\/\/wp.ufpel.edu.br\/nepsi\/#\/schema\/logo\/image\/\",\"url\":\"https:\/\/i2.wp.com\/wp.ufpel.edu.br\/nepsi\/files\/2020\/06\/NEPSI-22-1.jpg?fit=632%2C591&ssl=1\",\"contentUrl\":\"https:\/\/i2.wp.com\/wp.ufpel.edu.br\/nepsi\/files\/2020\/06\/NEPSI-22-1.jpg?fit=632%2C591&ssl=1\",\"width\":632,\"height\":591,\"caption\":\"N\u00facleo de Estudos, Pesquisas e Interven\u00e7\u00f5es em Sa\u00fade Mental, Cogni\u00e7\u00e3o e Comportamento\"},\"image\":{\"@id\":\"https:\/\/wp.ufpel.edu.br\/nepsi\/#\/schema\/logo\/image\/\"},\"sameAs\":[\"https:\/\/www.facebook.com\/ufpel.nepsi\/\",\"https:\/\/x.com\/ufpel_nepsi\",\"https:\/\/www.instagram.com\/ufpel_nepsi\",\"https:\/\/www.youtube.com\/channel\/UCMFJAGTPIQf5MMjvJCDyPDw\"]},{\"@type\":\"Person\",\"@id\":\"https:\/\/wp.ufpel.edu.br\/nepsi\/#\/schema\/person\/265f7a768f0856c302a262ef85682717\",\"name\":\"nepsi\",\"image\":{\"@type\":\"ImageObject\",\"inLanguage\":\"pt-BR\",\"@id\":\"https:\/\/wp.ufpel.edu.br\/nepsi\/#\/schema\/person\/image\/\",\"url\":\"https:\/\/secure.gravatar.com\/avatar\/e008e3cefbbe4bdab7890f2e6f4d9f2530b8924390d124b9823f58302461bfd2?s=96&d=mm&r=g\",\"contentUrl\":\"https:\/\/secure.gravatar.com\/avatar\/e008e3cefbbe4bdab7890f2e6f4d9f2530b8924390d124b9823f58302461bfd2?s=96&d=mm&r=g\",\"caption\":\"nepsi\"},\"sameAs\":[\"https:\/\/wp.ufpel.edu.br\/nepsi\/\",\"https:\/\/www.facebook.com\/ufpel.nepsi\",\"https:\/\/www.instagram.com\/ufpel_nepsi\/\",\"https:\/\/x.com\/ufpel_nepsi\",\"https:\/\/www.youtube.com\/channel\/UCMFJAGTPIQf5MMjvJCDyPDw\",\"https:\/\/nepsi-ufpel.tumblr.com\/\"]}]}<\/script>\n<!-- \/ Yoast SEO plugin. -->","yoast_head_json":{"title":"Pesquisadora inglesa apresentar\u00e1 pesquisa sobre transtornos externalizantes em Pelotas -","robots":{"index":"index","follow":"follow","max-snippet":"max-snippet:-1","max-image-preview":"max-image-preview:large","max-video-preview":"max-video-preview:-1"},"canonical":"https:\/\/wp.ufpel.edu.br\/nepsi\/2018\/04\/13\/pesquisadora-inglesa-apresentara-pesquisa-sobre-transtornos-externalizantes-em-pelotas\/","og_locale":"pt_BR","og_type":"article","og_title":"Pesquisadora inglesa apresentar\u00e1 pesquisa sobre transtornos externalizantes em Pelotas -","og_description":"Na ter\u00e7a-feira, dia 24 de abril, a pesquisadora Gemma Hammerton da Universidade de Bristol, Inglaterra, far\u00e1 uma palestra p\u00fablica sobre\u00a0 Externalising problems across the life-course. Onde? Centro de pesquisas Epidemiol\u00f3gicas da UFPEL Endere\u00e7o? Marechal Deodoro, 1160 Audit\u00f3rio Pr\u00e9dio B &#8211; DATA:24\/04\/2018 &#8211; HORA:14:00hs Apresentador: Gemma Hammerton &#8211; Universidade de Bristol &nbsp;","og_url":"https:\/\/wp.ufpel.edu.br\/nepsi\/2018\/04\/13\/pesquisadora-inglesa-apresentara-pesquisa-sobre-transtornos-externalizantes-em-pelotas\/","article_publisher":"https:\/\/www.facebook.com\/ufpel.nepsi\/","article_author":"https:\/\/www.facebook.com\/ufpel.nepsi","article_published_time":"2018-04-13T14:41:55+00:00","og_image":[{"width":867,"height":715,"url":"https:\/\/i0.wp.com\/wp.ufpel.edu.br\/nepsi\/files\/2020\/06\/MINIATURAS-LARANJA-1.png?fit=867%2C715&ssl=1","type":"image\/png"}],"author":"nepsi","twitter_card":"summary_large_image","twitter_creator":"@ufpel_nepsi","twitter_site":"@ufpel_nepsi","twitter_misc":{"Escrito por":"nepsi"},"schema":{"@context":"https:\/\/schema.org","@graph":[{"@type":"Article","@id":"https:\/\/wp.ufpel.edu.br\/nepsi\/2018\/04\/13\/pesquisadora-inglesa-apresentara-pesquisa-sobre-transtornos-externalizantes-em-pelotas\/#article","isPartOf":{"@id":"https:\/\/wp.ufpel.edu.br\/nepsi\/2018\/04\/13\/pesquisadora-inglesa-apresentara-pesquisa-sobre-transtornos-externalizantes-em-pelotas\/"},"author":{"name":"nepsi","@id":"https:\/\/wp.ufpel.edu.br\/nepsi\/#\/schema\/person\/265f7a768f0856c302a262ef85682717"},"headline":"Pesquisadora inglesa apresentar\u00e1 pesquisa sobre transtornos externalizantes em Pelotas","datePublished":"2018-04-13T14:41:55+00:00","mainEntityOfPage":{"@id":"https:\/\/wp.ufpel.edu.br\/nepsi\/2018\/04\/13\/pesquisadora-inglesa-apresentara-pesquisa-sobre-transtornos-externalizantes-em-pelotas\/"},"wordCount":65,"publisher":{"@id":"https:\/\/wp.ufpel.edu.br\/nepsi\/#organization"},"articleSection":["Not\u00edcias"],"inLanguage":"pt-BR"},{"@type":"WebPage","@id":"https:\/\/wp.ufpel.edu.br\/nepsi\/2018\/04\/13\/pesquisadora-inglesa-apresentara-pesquisa-sobre-transtornos-externalizantes-em-pelotas\/","url":"https:\/\/wp.ufpel.edu.br\/nepsi\/2018\/04\/13\/pesquisadora-inglesa-apresentara-pesquisa-sobre-transtornos-externalizantes-em-pelotas\/","name":"Pesquisadora inglesa apresentar\u00e1 pesquisa sobre transtornos externalizantes em Pelotas -","isPartOf":{"@id":"https:\/\/wp.ufpel.edu.br\/nepsi\/#website"},"datePublished":"2018-04-13T14:41:55+00:00","breadcrumb":{"@id":"https:\/\/wp.ufpel.edu.br\/nepsi\/2018\/04\/13\/pesquisadora-inglesa-apresentara-pesquisa-sobre-transtornos-externalizantes-em-pelotas\/#breadcrumb"},"inLanguage":"pt-BR","potentialAction":[{"@type":"ReadAction","target":["https:\/\/wp.ufpel.edu.br\/nepsi\/2018\/04\/13\/pesquisadora-inglesa-apresentara-pesquisa-sobre-transtornos-externalizantes-em-pelotas\/"]}]},{"@type":"BreadcrumbList","@id":"https:\/\/wp.ufpel.edu.br\/nepsi\/2018\/04\/13\/pesquisadora-inglesa-apresentara-pesquisa-sobre-transtornos-externalizantes-em-pelotas\/#breadcrumb","itemListElement":[{"@type":"ListItem","position":1,"name":"In\u00edcio","item":"https:\/\/wp.ufpel.edu.br\/nepsi\/"},{"@type":"ListItem","position":2,"name":"Pesquisadora inglesa apresentar\u00e1 pesquisa sobre transtornos externalizantes em Pelotas"}]},{"@type":"WebSite","@id":"https:\/\/wp.ufpel.edu.br\/nepsi\/#website","url":"https:\/\/wp.ufpel.edu.br\/nepsi\/","name":"","description":"Coordena\u00e7\u00e3o: Prof. Tiago Neuenfeld Munhoz","publisher":{"@id":"https:\/\/wp.ufpel.edu.br\/nepsi\/#organization"},"potentialAction":[{"@type":"SearchAction","target":{"@type":"EntryPoint","urlTemplate":"https:\/\/wp.ufpel.edu.br\/nepsi\/?s={search_term_string}"},"query-input":{"@type":"PropertyValueSpecification","valueRequired":true,"valueName":"search_term_string"}}],"inLanguage":"pt-BR"},{"@type":"Organization","@id":"https:\/\/wp.ufpel.edu.br\/nepsi\/#organization","name":"N\u00facleo de Estudos, Pesquisas e Interven\u00e7\u00f5es em Sa\u00fade Mental, Cogni\u00e7\u00e3o e Comportamento","url":"https:\/\/wp.ufpel.edu.br\/nepsi\/","logo":{"@type":"ImageObject","inLanguage":"pt-BR","@id":"https:\/\/wp.ufpel.edu.br\/nepsi\/#\/schema\/logo\/image\/","url":"https:\/\/i2.wp.com\/wp.ufpel.edu.br\/nepsi\/files\/2020\/06\/NEPSI-22-1.jpg?fit=632%2C591&ssl=1","contentUrl":"https:\/\/i2.wp.com\/wp.ufpel.edu.br\/nepsi\/files\/2020\/06\/NEPSI-22-1.jpg?fit=632%2C591&ssl=1","width":632,"height":591,"caption":"N\u00facleo de Estudos, Pesquisas e Interven\u00e7\u00f5es em Sa\u00fade Mental, Cogni\u00e7\u00e3o e Comportamento"},"image":{"@id":"https:\/\/wp.ufpel.edu.br\/nepsi\/#\/schema\/logo\/image\/"},"sameAs":["https:\/\/www.facebook.com\/ufpel.nepsi\/","https:\/\/x.com\/ufpel_nepsi","https:\/\/www.instagram.com\/ufpel_nepsi","https:\/\/www.youtube.com\/channel\/UCMFJAGTPIQf5MMjvJCDyPDw"]},{"@type":"Person","@id":"https:\/\/wp.ufpel.edu.br\/nepsi\/#\/schema\/person\/265f7a768f0856c302a262ef85682717","name":"nepsi","image":{"@type":"ImageObject","inLanguage":"pt-BR","@id":"https:\/\/wp.ufpel.edu.br\/nepsi\/#\/schema\/person\/image\/","url":"https:\/\/secure.gravatar.com\/avatar\/e008e3cefbbe4bdab7890f2e6f4d9f2530b8924390d124b9823f58302461bfd2?s=96&d=mm&r=g","contentUrl":"https:\/\/secure.gravatar.com\/avatar\/e008e3cefbbe4bdab7890f2e6f4d9f2530b8924390d124b9823f58302461bfd2?s=96&d=mm&r=g","caption":"nepsi"},"sameAs":["https:\/\/wp.ufpel.edu.br\/nepsi\/","https:\/\/www.facebook.com\/ufpel.nepsi","https:\/\/www.instagram.com\/ufpel_nepsi\/","https:\/\/x.com\/ufpel_nepsi","https:\/\/www.youtube.com\/channel\/UCMFJAGTPIQf5MMjvJCDyPDw","https:\/\/nepsi-ufpel.tumblr.com\/"]}]}},"jetpack_publicize_connections":[],"jetpack_featured_media_url":"","jetpack_sharing_enabled":true,"jetpack_shortlink":"https:\/\/wp.me\/p9iCrQ-2L","jetpack_likes_enabled":true,"jetpack-related-posts":[{"id":149,"url":"https:\/\/wp.ufpel.edu.br\/nepsi\/2017\/11\/12\/apresentacao\/","url_meta":{"origin":171,"position":0},"title":"Apresenta\u00e7\u00e3o","author":"nepsi","date":"12\/11\/2017","format":false,"excerpt":"O N\u00facleo de Estudos, Pesquisas e Interven\u00e7\u00f5es em Sa\u00fade Mental, Cogni\u00e7\u00e3o e Comportamento (NEPSI) da Universidade Federal de Pelotas tem como objetivo produzir conhecimento cient\u00edfico e realizar a integra\u00e7\u00e3o deste conhecimento com interven\u00e7\u00f5es \u00e0 comunidade. Ensino: disciplinas relacionadas ao NEPSI ofertadas no curso de Gradua\u00e7\u00e3o em Psicologia da UFPEL. Pesquisas\u2026","rel":"","context":"Em &quot;Not\u00edcias&quot;","block_context":{"text":"Not\u00edcias","link":"https:\/\/wp.ufpel.edu.br\/nepsi\/category\/noticias\/"},"img":{"alt_text":"","src":"","width":0,"height":0},"classes":[]},{"id":620,"url":"https:\/\/wp.ufpel.edu.br\/nepsi\/2020\/06\/08\/pesquisa-online-praticas-parentais-e-distanciamento-social-no-brasil\/","url_meta":{"origin":171,"position":1},"title":"Pesquisa Online: Pr\u00e1ticas Parentais e distanciamento social no Brasil","author":"nepsi","date":"08\/06\/2020","format":false,"excerpt":"Durante a pandemia do novo coronavirus (SARS-CoV-2) as rela\u00e7\u00f5es sociais, especialmente as atividades de trabalho e ensino, sofreram grandes transforma\u00e7\u00f5es. Ser\u00e1 que estas transforma\u00e7\u00f5es afetaram as rela\u00e7\u00f5es entre crian\u00e7as, adolescentes e seus pais\/cuidadores? Para responder essa pergunta, os professores do curso de Psicologia da Universidade Federal de Pelotas (UFPel), Tiago\u2026","rel":"","context":"Em &quot;Not\u00edcias&quot;","block_context":{"text":"Not\u00edcias","link":"https:\/\/wp.ufpel.edu.br\/nepsi\/category\/noticias\/"},"img":{"alt_text":"","src":"https:\/\/i0.wp.com\/wp.ufpel.edu.br\/nepsi\/files\/2020\/06\/Pesquisa_Praticas_Parentais_UFPEL_Divulgacao.jpg?resize=350%2C200&ssl=1","width":350,"height":200},"classes":[]},{"id":588,"url":"https:\/\/wp.ufpel.edu.br\/nepsi\/2020\/02\/12\/pesquisadores-trocam-experiencias-e-aprofundam-debate-sobre-estudo-inedito-do-crianca-feliz\/","url_meta":{"origin":171,"position":2},"title":"Pesquisadores trocam experi\u00eancias e aprofundam debate sobre estudo in\u00e9dito do Crian\u00e7a Feliz","author":"nepsi","date":"12\/02\/2020","format":false,"excerpt":"O coordenador do NEPSI-UFPEL, Tiago Neuenfeld Munhoz, participou em Bras\u00edlia do encontro para apresenta\u00e7\u00e3o dos resultados da etapa \"linha de base\" da Avalia\u00e7\u00e3o de Impacto do Programa Crian\u00e7a Feliz. Veja detalhes do evento na mat\u00e9ria do website do Minist\u00e9rio da Cidadania. https:\/\/www.gov.br\/cidadania\/pt-br\/noticias-e-conteudos\/desenvolvimento-social\/noticias-desenvolvimento-social\/pesquisadores-trocam-experiencias-e-aprofundam-debate-sobre-estudo-inedito-do-crianca-feliz \u00a0 \u00a0 \u00a0","rel":"","context":"Em &quot;Not\u00edcias&quot;","block_context":{"text":"Not\u00edcias","link":"https:\/\/wp.ufpel.edu.br\/nepsi\/category\/noticias\/"},"img":{"alt_text":"","src":"https:\/\/i0.wp.com\/wp.ufpel.edu.br\/nepsi\/files\/2020\/02\/PCF_BSB.jpeg?resize=350%2C200&ssl=1","width":350,"height":200,"srcset":"https:\/\/i0.wp.com\/wp.ufpel.edu.br\/nepsi\/files\/2020\/02\/PCF_BSB.jpeg?resize=350%2C200&ssl=1 1x, https:\/\/i0.wp.com\/wp.ufpel.edu.br\/nepsi\/files\/2020\/02\/PCF_BSB.jpeg?resize=525%2C300&ssl=1 1.5x, https:\/\/i0.wp.com\/wp.ufpel.edu.br\/nepsi\/files\/2020\/02\/PCF_BSB.jpeg?resize=700%2C400&ssl=1 2x"},"classes":[]},{"id":1936,"url":"https:\/\/wp.ufpel.edu.br\/nepsi\/2022\/05\/17\/nepsi-e-ppg-psicologia-furg-realizarao-pesquisa-financiada-pela-capes\/","url_meta":{"origin":171,"position":3},"title":"NEPSI e PPG Psicologia FURG realizar\u00e3o pesquisa financiada pela CAPES","author":"nepsi","date":"17\/05\/2022","format":false,"excerpt":"Proposta liderada pelo professor Tiago Neuenfeld Munhoz foi contemplada com bolsas de P\u00f3s-Gradua\u00e7\u00e3o e recursos de custeio da CAPES. O professor Mateus Luz Levandowski e colegas de outras institui\u00e7\u00f5es tamb\u00e9m far\u00e3o parte do projeto. A proposta se insere no contexto social de avalia\u00e7\u00e3o da popula\u00e7\u00e3o participante de programas de transfer\u00eancia\u2026","rel":"","context":"Em &quot;Not\u00edcias&quot;","block_context":{"text":"Not\u00edcias","link":"https:\/\/wp.ufpel.edu.br\/nepsi\/category\/noticias\/"},"img":{"alt_text":"","src":"https:\/\/i0.wp.com\/wp.ufpel.edu.br\/nepsi\/files\/2022\/05\/280925495_325453839702890_8872415722719550842_n.jpg?resize=350%2C200&ssl=1","width":350,"height":200,"srcset":"https:\/\/i0.wp.com\/wp.ufpel.edu.br\/nepsi\/files\/2022\/05\/280925495_325453839702890_8872415722719550842_n.jpg?resize=350%2C200&ssl=1 1x, https:\/\/i0.wp.com\/wp.ufpel.edu.br\/nepsi\/files\/2022\/05\/280925495_325453839702890_8872415722719550842_n.jpg?resize=525%2C300&ssl=1 1.5x, https:\/\/i0.wp.com\/wp.ufpel.edu.br\/nepsi\/files\/2022\/05\/280925495_325453839702890_8872415722719550842_n.jpg?resize=700%2C400&ssl=1 2x, https:\/\/i0.wp.com\/wp.ufpel.edu.br\/nepsi\/files\/2022\/05\/280925495_325453839702890_8872415722719550842_n.jpg?resize=1050%2C600&ssl=1 3x"},"classes":[]},{"id":1568,"url":"https:\/\/wp.ufpel.edu.br\/nepsi\/2021\/06\/24\/ppg-em-psicologia-furg-recebe-inscricoes-para-o-mestrado-2021\/","url_meta":{"origin":171,"position":4},"title":"PPG EM PSICOLOGIA (FURG) RECEBE INSCRI\u00c7\u00d5ES PARA O MESTRADO 2021","author":"nepsi","date":"24\/06\/2021","format":false,"excerpt":"O Programa de P\u00f3s-gradua\u00e7\u00e3o em Psicologia (PPGPsi) da FURG divulga o edital para sele\u00e7\u00e3o ao mestrado. S\u00e3o disponibilizadas 16 vagas distribu\u00eddas entre as linhas de pesquisa de Psicologia comunit\u00e1ria e processos psicossociais, e Promo\u00e7\u00e3o, cuidado e interven\u00e7\u00e3o em sa\u00fade. Os professores Mateus Luz Levandowski e Tiago N Munhoz disponibilizaram 2\u2026","rel":"","context":"Em &quot;Not\u00edcias&quot;","block_context":{"text":"Not\u00edcias","link":"https:\/\/wp.ufpel.edu.br\/nepsi\/category\/noticias\/"},"img":{"alt_text":"","src":"https:\/\/i0.wp.com\/wp.ufpel.edu.br\/nepsi\/files\/2021\/06\/DIVULGACAO_PPG_FURG_AZUL_2021.png?resize=350%2C200&ssl=1","width":350,"height":200,"srcset":"https:\/\/i0.wp.com\/wp.ufpel.edu.br\/nepsi\/files\/2021\/06\/DIVULGACAO_PPG_FURG_AZUL_2021.png?resize=350%2C200&ssl=1 1x, https:\/\/i0.wp.com\/wp.ufpel.edu.br\/nepsi\/files\/2021\/06\/DIVULGACAO_PPG_FURG_AZUL_2021.png?resize=525%2C300&ssl=1 1.5x, https:\/\/i0.wp.com\/wp.ufpel.edu.br\/nepsi\/files\/2021\/06\/DIVULGACAO_PPG_FURG_AZUL_2021.png?resize=700%2C400&ssl=1 2x, https:\/\/i0.wp.com\/wp.ufpel.edu.br\/nepsi\/files\/2021\/06\/DIVULGACAO_PPG_FURG_AZUL_2021.png?resize=1050%2C600&ssl=1 3x, https:\/\/i0.wp.com\/wp.ufpel.edu.br\/nepsi\/files\/2021\/06\/DIVULGACAO_PPG_FURG_AZUL_2021.png?resize=1400%2C800&ssl=1 4x"},"classes":[]},{"id":2031,"url":"https:\/\/wp.ufpel.edu.br\/nepsi\/2022\/12\/12\/nepsi-prorroga-inscricoes-para-pos-doutorado-com-bolsa-capes\/","url_meta":{"origin":171,"position":5},"title":"NEPSI prorroga inscri\u00e7\u00f5es para P\u00f3s-Doutorado com bolsa CAPES","author":"nepsi","date":"12\/12\/2022","format":false,"excerpt":"O N\u00facleo de Sa\u00fade Mental, Cogni\u00e7\u00e3o e Comportamento (NEPSI) tem tr\u00eas (03) posi\u00e7\u00f5es de p\u00f3s-doutorado com bolsa CAPES\u00a0para projetos relacionados a sa\u00fade mental, parentalidade, desenvolvimento infantil e capital humano. Inscri\u00e7\u00f5es prorrogadas at\u00e9 24\/01\/2023. Edital completo em\u00a0https:\/\/wp.ufpel.edu.br\/nepsi\/editais\/2022-2\/pos-doutorado\/","rel":"","context":"Em &quot;Not\u00edcias&quot;","block_context":{"text":"Not\u00edcias","link":"https:\/\/wp.ufpel.edu.br\/nepsi\/category\/noticias\/"},"img":{"alt_text":"","src":"https:\/\/i0.wp.com\/wp.ufpel.edu.br\/nepsi\/files\/2022\/12\/2022_nepsi_posdoc_retificado-1024x1024.png?resize=350%2C200&ssl=1","width":350,"height":200,"srcset":"https:\/\/i0.wp.com\/wp.ufpel.edu.br\/nepsi\/files\/2022\/12\/2022_nepsi_posdoc_retificado-1024x1024.png?resize=350%2C200&ssl=1 1x, https:\/\/i0.wp.com\/wp.ufpel.edu.br\/nepsi\/files\/2022\/12\/2022_nepsi_posdoc_retificado-1024x1024.png?resize=525%2C300&ssl=1 1.5x, https:\/\/i0.wp.com\/wp.ufpel.edu.br\/nepsi\/files\/2022\/12\/2022_nepsi_posdoc_retificado-1024x1024.png?resize=700%2C400&ssl=1 2x"},"classes":[]}],"_links":{"self":[{"href":"https:\/\/wp.ufpel.edu.br\/nepsi\/wp-json\/wp\/v2\/posts\/171","targetHints":{"allow":["GET"]}}],"collection":[{"href":"https:\/\/wp.ufpel.edu.br\/nepsi\/wp-json\/wp\/v2\/posts"}],"about":[{"href":"https:\/\/wp.ufpel.edu.br\/nepsi\/wp-json\/wp\/v2\/types\/post"}],"author":[{"embeddable":true,"href":"https:\/\/wp.ufpel.edu.br\/nepsi\/wp-json\/wp\/v2\/users\/807"}],"replies":[{"embeddable":true,"href":"https:\/\/wp.ufpel.edu.br\/nepsi\/wp-json\/wp\/v2\/comments?post=171"}],"version-history":[{"count":2,"href":"https:\/\/wp.ufpel.edu.br\/nepsi\/wp-json\/wp\/v2\/posts\/171\/revisions"}],"predecessor-version":[{"id":174,"href":"https:\/\/wp.ufpel.edu.br\/nepsi\/wp-json\/wp\/v2\/posts\/171\/revisions\/174"}],"wp:attachment":[{"href":"https:\/\/wp.ufpel.edu.br\/nepsi\/wp-json\/wp\/v2\/media?parent=171"}],"wp:term":[{"taxonomy":"category","embeddable":true,"href":"https:\/\/wp.ufpel.edu.br\/nepsi\/wp-json\/wp\/v2\/categories?post=171"},{"taxonomy":"post_tag","embeddable":true,"href":"https:\/\/wp.ufpel.edu.br\/nepsi\/wp-json\/wp\/v2\/tags?post=171"}],"curies":[{"name":"wp","href":"https:\/\/api.w.org\/{rel}","templated":true}]}}