{"id":163,"date":"2018-03-28T13:15:22","date_gmt":"2018-03-28T16:15:22","guid":{"rendered":"https:\/\/wp.ufpel.edu.br\/nepsi\/?p=163"},"modified":"2018-05-28T13:20:06","modified_gmt":"2018-05-28T16:20:06","slug":"resumo-de-atividades-desenvolvidas-pelo-nepsi","status":"publish","type":"post","link":"https:\/\/wp.ufpel.edu.br\/nepsi\/2018\/03\/28\/resumo-de-atividades-desenvolvidas-pelo-nepsi\/","title":{"rendered":"Resumo de atividades desenvolvidas pelo NEPSI"},"content":{"rendered":"<h1><strong>Projeto de extens\u00e3o \u2013 Interven\u00e7\u00e3o (reuni\u00f5es\u00a0 quinzenais)<\/strong><\/h1>\n<h3 style=\"text-align: center\"><a href=\"https:\/\/wp.ufpel.edu.br\/nepsi\/intervencoes\/projetos-de-extensao\/\">SERVI\u00c7O DE PSICOLOGIA DA INF\u00c2NCIA E DA ADOLESC\u00caNCIA<\/a><\/h3>\n<p style=\"text-align: center\">Este projeto de extens\u00e3o \u00e9 focado em avalia\u00e7\u00e3o e atendimentos psicol\u00f3gicos<\/p>\n<h1><strong>Projeto de ensino:<\/strong> Grupo de estudos (reuni\u00f5es quinzenais)<\/h1>\n<h3 style=\"text-align: center\"><span style=\"text-decoration: underline\">GRUPO DE ESTUDOS SOBRE TERAPIA COGNITIVO-COMPORTAMENTAL (TCC).<\/span><\/h3>\n<h1><strong>Projetos de pesquisa<\/strong> (reuni\u00f5es semanais ou quinzenais)<\/h1>\n<h3 style=\"text-align: center\"><span style=\"text-decoration: underline\"><strong>PESQUISA NACIONAL DE SA\u00daDE (PNS, 2013)<\/strong><\/span><\/h3>\n<h4 style=\"text-align: center\"><span style=\"text-decoration: underline\"><a href=\"https:\/\/www.pns.icict.fiocruz.br\/\">Informa\u00e7\u00f5es sobre as caracter\u00edsticas e aspectos metodol\u00f3gicos da pesquisa<\/a><\/span><\/h4>\n<h4 style=\"text-align: center\"><span style=\"text-decoration: underline\"><a href=\"http:\/\/www.scielo.br\/pdf\/ress\/v24n2\/2237-9622-ress-24-02-00197.pdf\">O processo de desenvolvimento da Pesquisa Nacional de Sa\u00fade no Brasil, 2013<\/a><\/span><\/h4>\n<h4 style=\"text-align: center\"><span style=\"text-decoration: underline\"><a href=\"http:\/\/www.scielo.br\/pdf\/ress\/v24n2\/2237-9622-ress-24-02-00207.pdf\">Desenho da amostra da Pesquisa Nacional de Sa\u00fade 2013<\/a><\/span><\/h4>\n<p>&nbsp;<\/p>\n<h3 style=\"text-align: center\"><strong>Publica\u00e7\u00f5es NEPSI com informa\u00e7\u00f5es da PNS<\/strong><\/h3>\n<h4 style=\"text-align: center\"><a href=\"http:\/\/www.jad-journal.com\/article\/S0165-0327(15)31032-6\/fulltext\">Estudo sobre Depress\u00e3o no Brasil, publicado pelo coordenador do NEPSI, utilizando dados da PNS (2013)<\/a><\/h4>\n<h4 style=\"text-align: center\"><a href=\"http:\/\/cti.ufpel.edu.br\/siepe\/arquivos\/2017\/CS_03786.pdf\">Estudo sobre VITIMIZA\u00c7\u00c3O POR VIOL\u00caNCIA NO BRASIL: PESQUISA NACIONAL DE SA\u00daDE (PNS, 2013), elaborado por bolsistas de pesquisa do NEPSI<\/a><\/h4>\n<h4 style=\"text-align: center\"><a href=\"http:\/\/cti.ufpel.edu.br\/siepe\/arquivos\/2017\/CS_01625.pdf\">Estudo sobre PENSAMENTOS SUICIDAS NO BRASIL: RESULTADOS DA PESQUISA NACIONAL DE SA\u00daDE (PNS, 2013)<\/a><\/h4>\n<p>&nbsp;<\/p>\n<h3><span style=\"text-decoration: underline\"><strong>PESQUISA NACIONAL DE SA\u00daDE DO ESCOLAR (PeNSE) 2009, 2012 e 2015<\/strong><\/span><\/h3>\n<h4 style=\"text-align: center\">Informa\u00e7\u00f5es sobre as caracter\u00edsticas e aspectos metodol\u00f3gicos da pesquisa em <a href=\"https:\/\/ww2.ibge.gov.br\/home\/estatistica\/populacao\/pense\/default.shtm\">2009<\/a> ,\u00a0 <a href=\"https:\/\/ww2.ibge.gov.br\/home\/estatistica\/populacao\/pense\/2012\/default.shtm\">2012<\/a>, <a href=\"https:\/\/ww2.ibge.gov.br\/home\/estatistica\/populacao\/pense\/2015\/default.shtm\">2015<\/a><\/h4>\n<h4 style=\"text-align: center\"><a href=\"http:\/\/www.scielo.br\/pdf\/ress\/v26n3\/2237-9622-ress-26-03-00605.pdf\">Caracter\u00edsticas da Pesquisa Nacional de Sa\u00fade do Escolar \u2013 PeNSE (2015)<\/a><\/h4>\n<h3 style=\"text-align: center\">Estudos publicados por outros autores<\/h3>\n<h4 style=\"text-align: center\"><a href=\"http:\/\/www.scielo.br\/scielo.php?script=sci_issuetoc&amp;pid=1415-790X20140005&amp;lng=pt&amp;nrm=iso\">2009<\/a> , <a href=\"http:\/\/www.scielo.br\/scielo.php?script=sci_issuetoc&amp;pid=1415-790X20140005&amp;lng=pt&amp;nrm=iso\">2012<\/a> , <a href=\"http:\/\/www.scielo.br\/scielo.php?script=sci_issuetoc&amp;pid=1415-790X20140005&amp;lng=pt&amp;nrm=iso\">2015<\/a><\/h4>\n<h1 style=\"text-align: left\"><a href=\"https:\/\/wp.ufpel.edu.br\/nepsi\/publicacoes\/\">Publica\u00e7\u00f5es coordenador do NEPSI e colaboradores<\/a><\/h1>\n","protected":false},"excerpt":{"rendered":"<p>Projeto de extens\u00e3o \u2013 Interven\u00e7\u00e3o (reuni\u00f5es\u00a0 quinzenais) SERVI\u00c7O DE PSICOLOGIA DA INF\u00c2NCIA E DA ADOLESC\u00caNCIA Este projeto de extens\u00e3o \u00e9 focado em avalia\u00e7\u00e3o e atendimentos psicol\u00f3gicos Projeto de ensino: Grupo de estudos (reuni\u00f5es quinzenais) GRUPO DE ESTUDOS SOBRE TERAPIA COGNITIVO-COMPORTAMENTAL (TCC). Projetos de pesquisa (reuni\u00f5es semanais ou quinzenais) PESQUISA NACIONAL DE SA\u00daDE (PNS, 2013) Informa\u00e7\u00f5es [&hellip;]<\/p>\n","protected":false},"author":807,"featured_media":0,"comment_status":"closed","ping_status":"closed","sticky":false,"template":"","format":"standard","meta":{"jetpack_post_was_ever_published":false,"_jetpack_newsletter_access":"","_jetpack_dont_email_post_to_subs":false,"_jetpack_newsletter_tier_id":0,"_jetpack_memberships_contains_paywalled_content":false,"_jetpack_memberships_contains_paid_content":false,"footnotes":"","jetpack_publicize_message":"","jetpack_publicize_feature_enabled":true,"jetpack_social_post_already_shared":true,"jetpack_social_options":{"image_generator_settings":{"template":"highway","default_image_id":0,"font":"","enabled":false},"version":2}},"categories":[1],"tags":[],"class_list":["post-163","post","type-post","status-publish","format-standard","hentry","category-noticias"],"yoast_head":"<!-- This site is optimized with the Yoast SEO plugin v26.7 - https:\/\/yoast.com\/wordpress\/plugins\/seo\/ -->\n<title>Resumo de atividades desenvolvidas pelo NEPSI -<\/title>\n<meta name=\"robots\" content=\"index, follow, max-snippet:-1, max-image-preview:large, max-video-preview:-1\" \/>\n<link rel=\"canonical\" href=\"https:\/\/wp.ufpel.edu.br\/nepsi\/2018\/03\/28\/resumo-de-atividades-desenvolvidas-pelo-nepsi\/\" \/>\n<meta property=\"og:locale\" content=\"pt_BR\" \/>\n<meta property=\"og:type\" content=\"article\" \/>\n<meta property=\"og:title\" content=\"Resumo de atividades desenvolvidas pelo NEPSI -\" \/>\n<meta property=\"og:description\" content=\"Projeto de extens\u00e3o \u2013 Interven\u00e7\u00e3o (reuni\u00f5es\u00a0 quinzenais) SERVI\u00c7O DE PSICOLOGIA DA INF\u00c2NCIA E DA ADOLESC\u00caNCIA Este projeto de extens\u00e3o \u00e9 focado em avalia\u00e7\u00e3o e atendimentos psicol\u00f3gicos Projeto de ensino: Grupo de estudos (reuni\u00f5es quinzenais) GRUPO DE ESTUDOS SOBRE TERAPIA COGNITIVO-COMPORTAMENTAL (TCC). Projetos de pesquisa (reuni\u00f5es semanais ou quinzenais) PESQUISA NACIONAL DE SA\u00daDE (PNS, 2013) Informa\u00e7\u00f5es [&hellip;]\" \/>\n<meta property=\"og:url\" content=\"https:\/\/wp.ufpel.edu.br\/nepsi\/2018\/03\/28\/resumo-de-atividades-desenvolvidas-pelo-nepsi\/\" \/>\n<meta property=\"article:publisher\" content=\"https:\/\/www.facebook.com\/ufpel.nepsi\/\" \/>\n<meta property=\"article:author\" content=\"https:\/\/www.facebook.com\/ufpel.nepsi\" \/>\n<meta property=\"article:published_time\" content=\"2018-03-28T16:15:22+00:00\" \/>\n<meta property=\"article:modified_time\" content=\"2018-05-28T16:20:06+00:00\" \/>\n<meta property=\"og:image\" content=\"https:\/\/i0.wp.com\/wp.ufpel.edu.br\/nepsi\/files\/2020\/06\/MINIATURAS-LARANJA-1.png?fit=867%2C715&ssl=1\" \/>\n\t<meta property=\"og:image:width\" content=\"867\" \/>\n\t<meta property=\"og:image:height\" content=\"715\" \/>\n\t<meta property=\"og:image:type\" content=\"image\/png\" \/>\n<meta name=\"author\" content=\"nepsi\" \/>\n<meta name=\"twitter:card\" content=\"summary_large_image\" \/>\n<meta name=\"twitter:creator\" content=\"@ufpel_nepsi\" \/>\n<meta name=\"twitter:site\" content=\"@ufpel_nepsi\" \/>\n<meta name=\"twitter:label1\" content=\"Escrito por\" \/>\n\t<meta name=\"twitter:data1\" content=\"nepsi\" \/>\n\t<meta name=\"twitter:label2\" content=\"Est. tempo de leitura\" \/>\n\t<meta name=\"twitter:data2\" content=\"1 minuto\" \/>\n<script type=\"application\/ld+json\" class=\"yoast-schema-graph\">{\"@context\":\"https:\/\/schema.org\",\"@graph\":[{\"@type\":\"Article\",\"@id\":\"https:\/\/wp.ufpel.edu.br\/nepsi\/2018\/03\/28\/resumo-de-atividades-desenvolvidas-pelo-nepsi\/#article\",\"isPartOf\":{\"@id\":\"https:\/\/wp.ufpel.edu.br\/nepsi\/2018\/03\/28\/resumo-de-atividades-desenvolvidas-pelo-nepsi\/\"},\"author\":{\"name\":\"nepsi\",\"@id\":\"https:\/\/wp.ufpel.edu.br\/nepsi\/#\/schema\/person\/265f7a768f0856c302a262ef85682717\"},\"headline\":\"Resumo de atividades desenvolvidas pelo NEPSI\",\"datePublished\":\"2018-03-28T16:15:22+00:00\",\"dateModified\":\"2018-05-28T16:20:06+00:00\",\"mainEntityOfPage\":{\"@id\":\"https:\/\/wp.ufpel.edu.br\/nepsi\/2018\/03\/28\/resumo-de-atividades-desenvolvidas-pelo-nepsi\/\"},\"wordCount\":208,\"publisher\":{\"@id\":\"https:\/\/wp.ufpel.edu.br\/nepsi\/#organization\"},\"articleSection\":[\"Not\u00edcias\"],\"inLanguage\":\"pt-BR\"},{\"@type\":\"WebPage\",\"@id\":\"https:\/\/wp.ufpel.edu.br\/nepsi\/2018\/03\/28\/resumo-de-atividades-desenvolvidas-pelo-nepsi\/\",\"url\":\"https:\/\/wp.ufpel.edu.br\/nepsi\/2018\/03\/28\/resumo-de-atividades-desenvolvidas-pelo-nepsi\/\",\"name\":\"Resumo de atividades desenvolvidas pelo NEPSI -\",\"isPartOf\":{\"@id\":\"https:\/\/wp.ufpel.edu.br\/nepsi\/#website\"},\"datePublished\":\"2018-03-28T16:15:22+00:00\",\"dateModified\":\"2018-05-28T16:20:06+00:00\",\"breadcrumb\":{\"@id\":\"https:\/\/wp.ufpel.edu.br\/nepsi\/2018\/03\/28\/resumo-de-atividades-desenvolvidas-pelo-nepsi\/#breadcrumb\"},\"inLanguage\":\"pt-BR\",\"potentialAction\":[{\"@type\":\"ReadAction\",\"target\":[\"https:\/\/wp.ufpel.edu.br\/nepsi\/2018\/03\/28\/resumo-de-atividades-desenvolvidas-pelo-nepsi\/\"]}]},{\"@type\":\"BreadcrumbList\",\"@id\":\"https:\/\/wp.ufpel.edu.br\/nepsi\/2018\/03\/28\/resumo-de-atividades-desenvolvidas-pelo-nepsi\/#breadcrumb\",\"itemListElement\":[{\"@type\":\"ListItem\",\"position\":1,\"name\":\"In\u00edcio\",\"item\":\"https:\/\/wp.ufpel.edu.br\/nepsi\/\"},{\"@type\":\"ListItem\",\"position\":2,\"name\":\"Resumo de atividades desenvolvidas pelo NEPSI\"}]},{\"@type\":\"WebSite\",\"@id\":\"https:\/\/wp.ufpel.edu.br\/nepsi\/#website\",\"url\":\"https:\/\/wp.ufpel.edu.br\/nepsi\/\",\"name\":\"\",\"description\":\"Coordena\u00e7\u00e3o: Prof. Tiago Neuenfeld Munhoz\",\"publisher\":{\"@id\":\"https:\/\/wp.ufpel.edu.br\/nepsi\/#organization\"},\"potentialAction\":[{\"@type\":\"SearchAction\",\"target\":{\"@type\":\"EntryPoint\",\"urlTemplate\":\"https:\/\/wp.ufpel.edu.br\/nepsi\/?s={search_term_string}\"},\"query-input\":{\"@type\":\"PropertyValueSpecification\",\"valueRequired\":true,\"valueName\":\"search_term_string\"}}],\"inLanguage\":\"pt-BR\"},{\"@type\":\"Organization\",\"@id\":\"https:\/\/wp.ufpel.edu.br\/nepsi\/#organization\",\"name\":\"N\u00facleo de Estudos, Pesquisas e Interven\u00e7\u00f5es em Sa\u00fade Mental, Cogni\u00e7\u00e3o e Comportamento\",\"url\":\"https:\/\/wp.ufpel.edu.br\/nepsi\/\",\"logo\":{\"@type\":\"ImageObject\",\"inLanguage\":\"pt-BR\",\"@id\":\"https:\/\/wp.ufpel.edu.br\/nepsi\/#\/schema\/logo\/image\/\",\"url\":\"https:\/\/i2.wp.com\/wp.ufpel.edu.br\/nepsi\/files\/2020\/06\/NEPSI-22-1.jpg?fit=632%2C591&ssl=1\",\"contentUrl\":\"https:\/\/i2.wp.com\/wp.ufpel.edu.br\/nepsi\/files\/2020\/06\/NEPSI-22-1.jpg?fit=632%2C591&ssl=1\",\"width\":632,\"height\":591,\"caption\":\"N\u00facleo de Estudos, Pesquisas e Interven\u00e7\u00f5es em Sa\u00fade Mental, Cogni\u00e7\u00e3o e Comportamento\"},\"image\":{\"@id\":\"https:\/\/wp.ufpel.edu.br\/nepsi\/#\/schema\/logo\/image\/\"},\"sameAs\":[\"https:\/\/www.facebook.com\/ufpel.nepsi\/\",\"https:\/\/x.com\/ufpel_nepsi\",\"https:\/\/www.instagram.com\/ufpel_nepsi\",\"https:\/\/www.youtube.com\/channel\/UCMFJAGTPIQf5MMjvJCDyPDw\"]},{\"@type\":\"Person\",\"@id\":\"https:\/\/wp.ufpel.edu.br\/nepsi\/#\/schema\/person\/265f7a768f0856c302a262ef85682717\",\"name\":\"nepsi\",\"image\":{\"@type\":\"ImageObject\",\"inLanguage\":\"pt-BR\",\"@id\":\"https:\/\/wp.ufpel.edu.br\/nepsi\/#\/schema\/person\/image\/\",\"url\":\"https:\/\/secure.gravatar.com\/avatar\/e008e3cefbbe4bdab7890f2e6f4d9f2530b8924390d124b9823f58302461bfd2?s=96&d=mm&r=g\",\"contentUrl\":\"https:\/\/secure.gravatar.com\/avatar\/e008e3cefbbe4bdab7890f2e6f4d9f2530b8924390d124b9823f58302461bfd2?s=96&d=mm&r=g\",\"caption\":\"nepsi\"},\"sameAs\":[\"https:\/\/wp.ufpel.edu.br\/nepsi\/\",\"https:\/\/www.facebook.com\/ufpel.nepsi\",\"https:\/\/www.instagram.com\/ufpel_nepsi\/\",\"https:\/\/x.com\/ufpel_nepsi\",\"https:\/\/www.youtube.com\/channel\/UCMFJAGTPIQf5MMjvJCDyPDw\",\"https:\/\/nepsi-ufpel.tumblr.com\/\"]}]}<\/script>\n<!-- \/ Yoast SEO plugin. -->","yoast_head_json":{"title":"Resumo de atividades desenvolvidas pelo NEPSI -","robots":{"index":"index","follow":"follow","max-snippet":"max-snippet:-1","max-image-preview":"max-image-preview:large","max-video-preview":"max-video-preview:-1"},"canonical":"https:\/\/wp.ufpel.edu.br\/nepsi\/2018\/03\/28\/resumo-de-atividades-desenvolvidas-pelo-nepsi\/","og_locale":"pt_BR","og_type":"article","og_title":"Resumo de atividades desenvolvidas pelo NEPSI -","og_description":"Projeto de extens\u00e3o \u2013 Interven\u00e7\u00e3o (reuni\u00f5es\u00a0 quinzenais) SERVI\u00c7O DE PSICOLOGIA DA INF\u00c2NCIA E DA ADOLESC\u00caNCIA Este projeto de extens\u00e3o \u00e9 focado em avalia\u00e7\u00e3o e atendimentos psicol\u00f3gicos Projeto de ensino: Grupo de estudos (reuni\u00f5es quinzenais) GRUPO DE ESTUDOS SOBRE TERAPIA COGNITIVO-COMPORTAMENTAL (TCC). Projetos de pesquisa (reuni\u00f5es semanais ou quinzenais) PESQUISA NACIONAL DE SA\u00daDE (PNS, 2013) Informa\u00e7\u00f5es [&hellip;]","og_url":"https:\/\/wp.ufpel.edu.br\/nepsi\/2018\/03\/28\/resumo-de-atividades-desenvolvidas-pelo-nepsi\/","article_publisher":"https:\/\/www.facebook.com\/ufpel.nepsi\/","article_author":"https:\/\/www.facebook.com\/ufpel.nepsi","article_published_time":"2018-03-28T16:15:22+00:00","article_modified_time":"2018-05-28T16:20:06+00:00","og_image":[{"width":867,"height":715,"url":"https:\/\/i0.wp.com\/wp.ufpel.edu.br\/nepsi\/files\/2020\/06\/MINIATURAS-LARANJA-1.png?fit=867%2C715&ssl=1","type":"image\/png"}],"author":"nepsi","twitter_card":"summary_large_image","twitter_creator":"@ufpel_nepsi","twitter_site":"@ufpel_nepsi","twitter_misc":{"Escrito por":"nepsi","Est. tempo de leitura":"1 minuto"},"schema":{"@context":"https:\/\/schema.org","@graph":[{"@type":"Article","@id":"https:\/\/wp.ufpel.edu.br\/nepsi\/2018\/03\/28\/resumo-de-atividades-desenvolvidas-pelo-nepsi\/#article","isPartOf":{"@id":"https:\/\/wp.ufpel.edu.br\/nepsi\/2018\/03\/28\/resumo-de-atividades-desenvolvidas-pelo-nepsi\/"},"author":{"name":"nepsi","@id":"https:\/\/wp.ufpel.edu.br\/nepsi\/#\/schema\/person\/265f7a768f0856c302a262ef85682717"},"headline":"Resumo de atividades desenvolvidas pelo NEPSI","datePublished":"2018-03-28T16:15:22+00:00","dateModified":"2018-05-28T16:20:06+00:00","mainEntityOfPage":{"@id":"https:\/\/wp.ufpel.edu.br\/nepsi\/2018\/03\/28\/resumo-de-atividades-desenvolvidas-pelo-nepsi\/"},"wordCount":208,"publisher":{"@id":"https:\/\/wp.ufpel.edu.br\/nepsi\/#organization"},"articleSection":["Not\u00edcias"],"inLanguage":"pt-BR"},{"@type":"WebPage","@id":"https:\/\/wp.ufpel.edu.br\/nepsi\/2018\/03\/28\/resumo-de-atividades-desenvolvidas-pelo-nepsi\/","url":"https:\/\/wp.ufpel.edu.br\/nepsi\/2018\/03\/28\/resumo-de-atividades-desenvolvidas-pelo-nepsi\/","name":"Resumo de atividades desenvolvidas pelo NEPSI -","isPartOf":{"@id":"https:\/\/wp.ufpel.edu.br\/nepsi\/#website"},"datePublished":"2018-03-28T16:15:22+00:00","dateModified":"2018-05-28T16:20:06+00:00","breadcrumb":{"@id":"https:\/\/wp.ufpel.edu.br\/nepsi\/2018\/03\/28\/resumo-de-atividades-desenvolvidas-pelo-nepsi\/#breadcrumb"},"inLanguage":"pt-BR","potentialAction":[{"@type":"ReadAction","target":["https:\/\/wp.ufpel.edu.br\/nepsi\/2018\/03\/28\/resumo-de-atividades-desenvolvidas-pelo-nepsi\/"]}]},{"@type":"BreadcrumbList","@id":"https:\/\/wp.ufpel.edu.br\/nepsi\/2018\/03\/28\/resumo-de-atividades-desenvolvidas-pelo-nepsi\/#breadcrumb","itemListElement":[{"@type":"ListItem","position":1,"name":"In\u00edcio","item":"https:\/\/wp.ufpel.edu.br\/nepsi\/"},{"@type":"ListItem","position":2,"name":"Resumo de atividades desenvolvidas pelo NEPSI"}]},{"@type":"WebSite","@id":"https:\/\/wp.ufpel.edu.br\/nepsi\/#website","url":"https:\/\/wp.ufpel.edu.br\/nepsi\/","name":"","description":"Coordena\u00e7\u00e3o: Prof. Tiago Neuenfeld Munhoz","publisher":{"@id":"https:\/\/wp.ufpel.edu.br\/nepsi\/#organization"},"potentialAction":[{"@type":"SearchAction","target":{"@type":"EntryPoint","urlTemplate":"https:\/\/wp.ufpel.edu.br\/nepsi\/?s={search_term_string}"},"query-input":{"@type":"PropertyValueSpecification","valueRequired":true,"valueName":"search_term_string"}}],"inLanguage":"pt-BR"},{"@type":"Organization","@id":"https:\/\/wp.ufpel.edu.br\/nepsi\/#organization","name":"N\u00facleo de Estudos, Pesquisas e Interven\u00e7\u00f5es em Sa\u00fade Mental, Cogni\u00e7\u00e3o e Comportamento","url":"https:\/\/wp.ufpel.edu.br\/nepsi\/","logo":{"@type":"ImageObject","inLanguage":"pt-BR","@id":"https:\/\/wp.ufpel.edu.br\/nepsi\/#\/schema\/logo\/image\/","url":"https:\/\/i2.wp.com\/wp.ufpel.edu.br\/nepsi\/files\/2020\/06\/NEPSI-22-1.jpg?fit=632%2C591&ssl=1","contentUrl":"https:\/\/i2.wp.com\/wp.ufpel.edu.br\/nepsi\/files\/2020\/06\/NEPSI-22-1.jpg?fit=632%2C591&ssl=1","width":632,"height":591,"caption":"N\u00facleo de Estudos, Pesquisas e Interven\u00e7\u00f5es em Sa\u00fade Mental, Cogni\u00e7\u00e3o e Comportamento"},"image":{"@id":"https:\/\/wp.ufpel.edu.br\/nepsi\/#\/schema\/logo\/image\/"},"sameAs":["https:\/\/www.facebook.com\/ufpel.nepsi\/","https:\/\/x.com\/ufpel_nepsi","https:\/\/www.instagram.com\/ufpel_nepsi","https:\/\/www.youtube.com\/channel\/UCMFJAGTPIQf5MMjvJCDyPDw"]},{"@type":"Person","@id":"https:\/\/wp.ufpel.edu.br\/nepsi\/#\/schema\/person\/265f7a768f0856c302a262ef85682717","name":"nepsi","image":{"@type":"ImageObject","inLanguage":"pt-BR","@id":"https:\/\/wp.ufpel.edu.br\/nepsi\/#\/schema\/person\/image\/","url":"https:\/\/secure.gravatar.com\/avatar\/e008e3cefbbe4bdab7890f2e6f4d9f2530b8924390d124b9823f58302461bfd2?s=96&d=mm&r=g","contentUrl":"https:\/\/secure.gravatar.com\/avatar\/e008e3cefbbe4bdab7890f2e6f4d9f2530b8924390d124b9823f58302461bfd2?s=96&d=mm&r=g","caption":"nepsi"},"sameAs":["https:\/\/wp.ufpel.edu.br\/nepsi\/","https:\/\/www.facebook.com\/ufpel.nepsi","https:\/\/www.instagram.com\/ufpel_nepsi\/","https:\/\/x.com\/ufpel_nepsi","https:\/\/www.youtube.com\/channel\/UCMFJAGTPIQf5MMjvJCDyPDw","https:\/\/nepsi-ufpel.tumblr.com\/"]}]}},"jetpack_publicize_connections":[],"jetpack_featured_media_url":"","jetpack_sharing_enabled":true,"jetpack_shortlink":"https:\/\/wp.me\/p9iCrQ-2D","jetpack_likes_enabled":true,"jetpack-related-posts":[{"id":450,"url":"https:\/\/wp.ufpel.edu.br\/nepsi\/2019\/05\/08\/estao-abertas-de-07-a-11-de-maio-as-inscricoes-para-a-bolsa-de-extensao-do-projeto-servico-de-psicologia-da-infancia-e-da-adolescencia-vinculado-ao-nucleo-de-estudos-pesquisas-e\/","url_meta":{"origin":163,"position":0},"title":"NEPSI disponibiliza uma bolsa de extens\u00e3o (Ampla Concorr\u00eancia, 2019) \u2013 Inscri\u00e7\u00f5es abertas!","author":"nepsi","date":"08\/05\/2019","format":false,"excerpt":"Est\u00e3o abertas, de 07 a 11 de maio, as inscri\u00e7\u00f5es para a bolsa de extens\u00e3o do projeto \u201cServi\u00e7o de Psicologia da Inf\u00e2ncia e da Adolesc\u00eancia\u201d, vinculado ao N\u00facleo de Estudos, Pesquisas e Interven\u00e7\u00f5es em Sa\u00fade Mental, Cogni\u00e7\u00e3o e Intelig\u00eancia (NEPSI \u2013 UFPEL). A bolsa inicia em maio de 2019 e\u2026","rel":"","context":"Em &quot;Not\u00edcias&quot;","block_context":{"text":"Not\u00edcias","link":"https:\/\/wp.ufpel.edu.br\/nepsi\/category\/noticias\/"},"img":{"alt_text":"","src":"","width":0,"height":0},"classes":[]},{"id":187,"url":"https:\/\/wp.ufpel.edu.br\/nepsi\/2018\/04\/17\/bolsa-de-extensao-inscricoes-abertas\/","url_meta":{"origin":163,"position":1},"title":"NEPSI disponibiliza uma bolsa de extens\u00e3o (Vulnerabilidade Social) \u2013 Inscri\u00e7\u00f5es abertas!","author":"nepsi","date":"17\/04\/2018","format":false,"excerpt":"Est\u00e3o abertas, de 18 a 25 de abril, as inscri\u00e7\u00f5es para a bolsa de extens\u00e3o do projeto \"Servi\u00e7o de Psicologia da Inf\u00e2ncia e da Adolesc\u00eancia\", vinculado ao N\u00facleo de Estudos, Pesquisas e Interven\u00e7\u00f5es em Sa\u00fade Mental, Cogni\u00e7\u00e3o e Comportamento (NEPSI - UFPEL). A bolsa inicia em maio de 2018 e\u2026","rel":"","context":"Em &quot;Not\u00edcias&quot;","block_context":{"text":"Not\u00edcias","link":"https:\/\/wp.ufpel.edu.br\/nepsi\/category\/noticias\/"},"img":{"alt_text":"","src":"","width":0,"height":0},"classes":[]},{"id":675,"url":"https:\/\/wp.ufpel.edu.br\/nepsi\/2020\/06\/15\/podcast-4-nepsi-ufpel-impactos-do-distanciamento-social-nas-relacoes-interpessoais\/","url_meta":{"origin":163,"position":2},"title":"PODCAST #4 NEPSI-UFPEL: Impactos do distanciamento social nas rela\u00e7\u00f5es interpessoais","author":"nepsi","date":"15\/06\/2020","format":false,"excerpt":"Confira o podcast sobre \u201cImpactos do distanciamento social nas rela\u00e7\u00f5es interpessoais\u201d do N\u00facleo de Estudos, Pesquisas e Interven\u00e7\u00f5es em sa\u00fade mental, cogni\u00e7\u00e3o e comportamento (NEPSI) do curso de Psicologia UFPel. Este podcast faz parte das a\u00e7\u00f5es de extens\u00e3o realizadas durante o per\u00edodo de distanciamento social. O podcast de hoje foi\u2026","rel":"","context":"Em &quot;Not\u00edcias&quot;","block_context":{"text":"Not\u00edcias","link":"https:\/\/wp.ufpel.edu.br\/nepsi\/category\/noticias\/"},"img":{"alt_text":"","src":"","width":0,"height":0},"classes":[]},{"id":613,"url":"https:\/\/wp.ufpel.edu.br\/nepsi\/2020\/06\/08\/podcast-3-nepsi-ufpel-produtividade-na-pandemia\/","url_meta":{"origin":163,"position":3},"title":"PODCAST #3 NEPSI-UFPEL: Produtividade na pandemia","author":"nepsi","date":"08\/06\/2020","format":false,"excerpt":"Confira o podcast sobre \"Produtividade na pandemia\" do N\u00facleo de Estudos, Pesquisas e Interven\u00e7\u00f5es em sa\u00fade mental, cogni\u00e7\u00e3o e comportamento (NEPSI) do curso de Psicologia UFPel. Este podcast faz parte das a\u00e7\u00f5es de extens\u00e3o realizadas durante o per\u00edodo de distanciamento social. O podcast de hoje foi escrito pela graduanda em\u2026","rel":"","context":"Em &quot;Not\u00edcias&quot;","block_context":{"text":"Not\u00edcias","link":"https:\/\/wp.ufpel.edu.br\/nepsi\/category\/noticias\/"},"img":{"alt_text":"","src":"","width":0,"height":0},"classes":[]},{"id":752,"url":"https:\/\/wp.ufpel.edu.br\/nepsi\/2020\/06\/29\/podcast-5-nepsi-ufpel-orientacoes-aos-pais-cuidadores-sobre-o-relacionamento-com-as-criancas\/","url_meta":{"origin":163,"position":4},"title":"PODCAST #5 NEPSI-UFPEL: Orienta\u00e7\u00f5es aos pais\/cuidadores sobre o relacionamento com as crian\u00e7as","author":"nepsi","date":"29\/06\/2020","format":false,"excerpt":"Confira o podcast sobre \u201cOrienta\u00e7\u00f5es aos pais\/cuidadores sobre o relacionamento com as crian\u00e7as\u201d do N\u00facleo de Estudos, Pesquisas e Interven\u00e7\u00f5es em sa\u00fade mental, cogni\u00e7\u00e3o e comportamento (NEPSI) do curso de Psicologia UFPel. Este podcast faz parte das a\u00e7\u00f5es de extens\u00e3o realizadas durante o per\u00edodo de distanciamento social. O podcast de\u2026","rel":"","context":"Em &quot;Not\u00edcias&quot;","block_context":{"text":"Not\u00edcias","link":"https:\/\/wp.ufpel.edu.br\/nepsi\/category\/noticias\/"},"img":{"alt_text":"","src":"","width":0,"height":0},"classes":[]},{"id":1953,"url":"https:\/\/wp.ufpel.edu.br\/nepsi\/2022\/08\/04\/selecao-para-novos-integrantes-do-nepsi\/","url_meta":{"origin":163,"position":5},"title":"Sele\u00e7\u00e3o para novos integrantes do NEPSI","author":"nepsi","date":"04\/08\/2022","format":false,"excerpt":"A equipe do NEPSI est\u00e1 selecionando volunt\u00e1rios para participar do projeto de extens\u00e3o no segundo semestre de 2022. Caso tenha interesse, por favor, preencha o seguinte formul\u00e1rio: https:\/\/forms.gle\/PL483RvxUAj5fp3R9 **INSCRI\u00c7\u00d5ES AT\u00c9 DIA 15\/08\/2022. *** Reuni\u00f5es ocorrem na ter\u00e7a-feira pela manh\u00e3 (10h30min \u00e0s 12h)","rel":"","context":"Em &quot;Not\u00edcias&quot;","block_context":{"text":"Not\u00edcias","link":"https:\/\/wp.ufpel.edu.br\/nepsi\/category\/noticias\/"},"img":{"alt_text":"","src":"https:\/\/i0.wp.com\/wp.ufpel.edu.br\/nepsi\/files\/2022\/08\/nepsi_voluntario.png?resize=350%2C200&ssl=1","width":350,"height":200,"srcset":"https:\/\/i0.wp.com\/wp.ufpel.edu.br\/nepsi\/files\/2022\/08\/nepsi_voluntario.png?resize=350%2C200&ssl=1 1x, https:\/\/i0.wp.com\/wp.ufpel.edu.br\/nepsi\/files\/2022\/08\/nepsi_voluntario.png?resize=525%2C300&ssl=1 1.5x, https:\/\/i0.wp.com\/wp.ufpel.edu.br\/nepsi\/files\/2022\/08\/nepsi_voluntario.png?resize=700%2C400&ssl=1 2x, https:\/\/i0.wp.com\/wp.ufpel.edu.br\/nepsi\/files\/2022\/08\/nepsi_voluntario.png?resize=1050%2C600&ssl=1 3x"},"classes":[]}],"_links":{"self":[{"href":"https:\/\/wp.ufpel.edu.br\/nepsi\/wp-json\/wp\/v2\/posts\/163","targetHints":{"allow":["GET"]}}],"collection":[{"href":"https:\/\/wp.ufpel.edu.br\/nepsi\/wp-json\/wp\/v2\/posts"}],"about":[{"href":"https:\/\/wp.ufpel.edu.br\/nepsi\/wp-json\/wp\/v2\/types\/post"}],"author":[{"embeddable":true,"href":"https:\/\/wp.ufpel.edu.br\/nepsi\/wp-json\/wp\/v2\/users\/807"}],"replies":[{"embeddable":true,"href":"https:\/\/wp.ufpel.edu.br\/nepsi\/wp-json\/wp\/v2\/comments?post=163"}],"version-history":[{"count":5,"href":"https:\/\/wp.ufpel.edu.br\/nepsi\/wp-json\/wp\/v2\/posts\/163\/revisions"}],"predecessor-version":[{"id":314,"href":"https:\/\/wp.ufpel.edu.br\/nepsi\/wp-json\/wp\/v2\/posts\/163\/revisions\/314"}],"wp:attachment":[{"href":"https:\/\/wp.ufpel.edu.br\/nepsi\/wp-json\/wp\/v2\/media?parent=163"}],"wp:term":[{"taxonomy":"category","embeddable":true,"href":"https:\/\/wp.ufpel.edu.br\/nepsi\/wp-json\/wp\/v2\/categories?post=163"},{"taxonomy":"post_tag","embeddable":true,"href":"https:\/\/wp.ufpel.edu.br\/nepsi\/wp-json\/wp\/v2\/tags?post=163"}],"curies":[{"name":"wp","href":"https:\/\/api.w.org\/{rel}","templated":true}]}}