{"id":420,"date":"2018-04-04T09:33:02","date_gmt":"2018-04-04T12:33:02","guid":{"rendered":"https:\/\/wp.ufpel.edu.br\/nepca\/?p=420"},"modified":"2018-04-04T09:33:02","modified_gmt":"2018-04-04T12:33:02","slug":"inscricoes-homologadas-dv","status":"publish","type":"post","link":"https:\/\/wp.ufpel.edu.br\/nepca\/2018\/04\/04\/inscricoes-homologadas-dv\/","title":{"rendered":"Inscri\u00e7\u00f5es Homologadas DV"},"content":{"rendered":"<h2>Confira a listagem das inscri\u00e7\u00f5es homologadas para o curso de Aperfei\u00e7oamento em Atendimento Educacional Especializado \u2013 Defici\u00eancia Visual, com in\u00edcio previsto para 12 de Maio de 2018.<\/h2>\n<p>&nbsp;<\/p>\n<p>Anexo no arquivo abaixo:<\/p>\n<p><a href=\"https:\/\/wp.ufpel.edu.br\/nepca\/files\/2018\/04\/inscri\u00e7\u00f5es-homologadas.pdf\">Inscri\u00e7\u00f5es AEE DV (LISTAGEM FINAL)<\/a><\/p>\n","protected":false},"excerpt":{"rendered":"<p>Confira a listagem das inscri\u00e7\u00f5es homologadas para o curso de Aperfei\u00e7oamento em Atendimento Educacional Especializado \u2013 Defici\u00eancia Visual, com in\u00edcio previsto para 12 de Maio de 2018. &nbsp; Anexo no arquivo abaixo: Inscri\u00e7\u00f5es AEE DV (LISTAGEM FINAL)<\/p>\n","protected":false},"author":797,"featured_media":0,"comment_status":"closed","ping_status":"closed","sticky":false,"template":"","format":"standard","meta":{"_jetpack_memberships_contains_paid_content":false,"footnotes":""},"categories":[1],"tags":[],"class_list":["post-420","post","type-post","status-publish","format-standard","hentry","category-noticias"],"jetpack_featured_media_url":"","jetpack_sharing_enabled":true,"_links":{"self":[{"href":"https:\/\/wp.ufpel.edu.br\/nepca\/wp-json\/wp\/v2\/posts\/420","targetHints":{"allow":["GET"]}}],"collection":[{"href":"https:\/\/wp.ufpel.edu.br\/nepca\/wp-json\/wp\/v2\/posts"}],"about":[{"href":"https:\/\/wp.ufpel.edu.br\/nepca\/wp-json\/wp\/v2\/types\/post"}],"author":[{"embeddable":true,"href":"https:\/\/wp.ufpel.edu.br\/nepca\/wp-json\/wp\/v2\/users\/797"}],"replies":[{"embeddable":true,"href":"https:\/\/wp.ufpel.edu.br\/nepca\/wp-json\/wp\/v2\/comments?post=420"}],"version-history":[{"count":2,"href":"https:\/\/wp.ufpel.edu.br\/nepca\/wp-json\/wp\/v2\/posts\/420\/revisions"}],"predecessor-version":[{"id":424,"href":"https:\/\/wp.ufpel.edu.br\/nepca\/wp-json\/wp\/v2\/posts\/420\/revisions\/424"}],"wp:attachment":[{"href":"https:\/\/wp.ufpel.edu.br\/nepca\/wp-json\/wp\/v2\/media?parent=420"}],"wp:term":[{"taxonomy":"category","embeddable":true,"href":"https:\/\/wp.ufpel.edu.br\/nepca\/wp-json\/wp\/v2\/categories?post=420"},{"taxonomy":"post_tag","embeddable":true,"href":"https:\/\/wp.ufpel.edu.br\/nepca\/wp-json\/wp\/v2\/tags?post=420"}],"curies":[{"name":"wp","href":"https:\/\/api.w.org\/{rel}","templated":true}]}}