{"id":122,"date":"2015-12-21T10:08:26","date_gmt":"2015-12-21T12:08:26","guid":{"rendered":"https:\/\/wp.ufpel.edu.br\/neeci\/?p=122"},"modified":"2015-12-21T10:08:26","modified_gmt":"2015-12-21T12:08:26","slug":"professor-do-neeci-na-ufsm","status":"publish","type":"post","link":"https:\/\/wp.ufpel.edu.br\/neeci\/2015\/12\/21\/professor-do-neeci-na-ufsm\/","title":{"rendered":"Professor do NEECI na UFSM"},"content":{"rendered":"<p>O prof. Alisson Eduardo Maehler, coordenador do Neeci, participou no \u00faltimo dia 15 de banca de defesa de disserta\u00e7\u00e3o de mestrado no Programa de P\u00f3s-Gradua\u00e7\u00e3o em Engenharia de Produ\u00e7\u00e3o na UFSM, junto com os professores Adriano Mendon\u00e7a Souza e Roselaine Zanini, do PPGEP-UFSM.<\/p>\n<p>A disserta\u00e7\u00e3o de autoria de Deise Scheffer aborda o tema&#8221; O Desenvolvimento Socioecon\u00f4mico brasileiro e o consumo de de energia el\u00e9trica impactam o meio ambiente pela emiss\u00e3o de CO2.<\/p>\n<p><a href=\"https:\/\/wp.ufpel.edu.br\/neeci\/files\/2015\/12\/ufsm-banca.jpg\"><img loading=\"lazy\" decoding=\"async\" class=\"alignnone size-medium wp-image-123\" src=\"https:\/\/wp.ufpel.edu.br\/neeci\/files\/2015\/12\/ufsm-banca-424x318.jpg\" alt=\"ufsm banca\" width=\"424\" height=\"318\" srcset=\"https:\/\/wp.ufpel.edu.br\/neeci\/files\/2015\/12\/ufsm-banca-424x318.jpg 424w, https:\/\/wp.ufpel.edu.br\/neeci\/files\/2015\/12\/ufsm-banca-212x159.jpg 212w, https:\/\/wp.ufpel.edu.br\/neeci\/files\/2015\/12\/ufsm-banca.jpg 960w\" sizes=\"auto, (max-width: 424px) 100vw, 424px\" \/><\/a><\/p>\n","protected":false},"excerpt":{"rendered":"<p>O prof. Alisson Eduardo Maehler, coordenador do Neeci, participou no \u00faltimo dia 15 de banca de defesa de disserta\u00e7\u00e3o de mestrado no Programa de P\u00f3s-Gradua\u00e7\u00e3o em Engenharia de Produ\u00e7\u00e3o na UFSM, junto com os professores Adriano Mendon\u00e7a Souza e Roselaine Zanini, do PPGEP-UFSM. A disserta\u00e7\u00e3o de autoria de Deise Scheffer aborda o tema&#8221; O Desenvolvimento&hellip;<\/p>\n","protected":false},"author":561,"featured_media":0,"comment_status":"closed","ping_status":"closed","sticky":false,"template":"","format":"standard","meta":{"footnotes":""},"categories":[1],"tags":[],"class_list":["post-122","post","type-post","status-publish","format-standard","hentry","category-noticias"],"jetpack_featured_media_url":"","_links":{"self":[{"href":"https:\/\/wp.ufpel.edu.br\/neeci\/wp-json\/wp\/v2\/posts\/122","targetHints":{"allow":["GET"]}}],"collection":[{"href":"https:\/\/wp.ufpel.edu.br\/neeci\/wp-json\/wp\/v2\/posts"}],"about":[{"href":"https:\/\/wp.ufpel.edu.br\/neeci\/wp-json\/wp\/v2\/types\/post"}],"author":[{"embeddable":true,"href":"https:\/\/wp.ufpel.edu.br\/neeci\/wp-json\/wp\/v2\/users\/561"}],"replies":[{"embeddable":true,"href":"https:\/\/wp.ufpel.edu.br\/neeci\/wp-json\/wp\/v2\/comments?post=122"}],"version-history":[{"count":1,"href":"https:\/\/wp.ufpel.edu.br\/neeci\/wp-json\/wp\/v2\/posts\/122\/revisions"}],"predecessor-version":[{"id":124,"href":"https:\/\/wp.ufpel.edu.br\/neeci\/wp-json\/wp\/v2\/posts\/122\/revisions\/124"}],"wp:attachment":[{"href":"https:\/\/wp.ufpel.edu.br\/neeci\/wp-json\/wp\/v2\/media?parent=122"}],"wp:term":[{"taxonomy":"category","embeddable":true,"href":"https:\/\/wp.ufpel.edu.br\/neeci\/wp-json\/wp\/v2\/categories?post=122"},{"taxonomy":"post_tag","embeddable":true,"href":"https:\/\/wp.ufpel.edu.br\/neeci\/wp-json\/wp\/v2\/tags?post=122"}],"curies":[{"name":"wp","href":"https:\/\/api.w.org\/{rel}","templated":true}]}}