{"id":464,"date":"2021-08-25T13:05:02","date_gmt":"2021-08-25T16:05:02","guid":{"rendered":"https:\/\/wp.ufpel.edu.br\/neai\/?p=464"},"modified":"2021-08-25T13:05:52","modified_gmt":"2021-08-25T16:05:52","slug":"grupo-neai-4-0-realiza-capacitacao-em-estudos-de-casos-agosto-2021","status":"publish","type":"post","link":"https:\/\/wp.ufpel.edu.br\/neai\/2021\/08\/25\/grupo-neai-4-0-realiza-capacitacao-em-estudos-de-casos-agosto-2021\/","title":{"rendered":"Grupo NEAI 4.0 realiza capacita\u00e7\u00e3o em estudos de casos &#8211; Agosto 2021"},"content":{"rendered":"<p>Na u\u0301ltima sexta, dia 20\/08, tivemos a contribuic\u0327a\u0303o da professora Larissa para o grupo NEAI 4.0. A professora Larissa iniciou a capacita\u00e7\u00e3o deste minicurso que contribuiu para o entendimento dos tipos de estudos de casos, mostrando na pr\u00e1tica, a sua aplica\u00e7\u00e3o.<\/p>\n<p>(Em breve, ser\u00e1 disponibilizado em nosso canal do<a href=\"https:\/\/www.youtube.com\/channel\/UCvLeEdjQRzx3ft8hqmeHf0Q\"> Youtube<\/a>.)<img loading=\"lazy\" decoding=\"async\" class=\"\" src=\"https:\/\/i.imgur.com\/ExV9uqo.png\" width=\"506\" height=\"336\" \/><\/p>\n<p>Agradecemos em especial \u00e0 professora Larissa, e aos participantes pela disposi\u00e7\u00e3o durante o minicurso.<\/p>\n","protected":false},"excerpt":{"rendered":"<p>Na u\u0301ltima sexta, dia 20\/08, tivemos a contribuic\u0327a\u0303o da professora Larissa para o grupo NEAI 4.0. A professora Larissa iniciou a capacita\u00e7\u00e3o deste minicurso que contribuiu para o entendimento dos tipos de estudos de casos, mostrando na pr\u00e1tica, a sua aplica\u00e7\u00e3o. (Em breve, ser\u00e1 disponibilizado em nosso canal do Youtube.) Agradecemos em especial \u00e0 professora<a class=\"more-link\" href=\"https:\/\/wp.ufpel.edu.br\/neai\/2021\/08\/25\/grupo-neai-4-0-realiza-capacitacao-em-estudos-de-casos-agosto-2021\/\">Continue reading <span class=\"screen-reader-text\">&#8220;Grupo NEAI 4.0 realiza capacita\u00e7\u00e3o em estudos de casos &#8211; Agosto 2021&#8221;<\/span><\/a><\/p>\n","protected":false},"author":1108,"featured_media":0,"comment_status":"closed","ping_status":"closed","sticky":false,"template":"","format":"standard","meta":{"jetpack_post_was_ever_published":false,"_jetpack_newsletter_access":"","_jetpack_dont_email_post_to_subs":false,"_jetpack_newsletter_tier_id":0,"_jetpack_memberships_contains_paywalled_content":false,"_jetpack_memberships_contains_paid_content":false,"footnotes":""},"categories":[1],"tags":[],"class_list":["post-464","post","type-post","status-publish","format-standard","hentry","category-noticias"],"jetpack_featured_media_url":"","jetpack_sharing_enabled":true,"jetpack-related-posts":[],"_links":{"self":[{"href":"https:\/\/wp.ufpel.edu.br\/neai\/wp-json\/wp\/v2\/posts\/464","targetHints":{"allow":["GET"]}}],"collection":[{"href":"https:\/\/wp.ufpel.edu.br\/neai\/wp-json\/wp\/v2\/posts"}],"about":[{"href":"https:\/\/wp.ufpel.edu.br\/neai\/wp-json\/wp\/v2\/types\/post"}],"author":[{"embeddable":true,"href":"https:\/\/wp.ufpel.edu.br\/neai\/wp-json\/wp\/v2\/users\/1108"}],"replies":[{"embeddable":true,"href":"https:\/\/wp.ufpel.edu.br\/neai\/wp-json\/wp\/v2\/comments?post=464"}],"version-history":[{"count":2,"href":"https:\/\/wp.ufpel.edu.br\/neai\/wp-json\/wp\/v2\/posts\/464\/revisions"}],"predecessor-version":[{"id":466,"href":"https:\/\/wp.ufpel.edu.br\/neai\/wp-json\/wp\/v2\/posts\/464\/revisions\/466"}],"wp:attachment":[{"href":"https:\/\/wp.ufpel.edu.br\/neai\/wp-json\/wp\/v2\/media?parent=464"}],"wp:term":[{"taxonomy":"category","embeddable":true,"href":"https:\/\/wp.ufpel.edu.br\/neai\/wp-json\/wp\/v2\/categories?post=464"},{"taxonomy":"post_tag","embeddable":true,"href":"https:\/\/wp.ufpel.edu.br\/neai\/wp-json\/wp\/v2\/tags?post=464"}],"curies":[{"name":"wp","href":"https:\/\/api.w.org\/{rel}","templated":true}]}}