{"id":4515,"date":"2025-02-04T09:47:10","date_gmt":"2025-02-04T12:47:10","guid":{"rendered":"https:\/\/wp.ufpel.edu.br\/ndh\/?p=4515"},"modified":"2025-02-04T09:54:41","modified_gmt":"2025-02-04T12:54:41","slug":"ufpel_trt4","status":"publish","type":"post","link":"https:\/\/wp.ufpel.edu.br\/ndh\/2025\/02\/04\/ufpel_trt4\/","title":{"rendered":"Acordo em UFPel e Tribunal Regional do Trabalho garante a salvaguarda do acervo da Justi\u00e7a do Trabalho junto ao NDH"},"content":{"rendered":"<p style=\"text-align: justify;\">No final de janeiro a <a href=\"https:\/\/portal.ufpel.edu.br\/\" target=\"_blank\" rel=\"noopener\"><strong>Universidade Federal de Pelotas<\/strong><\/a> e o <a href=\"https:\/\/www.trt4.jus.br\/portais\/trt4\" target=\"_blank\" rel=\"noopener\"><strong>Tribunal Regional do Trabalho da 4\u00aa Regi\u00e3o (TRT-4)<\/strong><\/a> firmaram acordo de coopera\u00e7\u00e3o t\u00e9cnica para a guarda, em regime de comodato, por parte do N\u00facleo de Documenta\u00e7\u00e3o Hist\u00f3rica da UFPel &#8211; Profa. Beatriz Loner, dos processos trabalhistas da Justi\u00e7a do Trabalho de Pelotas, a partir dos anos 1930 at\u00e9 o final da d\u00e9cada de 1990.<br \/>\nS\u00e3o mais de 90 mil processos que auxiliam a contar a hist\u00f3ria do trabalho e dos trabalhadores da cidade no s\u00e9culo XX. Tamb\u00e9m \u00e9 uma forma de compreender a evolu\u00e7\u00e3o do judici\u00e1rio trabalhista ao longo do per\u00edodo, bem como os caminhos e descaminhos da economia pelotense a partir da hist\u00f3ria de suas empresas e empreendedores.<br \/>\n<img data-recalc-dims=\"1\" loading=\"lazy\" decoding=\"async\" data-attachment-id=\"4523\" data-permalink=\"https:\/\/wp.ufpel.edu.br\/ndh\/2025\/02\/04\/ufpel_trt4\/3-7\/#main\" data-orig-file=\"https:\/\/i0.wp.com\/wp.ufpel.edu.br\/ndh\/files\/2025\/02\/3.png?fit=1080%2C1080&amp;ssl=1\" data-orig-size=\"1080,1080\" data-comments-opened=\"0\" data-image-meta=\"{&quot;aperture&quot;:&quot;0&quot;,&quot;credit&quot;:&quot;&quot;,&quot;camera&quot;:&quot;&quot;,&quot;caption&quot;:&quot;&quot;,&quot;created_timestamp&quot;:&quot;0&quot;,&quot;copyright&quot;:&quot;&quot;,&quot;focal_length&quot;:&quot;0&quot;,&quot;iso&quot;:&quot;0&quot;,&quot;shutter_speed&quot;:&quot;0&quot;,&quot;title&quot;:&quot;&quot;,&quot;orientation&quot;:&quot;0&quot;}\" data-image-title=\"3\" data-image-description=\"\" data-image-caption=\"\" data-medium-file=\"https:\/\/i0.wp.com\/wp.ufpel.edu.br\/ndh\/files\/2025\/02\/3.png?fit=318%2C318&amp;ssl=1\" data-large-file=\"https:\/\/i0.wp.com\/wp.ufpel.edu.br\/ndh\/files\/2025\/02\/3.png?fit=660%2C148&amp;ssl=1\" class=\"size-medium wp-image-4523 alignleft\" src=\"https:\/\/i0.wp.com\/wp.ufpel.edu.br\/ndh\/files\/2025\/02\/3.png?resize=318%2C318&#038;ssl=1\" alt=\"\" width=\"318\" height=\"318\" srcset=\"https:\/\/i0.wp.com\/wp.ufpel.edu.br\/ndh\/files\/2025\/02\/3.png?resize=318%2C318&amp;ssl=1 318w, https:\/\/i0.wp.com\/wp.ufpel.edu.br\/ndh\/files\/2025\/02\/3.png?resize=159%2C159&amp;ssl=1 159w, https:\/\/i0.wp.com\/wp.ufpel.edu.br\/ndh\/files\/2025\/02\/3.png?resize=768%2C768&amp;ssl=1 768w, https:\/\/i0.wp.com\/wp.ufpel.edu.br\/ndh\/files\/2025\/02\/3.png?resize=619%2C619&amp;ssl=1 619w, https:\/\/i0.wp.com\/wp.ufpel.edu.br\/ndh\/files\/2025\/02\/3.png?w=1080&amp;ssl=1 1080w\" sizes=\"auto, (max-width: 318px) 100vw, 318px\" \/>O acervo encontra-se no N\u00facleo desde 2005, quando equipes do <a href=\"https:\/\/www.trt4.jus.br\/portais\/memorial\" target=\"_blank\" rel=\"noopener\"><strong>Memorial da Justi\u00e7a do Trabalho (TRT-4)<\/strong><\/a> e as professoras Beatriz Loner (coordenadora do NDH) e Lorena Gill estabeleceram as primeiras conversas e os termos para a guarda documental por parte da Universidade. De l\u00e1 para c\u00e1, pela legisla\u00e7\u00e3o brasileira, a cada cinco anos essas conversas s\u00e3o atualizadas e novos instrumentos de contrato s\u00e3o assinados, o que garante, entre outras quest\u00f5es, a preserva\u00e7\u00e3o documental e um acervo jur\u00eddico-hist\u00f3rico para acesso de pesquisadores e comunidade em geral.<br \/>\nAt\u00e9 2030 os documentos continuam sob a responsabilidade do NDH e podem ser objeto de estudos e busca de direitos, como tem sido at\u00e9 o presente: uma fun\u00e7\u00e3o importante de ter esse material aqui em Pelotas \u00e9 o f\u00e1cil acesso de trabalhadores para buscarem em seus processos documentos comprobat\u00f3rios de v\u00ednculo trabalhista que permitam aposentadoria, documentos que atestem trabalho insalubre, informa\u00e7\u00f5es que confirmem contribui\u00e7\u00e3o junto ao INSS, informa\u00e7\u00f5es que possibilitem o pleito de dupla cidadania (em especial para requerentes a esse direito descendentes de europeus), etc.<br \/>\nDo ponto de vista das possibilidades de pesquisa, o conjunto documental j\u00e1 possibilitou pesquisas de conclus\u00e3o de curso de gradua\u00e7\u00e3o, de mestrado e doutorado, bem como a escrita de diversos artigos para peri\u00f3dicos da \u00e1rea de hist\u00f3ria e \u00e1reas afins (veja abaixo a lista compilada at\u00e9 fins de 2024).<br \/>\nImportante destacar que, embora nunca tenha sido a inten\u00e7\u00e3o do TRT-4 e do Memorial, toda documenta\u00e7\u00e3o poderia ter sido descartada, pela legisla\u00e7\u00e3o da \u00e9poca, o que representaria n\u00e3o apenas uma perda para a ci\u00eancia, mas tamb\u00e9m para os direitos de trabalhadores que continuam acessando os processos em busca de comprova\u00e7\u00f5es as mais variadas. A t\u00edtulo de exemplifica\u00e7\u00e3o, h\u00e1 alguns anos servidores da UFPel tiveram seus proventos amea\u00e7ados por conta de questionamento dos \u00f3rg\u00e3os de controle que apontaram pagamentos feitos apenas a partir da informa\u00e7\u00e3o &#8220;decis\u00e3o judicial&#8221; suspeitos. A PROGEP da Universidade acessou o NDH e conseguimos localizar os processos de servidores com as decis\u00f5es que embasavam tais pagamentos, o que garantiu a continuidade dos mesmos.<br \/>\nA partir de tudo que j\u00e1 foi poss\u00edvel produzir e de todos os direitos j\u00e1 garantidos, por conta do acervo da JT em Pelotas, n\u00e3o \u00e9 exagero dizer que a parceria entre o NDH, o Memorial da JT em Porto Alegre e o Tribunal Regional do Trabalho da 4\u00aa Regi\u00e3o \u00e9 mais do que um sucesso, \u00e9 acima de tudo vital para a presenva\u00e7\u00e3o documental e do direito \u00e0 mem\u00f3ria individual e coletiva de Pelotas e regi\u00e3o.<\/p>\n<p><img data-recalc-dims=\"1\" loading=\"lazy\" decoding=\"async\" data-attachment-id=\"4522\" data-permalink=\"https:\/\/wp.ufpel.edu.br\/ndh\/2025\/02\/04\/ufpel_trt4\/2-6\/#main\" data-orig-file=\"https:\/\/i0.wp.com\/wp.ufpel.edu.br\/ndh\/files\/2025\/02\/2.png?fit=1080%2C1080&amp;ssl=1\" data-orig-size=\"1080,1080\" data-comments-opened=\"0\" data-image-meta=\"{&quot;aperture&quot;:&quot;0&quot;,&quot;credit&quot;:&quot;&quot;,&quot;camera&quot;:&quot;&quot;,&quot;caption&quot;:&quot;&quot;,&quot;created_timestamp&quot;:&quot;0&quot;,&quot;copyright&quot;:&quot;&quot;,&quot;focal_length&quot;:&quot;0&quot;,&quot;iso&quot;:&quot;0&quot;,&quot;shutter_speed&quot;:&quot;0&quot;,&quot;title&quot;:&quot;&quot;,&quot;orientation&quot;:&quot;0&quot;}\" data-image-title=\"2\" data-image-description=\"\" data-image-caption=\"\" data-medium-file=\"https:\/\/i0.wp.com\/wp.ufpel.edu.br\/ndh\/files\/2025\/02\/2.png?fit=318%2C318&amp;ssl=1\" data-large-file=\"https:\/\/i0.wp.com\/wp.ufpel.edu.br\/ndh\/files\/2025\/02\/2.png?fit=660%2C148&amp;ssl=1\" class=\"size-medium wp-image-4522 alignright\" src=\"https:\/\/i0.wp.com\/wp.ufpel.edu.br\/ndh\/files\/2025\/02\/2.png?resize=318%2C318&#038;ssl=1\" alt=\"\" width=\"318\" height=\"318\" srcset=\"https:\/\/i0.wp.com\/wp.ufpel.edu.br\/ndh\/files\/2025\/02\/2.png?resize=318%2C318&amp;ssl=1 318w, https:\/\/i0.wp.com\/wp.ufpel.edu.br\/ndh\/files\/2025\/02\/2.png?resize=159%2C159&amp;ssl=1 159w, https:\/\/i0.wp.com\/wp.ufpel.edu.br\/ndh\/files\/2025\/02\/2.png?resize=768%2C768&amp;ssl=1 768w, https:\/\/i0.wp.com\/wp.ufpel.edu.br\/ndh\/files\/2025\/02\/2.png?resize=619%2C619&amp;ssl=1 619w, https:\/\/i0.wp.com\/wp.ufpel.edu.br\/ndh\/files\/2025\/02\/2.png?w=1080&amp;ssl=1 1080w\" sizes=\"auto, (max-width: 318px) 100vw, 318px\" \/>Veja abaixo a lista de trabalhos cient\u00edficos realizados com aux\u00edlio das informa\u00e7\u00f5es constantes nos processos trabalhistas de Pelotas:<\/p>\n<p style=\"text-align: justify;\"><strong>Lista de trabalhos feitos a partir do acervo da Justi\u00e7a do Trabalho de Pelotas, salvaguardado pelo N\u00facleo de Documenta\u00e7\u00e3o Hist\u00f3rica da UFPel<\/strong><\/p>\n<p style=\"text-align: justify;\"><strong>Artigos, cap\u00edtulos e livros organizados: <\/strong><\/p>\n<p style=\"text-align: justify;\">GILL, Lorena e TABORDA, Taiane. A doen\u00e7a no acervo documental da Justi\u00e7a do Trabalho de Pelotas, RS (1939-1954). Hist\u00f3ria, Ci\u00eancias, Sa\u00fade-Manguinhos, v. 29, p. 737-750, 2022. <a href=\"https:\/\/www.scielo.br\/j\/hcsm\/a\/phKqsgSb9g75FkthySgPPgx\/?format=pdf\">https:\/\/www.scielo.br\/j\/hcsm\/a\/phKqsgSb9g75FkthySgPPgx\/?format=pdf<\/a><\/p>\n<p style=\"text-align: justify;\">GILL, Lorena; SOARES, Tamires; SCHEER, Micaele (Orgs.). Hist\u00f3ria em Revista Trabalhadores e Trabalhadoras no passado e no presente. 193. ed. Pelotas: Editora da UFPel, 2022.v.27.<a href=\"https:\/\/periodicos.ufpel.edu.br\/index.php\/HistRev\/issue\/view\/1125\">https:\/\/periodicos.ufpel.edu.br\/index.php\/HistRev\/issue\/view\/1125<\/a><\/p>\n<p style=\"text-align: justify;\">GILL, Lorena. Os processos da Justi\u00e7a do Trabalho de Pelotas, no Memorial TRT4 e as possibilidades de se pensar sobre a hist\u00f3ria das mulheres. In: LOPES, Aristeu e VARGAS, Jonas. (Orgs.). Cap\u00edtulos de Hist\u00f3ria de Pelotas. 1ed.Porto Alegre: Casaletras, 2020, v. 1, p. 103-121.<a href=\"https:\/\/www.casaletras.com\/capitulos-de-historia-de-pelotas\">https:\/\/www.casaletras.com\/capitulos-de-historia-de-pelotas<\/a><\/p>\n<p style=\"text-align: justify;\">GILL, Lorena. A luta de Olga por seus direitos: imigra\u00e7\u00e3o, sa\u00fade e trabalho de mulheres em Pelotas, RS (d\u00e9cada de 1940). HIST\u00d3RIA (S\u00c3O PAULO), v. 38, p. 1-20, 2019. <a href=\"https:\/\/www.scielo.br\/j\/his\/a\/ppyLv99ZJCgrh9BdTt4ZvTc\/abstract\/?lang=pt\">https:\/\/www.scielo.br\/j\/his\/a\/ppyLv99ZJCgrh9BdTt4ZvTc\/abstract\/?lang=pt<\/a><\/p>\n<p style=\"text-align: justify;\">GILL, Lorena. Anota\u00e7\u00f5es sobre as doen\u00e7as nos processos da Justi\u00e7a do Trabalho em Pelotas, RS (1941-1951). In: SANTOS NETO, Martinho Guedes dos (org.). (Org.). Justi\u00e7a do Trabalho, Advogados e Trabalhadores: Contextos, Pesquisas e Acervos. 1ed.Para\u00edba: Editora da Universidade Estadual da Para\u00edba, 2019, v. 1, p. 99-116.<\/p>\n<p style=\"text-align: justify;\">GILL, Lorena. N\u00facleo de Documenta\u00e7\u00e3o Hist\u00f3rica da Universidade Federal de Pelotas (UFPEL): seus acervos e pesquisas relacionadas a trabalho, g\u00eanero, ra\u00e7a e sociabilidade. In: Marques; Antonio; Stampa, Inez; Troiti\u00f1o, Sonia. (Org.). Trabalhadores, arquivos, mem\u00f3ria, verdade, justi\u00e7a e repara\u00e7\u00e3o: reflex\u00f5es do 4\u00ba semin\u00e1rio internacional o mundo dos trabalhadores e seus arquivos. 1ed.S\u00e3o Paulo: Editora da CUT, 2018, v. 1, p. 259-270.<\/p>\n<p style=\"text-align: justify;\">GILL, Lorena. \u00a0N\u00facleo de Documentaci\u00f3n Hist\u00f3rica de la UFPel: sus acervos e investigaciones relacionadas al trabajo, g\u00e9nero, raza y sociabilidad. In: Antonio Jos\u00e9 Marques; Inez Stampa; Sonia Troiti\u00f1o. (Org.). Trabajadores, Archivos, Memoria, Verdad, Justicia Y Reparaci\u00f3n. 1ed.Rio de Janeiro: Arquivo Nacional, 2018, v. 1, p. 194-201.<\/p>\n<p style=\"text-align: justify;\">LOPES, Aristeu; GILL, Lorena. O N\u00facleo de Documenta\u00e7\u00e3o Hist\u00f3rica da Universidade Federal de Pelotas e seus Acervos: institucionaliza\u00e7\u00e3o e possibilidades de pesquisas. In: Droppa, Alisson; Lopes, Aristeu e Speranza, Clarice. (Org.). Hist\u00f3ria do Trabalho Revisitada. 1ed.Jundia\u00ed, SP: Paco Editorial, 2018, v. 1, p. 275-294.<\/p>\n<p style=\"text-align: justify;\">PIEPER, Jordana e GILL, Lorena. A luta de estivadores por justi\u00e7a no contexto de instala\u00e7\u00e3o do Porto de Pelotas (1940-1942). In: Gandra, Edgar; Silveira, C\u00e9sar e Silva, Thiago. (Org.). Trabalho e Cultura: Contribui\u00e7\u00f5es para a Hist\u00f3ria do Trabalho e dos Trabalhadores. 1ed.Pelotas: Editora da UFPel, 2016, v. 1, p. 87-101.<\/p>\n<p style=\"text-align: justify;\">GILL, Lorena e ROCHA, L\u00f3ren. O Acervo da Justi\u00e7a do Trabalho em Pelotas (RS) e as possibilidades de se pensar sobre a Hist\u00f3ria e a Sa\u00fade. Revista Mem\u00f3ria em Rede, v. 5, p. 1-15, 2015. <a href=\"https:\/\/periodicos-old.ufpel.edu.br\/ojs2\/index.php\/Memoria\/article\/view\/9408\">https:\/\/periodicos-old.ufpel.edu.br\/ojs2\/index.php\/Memoria\/article\/view\/9408<\/a><\/p>\n<p style=\"text-align: justify;\">LONER, Beatriz; GILL, Lorena. O N\u00facleo de Documenta\u00e7\u00e3o Hist\u00f3rica da UFPel e as possibilidades de pesquisa junto ao acervo da Justi\u00e7a do Trabalho. In: Carla Lopes e Tatiani Regos. (Org.). Arquivo e mem\u00f3ria dos trabalhadores da cidade e do campo. 1\u00baed.Rio de Janeiro: Arquivo Nacional, 2015, v. 2, p. 46-51.<\/p>\n<p style=\"text-align: justify;\">GILL, Lorena e ROSSELLI, Gabriele. Fontes para a Hist\u00f3ria do Trabalho na regi\u00e3o sul do Brasil. Aedos: Revista do Corpo Discente do Programa de P\u00f3s-Gradua\u00e7\u00e3o em Hist\u00f3ria da UFRGS (Online), v. 7, p. 230-245, 2015. <a href=\"https:\/\/seer.ufrgs.br\/index.php\/aedos\/article\/view\/59677\">https:\/\/seer.ufrgs.br\/index.php\/aedos\/article\/view\/59677<\/a><\/p>\n<p style=\"text-align: justify;\">GILL, Lorena; SCHEER, Micaele (Orgs.). \u00c1 beira da extin\u00e7\u00e3o: mem\u00f3rias de trabalhadores cujos of\u00edcios est\u00e3o em vias de desaparecer. 1. ed. Pelotas: Editora UFPel, 2015. v. 1. 128p. <a href=\"https:\/\/guaiaca.ufpel.edu.br\/handle\/prefix\/8307\">https:\/\/guaiaca.ufpel.edu.br\/handle\/prefix\/8307<\/a><\/p>\n<p style=\"text-align: justify;\">GILL, Lorena e LONER, Beatriz. \u00a0N\u00facleo de Documenta\u00e7\u00e3o Hist\u00f3rica da UFPel e seus acervos sobre quest\u00f5es do trabalho. Esbo\u00e7os (UFSC), v. 21, p. 109-123, 2014. <a href=\"https:\/\/periodicos.ufsc.br\/index.php\/esbocos\/article\/view\/2175-7976.2014v21n31p109\">https:\/\/periodicos.ufsc.br\/index.php\/esbocos\/article\/view\/2175-7976.2014v21n31p109<\/a><\/p>\n<p style=\"text-align: justify;\">PIEPER, Jordana; SILVA, Eduarda;\u00a0GILL, Lorena. Diss\u00eddios da Justi\u00e7a do Trabalho: Uma nova Fonte a ser Historiada. Estudios Hist\u00f3ricos (Rivera), v. 10, p. 1-10, 2013. <a href=\"https:\/\/estudioshistoricos.org\/edicion10\/eh1011.pdf\">https:\/\/estudioshistoricos.org\/edicion10\/eh1011.pdf<\/a><\/p>\n<p style=\"text-align: justify;\">LONER, Beatriz; GILL, Lorena. O trabalho de um Centro de Documenta\u00e7\u00e3o: O N\u00facleo de Documenta\u00e7\u00e3o Hist\u00f3rica da UFPel. Patrim\u00f4nio e Mem\u00f3ria (UNESP, v. 9, p. 241-256, 2013. <a href=\"http:\/\/200.145.164.4\/index.php\/pem\/article\/view\/369\">http:\/\/200.145.164.4\/index.php\/pem\/article\/view\/369<\/a><\/p>\n<p style=\"text-align: justify;\">GILL, Lorena; LONER, Beatriz e Vasconcellos, Marciele. Rastros, relatos, mem\u00f3rias: os processos trabalhistas e as fontes orais na pesquisa hist\u00f3rica. Revista Latino-americana de Hist\u00f3ria, v. 1, p. 420-431, 2012. <a href=\"https:\/\/revistas.unisinos.br\/rla\/index.php\/rla\/article\/view\/94\">https:\/\/revistas.unisinos.br\/rla\/index.php\/rla\/article\/view\/94<\/a><\/p>\n<p style=\"text-align: justify;\"><strong>Disserta\u00e7\u00f5es:<\/strong><\/p>\n<p style=\"text-align: justify;\">BRAGA, Camila. \u201cOs oper\u00e1rios n\u00e3o mentem perante a Justi\u00e7a\u201d: An\u00e1lise do exerc\u00edcio da advocacia de Ant\u00f4nio Ferreira Martins em Pelotas (RS) de 1941 a 1945. Disserta\u00e7\u00e3o (Mestrado em Hist\u00f3ria), PPGH\/UFPel, 2016. \u00a0Orientador: Clarice Gontarski Speranza. <a href=\"https:\/\/wp.ufpel.edu.br\/ppgh\/files\/2017\/03\/DISSERTA%C3%87%C3%83O-PDF.pdf\">https:\/\/wp.ufpel.edu.br\/ppgh\/files\/2017\/03\/DISSERTA%C3%87%C3%83O-PDF.pdf<\/a><\/p>\n<p style=\"text-align: justify;\">LEDERMANN, Luana Schubert. Desenrolando fios e tecendo lutas: trabalhadoras da Cia. Fia\u00e7\u00e3o e Tecidos Pelotense e as desigualdades de g\u00eanero na Justi\u00e7a do Trabalho de Pelotas, nos anos 1950. 2020. Disserta\u00e7\u00e3o (Mestrado) \u2014 Programa de P\u00f3s-Gradua\u00e7\u00e3o em Hist\u00f3ria, Instituto de Ci\u00eancias Humanas, Universidade Federal de Pelotas, 2020. Orientador: Clarice Gontarski Speranza.<a href=\"https:\/\/repositorio.ufpel.edu.br\/handle\/prefix\/6915\">https:\/\/repositorio.ufpel.edu.br\/handle\/prefix\/6915<\/a><\/p>\n<p style=\"text-align: justify;\">ROCHA, L\u00f3ren. Indisciplinados os que adoecem e n\u00f4mades os que reclamam f\u00e9rias&#8221;: A sa\u00fade do trabalhador nos processos da Justi\u00e7a do Trabalho de Pelotas (1936-1945). 2015. Disserta\u00e7\u00e3o (Mestrado em Hist\u00f3ria) &#8211; Universidade Federal de Pelotas, Coordena\u00e7\u00e3o de Aperfei\u00e7oamento de Pessoal de N\u00edvel Superior. Orientador: Lorena Almeida Gill. <a href=\"https:\/\/wp.ufpel.edu.br\/ppgh\/files\/2017\/06\/L%C3%B3ren-Rocha.pdf\">https:\/\/wp.ufpel.edu.br\/ppgh\/files\/2017\/06\/L%C3%B3ren-Rocha.pdf<\/a><\/p>\n<p style=\"text-align: justify;\">SCHEER, Micaele. Vest\u00edgios de um of\u00edcio: o setor cal\u00e7adista e as experi\u00eancias de seus trabalhadores na cidade de Pelotas (1940-2014). Disserta\u00e7\u00e3o (Mestrado em Hist\u00f3ria), PUCRS, 2014. <a href=\"https:\/\/tede2.pucrs.br\/tede2\/handle\/tede\/2511\">https:\/\/tede2.pucrs.br\/tede2\/handle\/tede\/2511<\/a><\/p>\n<p style=\"text-align: justify;\">SCHMIDT, M\u00f4nica Renata. Na luta por direitos: os trabalhadores do Frigor\u00edfico Anglo de Pelotas e a Justi\u00e7a do Trabalho (1943-1945).2017. Disserta\u00e7\u00e3o (Mestrado em Hist\u00f3ria) \u2013 Programa de P\u00f3s-Gradua\u00e7\u00e3o em Hist\u00f3ria, Instituto de Ci\u00eancias Humanas, Universidade Federal de Pelotas, Pelotas, 2017. Orientador: Aristeu Elisandro Machado Lopes. <a href=\"https:\/\/repositorio.ufpel.edu.br\/handle\/prefix\/4184\">https:\/\/repositorio.ufpel.edu.br\/handle\/prefix\/4184<\/a><\/p>\n<p style=\"text-align: justify;\">SILVA, Eduarda. Partejar e narrar: o of\u00edcio de parteira ao sul do Rio Grande do Sul (1960-1990). 2017. Disserta\u00e7\u00e3o (Mestrado em Hist\u00f3ria) &#8211; Universidade Federal de Pelotas, Coordena\u00e7\u00e3o de Aperfei\u00e7oamento de Pessoal de N\u00edvel Superior. Orientador: Lorena Almeida Gill.\u00a0<a href=\"https:\/\/wp.ufpel.edu.br\/ppgh\/files\/2021\/04\/Partejar-e-narrar-O-oficio-de-parteira-ao-sul-do-Rio-Grande-do-Sul-1960-1990.pdf\">https:\/\/wp.ufpel.edu.br\/ppgh\/files\/2021\/04\/Partejar-e-narrar-O-oficio-de-parteira-ao-sul-do-Rio-Grande-do-Sul-1960-1990.pdf<\/a><\/p>\n<p style=\"text-align: justify;\">SILVA, S\u00edlvia Bandeira da. O trabalho infantojuvenil e suas demandas: an\u00e1lise de processos dos jovens trabalhadores em Pelotas (1945-1950). 2018. Disserta\u00e7\u00e3o (Mestrado em Hist\u00f3ria) &#8211; Programa de P\u00f3s-Gradua\u00e7\u00e3o em Hist\u00f3ria. Instituto de Ci\u00eancias Humanas. Universidade Federal de Pelotas, Pelotas, 2018. Orientador: Clarice Gontarski Speranza.\u00a0<a href=\"https:\/\/guaiaca.ufpel.edu.br\/handle\/prefix\/6927\">https:\/\/guaiaca.ufpel.edu.br\/handle\/prefix\/6927<\/a><\/p>\n<p style=\"text-align: justify;\">PIEPER, Jordana. Da classifica\u00e7\u00e3o \u00e0 fia\u00e7\u00e3o: as experi\u00eancias de oper\u00e1rios t\u00eaxteis da f\u00e1brica Laneira Brasileira em Pelotas, RS (1980-1988). 2016. Disserta\u00e7\u00e3o (Mestrado em Hist\u00f3ria) &#8211; Universidade Federal de Pelotas, Conselho Nacional de Desenvolvimento Cient\u00edfico e Tecnol\u00f3gico. Orientador: Lorena Almeida Gill.\u00a0<a href=\"https:\/\/wp.ufpel.edu.br\/ppgh\/files\/2017\/07\/Disserta%C3%A7%C3%A3o-Jordana-Alves-Pieper.pdf\">https:\/\/wp.ufpel.edu.br\/ppgh\/files\/2017\/07\/Disserta%C3%A7%C3%A3o-Jordana-Alves-Pieper.pdf<\/a><\/p>\n<p style=\"text-align: justify;\">XAVIER, Tamires. Lei para todos: tens\u00f5es trabalhistas entre \u201cs\u00faditos do Eixo\u201d e empregadores, durante a Segunda Guerra Mundial, em Pelotas. Disserta\u00e7\u00e3o (Mestrado em Hist\u00f3ria), PUC-RS, 2016. <a href=\"https:\/\/tede2.pucrs.br\/tede2\/handle\/tede\/6793\">https:\/\/tede2.pucrs.br\/tede2\/handle\/tede\/6793<\/a><\/p>\n<p style=\"text-align: justify;\"><strong>Tese:<\/strong><\/p>\n<p style=\"text-align: justify;\">TABORDA, Taiane. \u201cPano pra manga\u201d: experi\u00eancias de luta, classe e g\u00eanero no cotidiano das trabalhadoras da Companhia Fia\u00e7\u00e3o e Tecidos Pelotense (1943-1974). 2023. Tese (Doutorado em Hist\u00f3ria) &#8211; Universidade Federal de Pelotas, Orientador: Lorena Almeida Gill.<\/p>\n<p style=\"text-align: justify;\"><strong>Trabalhos de conclus\u00e3o de curso:<\/strong><\/p>\n<p style=\"text-align: justify;\">CUNHA, Ariane. Hist\u00f3ria das mulheres e g\u00eanero, a partir de processos da Justi\u00e7a do Trabalho de Pelotas (1943-1953). 2023. Trabalho de Conclus\u00e3o de Curso. (Gradua\u00e7\u00e3o em Hist\u00f3ria) &#8211; Universidade Federal de Pelotas. Orientador: Lorena Almeida Gill.<\/p>\n<p style=\"text-align: justify;\">AZAMBUJA, Cl\u00e1udia. Viol\u00eancia no ambiente laboral na cidade de Pelotas (RS) na d\u00e9cada de 1950: o caso de Ant\u00f4nio dos Santos relacionado a demandas de Justi\u00e7a do Trabalho. 2019. Trabalho de Conclus\u00e3o de Curso. (Gradua\u00e7\u00e3o em Hist\u00f3ria) &#8211; Universidade Federal de Pelotas. Orientador: Lorena Almeida Gill. <a href=\"https:\/\/wp.ufpel.edu.br\/historia\/files\/2020\/04\/TCC_-CLAUDIA_AZAMBUJA.docx.pdf\">https:\/\/wp.ufpel.edu.br\/historia\/files\/2020\/04\/TCC_-CLAUDIA_AZAMBUJA.docx.pdf<\/a><\/p>\n<p style=\"text-align: justify;\">MARSICO, Thayn\u00e1. APONTAMENTOS SOBRE OS PROCESSOS TRABALHISTAS DO COL\u00c9GIO SANTA MARGARIDA (1962-1991): O CASO DOS PROFESSORES. 2019. Trabalho de Conclus\u00e3o de Curso. (Gradua\u00e7\u00e3o em Hist\u00f3ria) &#8211; Universidade Federal de Pelotas. Orientador: Lorena Almeida Gill.<\/p>\n<p style=\"text-align: justify;\">TONI, Larissa. A maternidade na Justi\u00e7a do Trabalho de Pelotas &#8211; RS: passado e presente. 2018. Trabalho de Conclus\u00e3o de Curso. (Gradua\u00e7\u00e3o em Direito) &#8211; Universidade Federal de Pelotas. Orientador: Lorena Almeida Gill.<\/p>\n<p style=\"text-align: justify;\">VAZ, Milena. A INSALUBRIDADE NOS PROCESSOS TRABALHISTAS DA LANEIRA NA D\u00c9CADA DE 1980. 2017. Trabalho de Conclus\u00e3o de Curso. (Gradua\u00e7\u00e3o em Hist\u00f3ria) &#8211; Universidade Federal de Pelotas. Orientador: Lorena Almeida Gill. <a href=\"https:\/\/wp.ufpel.edu.br\/historia\/files\/2020\/04\/Milena-Vaz-da-Silva.pdf\">https:\/\/wp.ufpel.edu.br\/historia\/files\/2020\/04\/Milena-Vaz-da-Silva.pdf<\/a><\/p>\n<p style=\"text-align: justify;\">LEDERMANN, Luana. \u201cN\u00e3o fica acomodada, quando ela \u00e9 maltratada, denuncia a agress\u00e3o\u201d: Dinor\u00e1 e sua luta por direitos na Justi\u00e7a do Trabalho. 2017. Trabalho de Conclus\u00e3o de Curso. (Gradua\u00e7\u00e3o em Hist\u00f3ria) &#8211; Universidade Federal de Pelotas. Orientador: Lorena Almeida Gill.<\/p>\n<p style=\"text-align: justify;\">AMARAL, Leonardo. Os sindicatos e os processos trabalhistas na d\u00e9cada de 1940. 2017. Trabalho de Conclus\u00e3o de Curso. (Gradua\u00e7\u00e3o em Hist\u00f3ria) &#8211; Universidade Federal de Pelotas. Orientador: Lorena Almeida Gill. <a href=\"https:\/\/wp.ufpel.edu.br\/historia\/files\/2020\/04\/Leonardo-Amaral.pdf\">https:\/\/wp.ufpel.edu.br\/historia\/files\/2020\/04\/Leonardo-Amaral.pdf<\/a><\/p>\n<p style=\"text-align: justify;\">SILVEIRA, Bianca. Tip\u00f3grafos: remanescentes de um of\u00edcio na cidade de Pelotas. 2017. Trabalho de Conclus\u00e3o de Curso. (Gradua\u00e7\u00e3o em Hist\u00f3ria) &#8211; Universidade Federal de Pelotas. Orientador: Lorena Almeida Gill.<\/p>\n<p style=\"text-align: justify;\">KURZ, Charles. NAS ONDAS DO R\u00c1DIO: as transforma\u00e7\u00f5es ao longo do s\u00e9culo XX e a busca dos trabalhadores do r\u00e1dio pelos seus direitos em Pelotas\/RS. 2016. Orientador: Lorena Almeida Gill. <a href=\"https:\/\/cti.ufpel.edu.br\/siepe\/arquivos\/2014\/CH_01933.pdf\">https:\/\/cti.ufpel.edu.br\/siepe\/arquivos\/2014\/CH_01933.pdf<\/a><\/p>\n<p style=\"text-align: justify;\">NOGUEZ, Suelen. Of\u00edcios das empresas telef\u00f4nicas de Pelotas: d\u00e9cadas de 1940 e 1950. 2014. Trabalho de Conclus\u00e3o de Curso. (Gradua\u00e7\u00e3o em Hist\u00f3ria) &#8211; Universidade Federal de Pelotas. Orientador: Lorena Almeida Gill.<\/p>\n<p style=\"text-align: justify;\">PIEPER, Jordana. Carregar e Descarregar: os estivadores de Pelotas e suas rela\u00e7\u00f5es trabalhistas entre 1940 e 1942. 2013. Trabalho de Conclus\u00e3o de Curso. (Gradua\u00e7\u00e3o em Hist\u00f3ria) &#8211; Universidade Federal de Pelotas. Orientador: Lorena Almeida Gill. <a href=\"https:\/\/www.trt4.jus.br\/portais\/media\/431815\/Carregar_e_descarregar.pdf\">https:\/\/www.trt4.jus.br\/portais\/media\/431815\/Carregar_e_descarregar.pdf<\/a><\/p>\n<p style=\"text-align: justify;\">SILVA, Eduarda. N\u00d3S NA TRAMA: Os pleitos judiciais das oper\u00e1rias da Companhia Fia\u00e7\u00e3o e Tecidos Pelotense (1944-1954). 2013. Trabalho de Conclus\u00e3o de Curso. (Gradua\u00e7\u00e3o em Hist\u00f3ria) &#8211; Universidade Federal de Pelotas. Orientador: Lorena Almeida Gill.<\/p>\n<p style=\"text-align: justify;\">BRAGA, Camila. Um mediador do Direito: Ant\u00f4nio Ferreira Martins e os processos trabalhistas de Pelotas, em 1944. 2013. Trabalho de Conclus\u00e3o de Curso. (Gradua\u00e7\u00e3o em Hist\u00f3ria) &#8211; Universidade Federal de Pelotas. Orientador: Lorena Almeida Gill. <a href=\"https:\/\/cti.ufpel.edu.br\/siepe\/arquivos\/2013\/CH_02009.pdf\">https:\/\/cti.ufpel.edu.br\/siepe\/arquivos\/2013\/CH_02009.pdf<\/a><\/p>\n<p style=\"text-align: justify;\">SOARES, Tamires. Indisciplina e Insubordina\u00e7\u00e3o nos processos trabalhistas: o cotidiano fabril na empresa The Riograndense Light and Power. 2013. Trabalho de Conclus\u00e3o de Curso. (Gradua\u00e7\u00e3o em Hist\u00f3ria) &#8211; Universidade Federal de Pelotas. Orientador: Lorena Almeida Gill.<\/p>\n<p style=\"text-align: justify;\">VASCONCELLOS, Marciele. \u00c0 moda dos alfaiates: nuances de um of\u00edcio artesanal na cidade de Pelotas nas d\u00e9cadas de 1940 e 1950. 2012. Trabalho de Conclus\u00e3o de Curso. (Gradua\u00e7\u00e3o em Hist\u00f3ria) &#8211; Universidade Federal de Pelotas. Orientador: Lorena Almeida Gill.<\/p>\n<p style=\"text-align: justify;\">ROCHA, L\u00f3ren. Acervo da Justi\u00e7a do Trabalho de Pelotas (1940-1945) Da guarda documental ao uso na pesquisa hist\u00f3rica. 2012. Trabalho de Conclus\u00e3o de Curso. (Gradua\u00e7\u00e3o em Hist\u00f3ria) &#8211; Universidade Federal de Pelotas. Orientador: Lorena Almeida Gill. <a href=\"https:\/\/www.trt4.jus.br\/portais\/media\/431817\/LAoren.pdf\">https:\/\/www.trt4.jus.br\/portais\/media\/431817\/LAoren.pdf<\/a><\/p>\n<p style=\"text-align: justify;\"><strong>Trabalhos Diversos:<\/strong><\/p>\n<p style=\"text-align: justify;\">BRAGA, Camila Martins; SPERANZA, Clarice Gontarski. Um lugar de mem\u00f3ria: acervo da Justi\u00e7a do Trabalho de Pelotas. II Semin\u00e1rio Internacional, Imagens da Justi\u00e7a, Curr\u00edculo e Educa\u00e7\u00e3o Jur\u00eddica. <a href=\"https:\/\/wp.ufpel.edu.br\/imagensdajustica\/files\/2018\/02\/UM_LUGAR_DE_MEM%C3%93RIA.pdf\">https:\/\/wp.ufpel.edu.br\/imagensdajustica\/files\/2018\/02\/UM_LUGAR_DE_MEM%C3%93RIA.pdf<\/a><\/p>\n<p style=\"text-align: justify;\">KOSCHIER, Paulo. Guia do Arquivo da Justi\u00e7a do Trabalho de Pelotas. Revista Mundos do Trabalho, volume 11, p. 1-20, 2019. <a href=\"https:\/\/periodicos.ufsc.br\/index.php\/mundosdotrabalho\/article\/view\/1984-9222.2019.e67117\">https:\/\/periodicos.ufsc.br\/index.php\/mundosdotrabalho\/article\/view\/1984-9222.2019.e67117<\/a><\/p>\n<p style=\"text-align: justify;\">TABORDA, Taiane Mendes; GILL, Lorena Almeida. A Companhia Fia\u00e7\u00e3o e Tecidos Pelotense e as Demandas da Justi\u00e7a do Trabalho. In: ENPOS, 2019, Pelotas. Anais eletr\u00f4nicos.Pelotas: UFPel, 2019. <a href=\"https:\/\/guaiaca.ufpel.edu.br\/handle\/prefix\/5946\">https:\/\/guaiaca.ufpel.edu.br\/handle\/prefix\/5946<\/a><\/p>\n<p style=\"text-align: justify;\">PIEPER, Jordana Alves; GILL, Lorena Almeida. Discutindo direitos na Justi\u00e7a do trabalho: o caso dos menores oper\u00e1rios da F\u00e1brica Laneira Brasileira Sociedade An\u00f4nima Ind\u00fastria e Com\u00e9rcio (1949-1953). In: ENPOS, 16, 2014, Pelotas. Anais eletr\u00f4nicos&#8230; Pelotas: UFPel, 2014.<a href=\"https:\/\/guaiaca.ufpel.edu.br\/handle\/prefix\/5973\">https:\/\/guaiaca.ufpel.edu.br\/handle\/prefix\/597<\/a><\/p>\n<p style=\"text-align: justify;\">NOGUEZ, Su\u00e9len Resende; GILL, Lorena Almeida. A trabalhadora pelotense nos pleitos da Justi\u00e7a do Trabalho (D\u00e9cada de 1940). In: ENPOS, 18, 2016, Pelotas. Anais eletr\u00f4nicos. Pelotas: UFPel, 2016. <a href=\"https:\/\/guaiaca.ufpel.edu.br\/handle\/prefix\/5961\">https:\/\/guaiaca.ufpel.edu.br\/handle\/prefix\/5961<\/a><\/p>\n<p style=\"text-align: justify;\">ROCHA, L\u00f3ren Nunes da; GILL, Lorena Almeida. A sa\u00fade do trabalhador pelotense (1940-1945) atrav\u00e9s dos autos da Justi\u00e7a do Trabalho. In: ENPOS, 15, 2013,Pelotas: UFPel, 2013. <a href=\"https:\/\/guaiaca.ufpel.edu.br\/handle\/prefix\/5976\">https:\/\/guaiaca.ufpel.edu.br\/handle\/prefix\/5976<\/a><\/p>\n<p style=\"text-align: justify;\">SILVA, Eduarda Borges da; GILL, Lorena Almeida. Tecer e bordar nos processos da Justi\u00e7a do Trabalho de Pelotas. XI Semin\u00e1rio de Hist\u00f3ria da Arte, 2012.\u00a0 <a href=\"https:\/\/periodicos-old.ufpel.edu.br\/ojs2\/index.php\/Arte\/article\/view\/1708\/1587\">https:\/\/periodicos-old.ufpel.edu.br\/ojs2\/index.php\/Arte\/article\/view\/1708\/1587<\/a><\/p>\n<p style=\"text-align: justify;\">SOARES, Tamires Xavier. A Justi\u00e7a do Trabalho e a mem\u00f3ria: o relato de experi\u00eancia sobre a utiliza\u00e7\u00e3o de processos trabalhistas e hist\u00f3ria oral como fontes de pesquisa. II Semin\u00e1rio Internacional, Imagens da Justi\u00e7a, Curr\u00edculo e Educa\u00e7\u00e3o Jur\u00eddica. <a href=\"https:\/\/wp.ufpel.edu.br\/imagensdajustica\/files\/2018\/02\/SOARES.pdf\">https:\/\/wp.ufpel.edu.br\/imagensdajustica\/files\/2018\/02\/SOARES.pdf<\/a><\/p>\n<p style=\"text-align: justify;\">SOARES, Tamires Xavier. Os s\u00faditos do eixo e a Justi\u00e7a do Trabalho: o caso da The Riograndense Light and Power de Pelotas. Espa\u00e7o Plural, vol. XVII, 2016. Universidade Estadual do Oeste do Paran\u00e1. Marechal C\u00e2ndido Rondon, Brasil <a href=\"https:\/\/www.redalyc.org\/pdf\/4459\/445946790020.pdf\">https:\/\/www.redalyc.org\/pdf\/4459\/445946790020.pdf<\/a><\/p>\n<p style=\"text-align: justify;\">SCHEER, Micaele Irene. Fontes Orais e Processos Trabalhistas: ind\u00edcios sobre um antigo of\u00edcio em Pelotas. Hist\u00f3ria Em Revista, 2017. <a href=\"https:\/\/periodicos.ufpel.edu.br\/index.php\/HistRev\/article\/view\/12485\">https:\/\/periodicos.ufpel.edu.br\/index.php\/HistRev\/article\/view\/12485<\/a><\/p>\n<p style=\"text-align: justify;\">ALVES, Jordana Pieper. A ESTIVA DE PELOTAS E A LUTA PELO CUMPRIMENTO DE SEUS DIREITOS TRABALHISTAS ENTRE 1943 E 1950. Hist\u00f3ria Em Revista, 2017.\u00a0<a href=\"https:\/\/periodicos.ufpel.edu.br\/index.php\/HistRev\/article\/view\/12475\">https:\/\/periodicos.ufpel.edu.br\/index.php\/HistRev\/article\/view\/12475<\/a><\/p>\n<p style=\"text-align: justify;\">GILL, Lorena Almeida; PIEPER, Jordana Alves; SILVA, Eduarda Borges da. Maternidade e trabalho: direito ou dever?. Revista Brasileira de Hist\u00f3ria &amp; Ci\u00eancias Sociais, [S. l.], v. 5, n. 9, 2013. <a href=\"https:\/\/periodicos.furg.br\/rbhcs\/article\/view\/10522\">https:\/\/periodicos.furg.br\/rbhcs\/article\/view\/10522<\/a><\/p>\n","protected":false},"excerpt":{"rendered":"<p>No final de janeiro a Universidade Federal de Pelotas e o Tribunal Regional do Trabalho da 4\u00aa Regi\u00e3o (TRT-4) firmaram acordo de coopera\u00e7\u00e3o t\u00e9cnica para a guarda, em regime de comodato, por parte do N\u00facleo de Documenta\u00e7\u00e3o Hist\u00f3rica da UFPel &#8211; Profa. Beatriz Loner, dos processos trabalhistas da Justi\u00e7a do Trabalho de Pelotas, a partir [&hellip;]<\/p>\n","protected":false},"author":718,"featured_media":0,"comment_status":"closed","ping_status":"closed","sticky":false,"template":"","format":"standard","meta":{"jetpack_post_was_ever_published":false,"_jetpack_newsletter_access":"","_jetpack_dont_email_post_to_subs":false,"_jetpack_newsletter_tier_id":0,"_jetpack_memberships_contains_paywalled_content":false,"_jetpack_memberships_contains_paid_content":false,"footnotes":"","jetpack_publicize_message":"","jetpack_publicize_feature_enabled":true,"jetpack_social_post_already_shared":true,"jetpack_social_options":{"image_generator_settings":{"template":"highway","default_image_id":0,"font":"","enabled":false},"version":2}},"categories":[1],"tags":[],"class_list":["post-4515","post","type-post","status-publish","format-standard","hentry","category-noticias"],"jetpack_publicize_connections":[],"jetpack_featured_media_url":"","jetpack_sharing_enabled":true,"jetpack_shortlink":"https:\/\/wp.me\/p9qy4R-1aP","jetpack_likes_enabled":true,"jetpack-related-posts":[],"_links":{"self":[{"href":"https:\/\/wp.ufpel.edu.br\/ndh\/wp-json\/wp\/v2\/posts\/4515","targetHints":{"allow":["GET"]}}],"collection":[{"href":"https:\/\/wp.ufpel.edu.br\/ndh\/wp-json\/wp\/v2\/posts"}],"about":[{"href":"https:\/\/wp.ufpel.edu.br\/ndh\/wp-json\/wp\/v2\/types\/post"}],"author":[{"embeddable":true,"href":"https:\/\/wp.ufpel.edu.br\/ndh\/wp-json\/wp\/v2\/users\/718"}],"replies":[{"embeddable":true,"href":"https:\/\/wp.ufpel.edu.br\/ndh\/wp-json\/wp\/v2\/comments?post=4515"}],"version-history":[{"count":8,"href":"https:\/\/wp.ufpel.edu.br\/ndh\/wp-json\/wp\/v2\/posts\/4515\/revisions"}],"predecessor-version":[{"id":4526,"href":"https:\/\/wp.ufpel.edu.br\/ndh\/wp-json\/wp\/v2\/posts\/4515\/revisions\/4526"}],"wp:attachment":[{"href":"https:\/\/wp.ufpel.edu.br\/ndh\/wp-json\/wp\/v2\/media?parent=4515"}],"wp:term":[{"taxonomy":"category","embeddable":true,"href":"https:\/\/wp.ufpel.edu.br\/ndh\/wp-json\/wp\/v2\/categories?post=4515"},{"taxonomy":"post_tag","embeddable":true,"href":"https:\/\/wp.ufpel.edu.br\/ndh\/wp-json\/wp\/v2\/tags?post=4515"}],"curies":[{"name":"wp","href":"https:\/\/api.w.org\/{rel}","templated":true}]}}