{"id":4489,"date":"2024-12-11T14:48:09","date_gmt":"2024-12-11T17:48:09","guid":{"rendered":"https:\/\/wp.ufpel.edu.br\/ndh\/?p=4489"},"modified":"2024-12-11T14:48:09","modified_gmt":"2024-12-11T17:48:09","slug":"acervos-ndh-documentacao-do-movimento-estudantil","status":"publish","type":"post","link":"https:\/\/wp.ufpel.edu.br\/ndh\/2024\/12\/11\/acervos-ndh-documentacao-do-movimento-estudantil\/","title":{"rendered":"Acervos NDH &#8211; Documenta\u00e7\u00e3o do Movimento Estudantil"},"content":{"rendered":"<p>O N\u00facleo, ao longo das \u00faltimas tr\u00eas d\u00e9cadas, tem se especializado em receber e salvaguardar acervos vinculados a hist\u00f3ria institucional, a movimentos sociais e pol\u00edticos e a hist\u00f3ria do trabalho.<\/p>\n<p>Tamb\u00e9m realiza esfor\u00e7os cont\u00ednuos para dar visibilidade e instigar estudos nessas \u00e1reas.<img data-recalc-dims=\"1\" loading=\"lazy\" decoding=\"async\" data-attachment-id=\"4491\" data-permalink=\"https:\/\/wp.ufpel.edu.br\/ndh\/2024\/12\/11\/acervos-ndh-documentacao-do-movimento-estudantil\/postagens-antigas\/#main\" data-orig-file=\"https:\/\/i0.wp.com\/wp.ufpel.edu.br\/ndh\/files\/2024\/12\/Postagens-Antigas.jpg?fit=1080%2C1080&amp;ssl=1\" data-orig-size=\"1080,1080\" data-comments-opened=\"0\" data-image-meta=\"{&quot;aperture&quot;:&quot;0&quot;,&quot;credit&quot;:&quot;&quot;,&quot;camera&quot;:&quot;&quot;,&quot;caption&quot;:&quot;&quot;,&quot;created_timestamp&quot;:&quot;0&quot;,&quot;copyright&quot;:&quot;&quot;,&quot;focal_length&quot;:&quot;0&quot;,&quot;iso&quot;:&quot;0&quot;,&quot;shutter_speed&quot;:&quot;0&quot;,&quot;title&quot;:&quot;&quot;,&quot;orientation&quot;:&quot;1&quot;}\" data-image-title=\"Postagens Antigas\" data-image-description=\"\" data-image-caption=\"\" data-medium-file=\"https:\/\/i0.wp.com\/wp.ufpel.edu.br\/ndh\/files\/2024\/12\/Postagens-Antigas.jpg?fit=318%2C318&amp;ssl=1\" data-large-file=\"https:\/\/i0.wp.com\/wp.ufpel.edu.br\/ndh\/files\/2024\/12\/Postagens-Antigas.jpg?fit=660%2C148&amp;ssl=1\" class=\"size-medium wp-image-4491 alignright\" src=\"https:\/\/i0.wp.com\/wp.ufpel.edu.br\/ndh\/files\/2024\/12\/Postagens-Antigas.jpg?resize=318%2C318&#038;ssl=1\" alt=\"\" width=\"318\" height=\"318\" srcset=\"https:\/\/i0.wp.com\/wp.ufpel.edu.br\/ndh\/files\/2024\/12\/Postagens-Antigas.jpg?resize=318%2C318&amp;ssl=1 318w, https:\/\/i0.wp.com\/wp.ufpel.edu.br\/ndh\/files\/2024\/12\/Postagens-Antigas.jpg?resize=159%2C159&amp;ssl=1 159w, https:\/\/i0.wp.com\/wp.ufpel.edu.br\/ndh\/files\/2024\/12\/Postagens-Antigas.jpg?resize=768%2C768&amp;ssl=1 768w, https:\/\/i0.wp.com\/wp.ufpel.edu.br\/ndh\/files\/2024\/12\/Postagens-Antigas.jpg?resize=619%2C619&amp;ssl=1 619w, https:\/\/i0.wp.com\/wp.ufpel.edu.br\/ndh\/files\/2024\/12\/Postagens-Antigas.jpg?w=1080&amp;ssl=1 1080w\" sizes=\"auto, (max-width: 318px) 100vw, 318px\" \/><\/p>\n<p>Com a documenta\u00e7\u00e3o do movimento estudantil (DCE, DA&#8217;s, Gr\u00eamio Estudantil do IFSul), a preocupa\u00e7\u00e3o atual, capitaneada pela Profa.\u00a0<a class=\"x1i10hfl xjbqb8w x1ejq31n xd10rxx x1sy0etr x17r0tee x972fbf xcfux6l x1qhh985 xm0m39n x9f619 x1ypdohk xt0psk2 xe8uvvx xdj266r x11i5rnm xat24cr x1mh8g0r xexx8yu x4uap5 x18d9i69 xkhd6sd x16tdsg8 x1hl2dhg xggy1nq x1a2a7pz notranslate _a6hd\" tabindex=\"0\" role=\"link\" href=\"https:\/\/www.instagram.com\/marciaespig\/\">@marciaespig<\/a>, \u00e9 a de organiza\u00e7\u00e3o final e cataloga\u00e7\u00e3o dos documentos sob a guarda do NDH.<\/p>\n<p>O tabalho prescinde de bolsistas e volunt\u00e1rios e est\u00e1 em processo avan\u00e7ado, devendo ser conclu\u00eddo no primeiro semestre de 2025.<\/p>\n<p>O acesso a pesquisadores \u00e9 garantido, quando os objetivos s\u00e3o acad\u00eamico\/cient\u00edficos, e tem gerado TCC&#8217;s, disserta\u00e7\u00f5es, teses e artigos em peri\u00f3dicos.<\/p>\n","protected":false},"excerpt":{"rendered":"<p>O N\u00facleo, ao longo das \u00faltimas tr\u00eas d\u00e9cadas, tem se especializado em receber e salvaguardar acervos vinculados a hist\u00f3ria institucional, a movimentos sociais e pol\u00edticos e a hist\u00f3ria do trabalho. Tamb\u00e9m realiza esfor\u00e7os cont\u00ednuos para dar visibilidade e instigar estudos nessas \u00e1reas. Com a documenta\u00e7\u00e3o do movimento estudantil (DCE, DA&#8217;s, Gr\u00eamio Estudantil do IFSul), a [&hellip;]<\/p>\n","protected":false},"author":718,"featured_media":0,"comment_status":"closed","ping_status":"closed","sticky":false,"template":"","format":"standard","meta":{"jetpack_post_was_ever_published":false,"_jetpack_newsletter_access":"","_jetpack_dont_email_post_to_subs":false,"_jetpack_newsletter_tier_id":0,"_jetpack_memberships_contains_paywalled_content":false,"_jetpack_memberships_contains_paid_content":false,"footnotes":"","jetpack_publicize_message":"","jetpack_publicize_feature_enabled":true,"jetpack_social_post_already_shared":true,"jetpack_social_options":{"image_generator_settings":{"template":"highway","default_image_id":0,"font":"","enabled":false},"version":2}},"categories":[1],"tags":[],"class_list":["post-4489","post","type-post","status-publish","format-standard","hentry","category-noticias"],"jetpack_publicize_connections":[],"jetpack_featured_media_url":"","jetpack_sharing_enabled":true,"jetpack_shortlink":"https:\/\/wp.me\/p9qy4R-1ap","jetpack_likes_enabled":true,"jetpack-related-posts":[],"_links":{"self":[{"href":"https:\/\/wp.ufpel.edu.br\/ndh\/wp-json\/wp\/v2\/posts\/4489","targetHints":{"allow":["GET"]}}],"collection":[{"href":"https:\/\/wp.ufpel.edu.br\/ndh\/wp-json\/wp\/v2\/posts"}],"about":[{"href":"https:\/\/wp.ufpel.edu.br\/ndh\/wp-json\/wp\/v2\/types\/post"}],"author":[{"embeddable":true,"href":"https:\/\/wp.ufpel.edu.br\/ndh\/wp-json\/wp\/v2\/users\/718"}],"replies":[{"embeddable":true,"href":"https:\/\/wp.ufpel.edu.br\/ndh\/wp-json\/wp\/v2\/comments?post=4489"}],"version-history":[{"count":1,"href":"https:\/\/wp.ufpel.edu.br\/ndh\/wp-json\/wp\/v2\/posts\/4489\/revisions"}],"predecessor-version":[{"id":4492,"href":"https:\/\/wp.ufpel.edu.br\/ndh\/wp-json\/wp\/v2\/posts\/4489\/revisions\/4492"}],"wp:attachment":[{"href":"https:\/\/wp.ufpel.edu.br\/ndh\/wp-json\/wp\/v2\/media?parent=4489"}],"wp:term":[{"taxonomy":"category","embeddable":true,"href":"https:\/\/wp.ufpel.edu.br\/ndh\/wp-json\/wp\/v2\/categories?post=4489"},{"taxonomy":"post_tag","embeddable":true,"href":"https:\/\/wp.ufpel.edu.br\/ndh\/wp-json\/wp\/v2\/tags?post=4489"}],"curies":[{"name":"wp","href":"https:\/\/api.w.org\/{rel}","templated":true}]}}