{"id":3772,"date":"2022-07-12T09:00:40","date_gmt":"2022-07-12T12:00:40","guid":{"rendered":"https:\/\/wp.ufpel.edu.br\/ndh\/?p=3772"},"modified":"2022-07-12T09:00:40","modified_gmt":"2022-07-12T12:00:40","slug":"dossie-trabalhadores-e-trabalhadoras-no-passado-e-no-presente-historia-em-revista","status":"publish","type":"post","link":"https:\/\/wp.ufpel.edu.br\/ndh\/2022\/07\/12\/dossie-trabalhadores-e-trabalhadoras-no-passado-e-no-presente-historia-em-revista\/","title":{"rendered":"Dossi\u00ea Trabalhadores e Trabalhadoras no passado e no presente &#8211; Hist\u00f3ria em Revista"},"content":{"rendered":"<p style=\"text-align: justify;\"><a href=\"https:\/\/wp.ufpel.edu.br\/ndh\/hr-27-2-jul-2022\/\"><img data-recalc-dims=\"1\" loading=\"lazy\" decoding=\"async\" data-attachment-id=\"3762\" data-permalink=\"https:\/\/wp.ufpel.edu.br\/ndh\/hr-27-2-jul-2022\/folha-de-rosto_site\/#main\" data-orig-file=\"https:\/\/i0.wp.com\/wp.ufpel.edu.br\/ndh\/files\/2022\/07\/folha-de-rosto_site.png?fit=650%2C810&amp;ssl=1\" data-orig-size=\"650,810\" data-comments-opened=\"0\" data-image-meta=\"{&quot;aperture&quot;:&quot;0&quot;,&quot;credit&quot;:&quot;&quot;,&quot;camera&quot;:&quot;&quot;,&quot;caption&quot;:&quot;&quot;,&quot;created_timestamp&quot;:&quot;0&quot;,&quot;copyright&quot;:&quot;&quot;,&quot;focal_length&quot;:&quot;0&quot;,&quot;iso&quot;:&quot;0&quot;,&quot;shutter_speed&quot;:&quot;0&quot;,&quot;title&quot;:&quot;&quot;,&quot;orientation&quot;:&quot;0&quot;}\" data-image-title=\"folha de rosto_site\" data-image-description=\"\" data-image-caption=\"\" data-medium-file=\"https:\/\/i0.wp.com\/wp.ufpel.edu.br\/ndh\/files\/2022\/07\/folha-de-rosto_site.png?fit=255%2C318&amp;ssl=1\" data-large-file=\"https:\/\/i0.wp.com\/wp.ufpel.edu.br\/ndh\/files\/2022\/07\/folha-de-rosto_site.png?fit=650%2C220&amp;ssl=1\" class=\"size-medium wp-image-3762 alignright\" src=\"https:\/\/i0.wp.com\/wp.ufpel.edu.br\/ndh\/files\/2022\/07\/folha-de-rosto_site.png?resize=255%2C318&#038;ssl=1\" alt=\"\" width=\"255\" height=\"318\" srcset=\"https:\/\/i0.wp.com\/wp.ufpel.edu.br\/ndh\/files\/2022\/07\/folha-de-rosto_site.png?resize=255%2C318&amp;ssl=1 255w, https:\/\/i0.wp.com\/wp.ufpel.edu.br\/ndh\/files\/2022\/07\/folha-de-rosto_site.png?resize=128%2C159&amp;ssl=1 128w, https:\/\/i0.wp.com\/wp.ufpel.edu.br\/ndh\/files\/2022\/07\/folha-de-rosto_site.png?resize=619%2C771&amp;ssl=1 619w, https:\/\/i0.wp.com\/wp.ufpel.edu.br\/ndh\/files\/2022\/07\/folha-de-rosto_site.png?w=650&amp;ssl=1 650w\" sizes=\"auto, (max-width: 255px) 100vw, 255px\" \/><\/a>Novo n\u00famero de HR, dedicado \u00e0 discuss\u00e3o do tema Hist\u00f3ria do Trabalho e dos (as) Trabalhadores (as), organizado no dossi\u00ea Trabalhadores e Trabalhadoras no passado e no presente j\u00e1 est\u00e1 dispon\u00edvel.<\/p>\n<p style=\"text-align: justify;\">Este volume, em especial, tem a perspectiva de trazer novos estudos sobre o tema e, por isso, se intitulou: \u201cTrabalhadores e Trabalhadoras no passado e no presente\u201d. Traz, em seu interior, seis artigos para o dossi\u00ea, os quais enfatizam diferentes an\u00e1lises sobre o mundo laboral. Tr\u00eas deles se relacionam a uma perspectiva de estudos vinculados \u00e0 p\u00f3s-aboli\u00e7\u00e3o: o artigo\u00a0<em>Combate \u00e0 carestia nas p\u00e1ginas da Imprensa Negra<\/em>, de Liana Severo Ribeiro, analisa not\u00edcias do jornal O Exemplo, entre os anos de 1917 e 1919, enfocando como era dif\u00edcil para a popula\u00e7\u00e3o trabalhadora mais pobre ter acesso aos direitos b\u00e1sicos;\u00a0<em>Trabalhadores e repress\u00e3o no P\u00f3s-Aboli\u00e7\u00e3o em Alegrete\/RS<\/em>, de Guilherme Vargas Pedroso, tem como fontes documenta\u00e7\u00f5es hospitalares e da cadeia municipal e busca perceber as pol\u00edticas de repress\u00e3o aos trabalhadores na tentativa de se estabelecer um \u201cpretenso\u201d ordenamento social e\u00a0<em>Trabalhadores negros criam uni\u00e3o familiar: revivendo o mais antigo clube social negro de Santa Maria\/RS<\/em>, de Franciele Rocha de Oliveira, aborda, a partir de uma ampla documenta\u00e7\u00e3o, a trajet\u00f3ria de uma associa\u00e7\u00e3o negra relacionada \u00e0s din\u00e2micas familiares e trajet\u00f3rias profissionais.<\/p>\n<p style=\"text-align: justify;\">Os outros tr\u00eas textos possuem tem\u00e1ticas mais diversas. Este \u00e9 o caso de \u201c<em>Ma\u00e7aroca\u201d Desigual: a luta de tecel\u00e3s da Companhia Fia\u00e7\u00e3o e Tecidos Pelotense pela remunera\u00e7\u00e3o estabelecida por lei na d\u00e9cada de 1940<\/em>, de Taiane Mendes Taborda, que trabalha com processos trabalhistas para discutir se a lei do sal\u00e1rio-m\u00ednimo trouxe vantagens \u00e0s oper\u00e1rias. Ainda h\u00e1 um texto sobre o\u00a0<em>Trabalho nas fazendas de cacau: na costa do Ouro (Gana) e no sul da Bahia (1920-1945)<\/em>, de Luciane Aparecida Goulart e Fl\u00e1vio Gon\u00e7alves dos Santos, que busca, atrav\u00e9s da hist\u00f3ria comparada, verificar as condi\u00e7\u00f5es laborais destes trabalhadores, em diferentes contextos. E, por fim, h\u00e1 o artigo\u00a0<em>\u201cMinha Gente, vamos todos reclamar\u201d: as demandas da classe trabalhadora de Florian\u00f3polis em A Verdade (1952-1960)<\/em>, de J\u00e9ssica Duarte, o qual aborda as reivindica\u00e7\u00f5es de oper\u00e1rios urbanos, tendo em vista reclama\u00e7\u00f5es postadas em um jornal da cidade.<\/p>\n<p style=\"text-align: justify;\">Tr\u00eas outros textos comp\u00f5em este volume:\u00a0<em>As mem\u00f3rias e sociabilidades dos imigrantes brasileiros em suas chegadas e primeiros tempos em terras paraguaias<\/em>, de Vanucia Gnoatto, observa, por meio da hist\u00f3ria oral,\u00a0 o estabelecimento dos imigrantes brasileiros, nos departamentos paraguaios de Alto Paran\u00e1 e Itap\u00faa, bem como, investiga a cria\u00e7\u00e3o de redes associativas e a constru\u00e7\u00e3o de la\u00e7os de sociabilidade;\u00a0<em>Sa\u00fade e G\u00eanero: o enfrentamento citadino \u00e0s epidemias na era moderna lusitana e a representa\u00e7\u00e3o do corpo da mulher<\/em>, de Audrei Rodrigo de Concei\u00e7\u00e3o Pizolati, tem como objetivo observar as epidemias na Portugal dos s\u00e9culos XVI e XVII, com \u00eanfase na atua\u00e7\u00e3o da Santa Casas de Miseric\u00f3rdia e no corpo feminino, a partir de uma perspectiva foucaultiana e\u00a0<em>Sistema de padroado na Comarca do Serro do Frio: a atua\u00e7\u00e3o do Padre Sim\u00e3o Pacheco na par\u00f3quia de Nossa Senhora da Concei\u00e7\u00e3o da Vila do Pr\u00edncipe, Minas Gerais, 1723-1776<\/em>, de Danilo Arnaldo Briskievicz, analisa, por meio de investiga\u00e7\u00e3o bibliogr\u00e1fica e documental, o sistema do padroado real na igreja de Nossa Senhora da Concei\u00e7\u00e3o da Vila do Pr\u00edncipe da Comarca do Serro do Frio, entre os anos de 1723 e 1776.<\/p>\n<p style=\"text-align: justify;\">Esperamos que a leitura do dossi\u00ea traga novos olhares sobre um campo que, embora tenha muitas produ\u00e7\u00f5es, precisa ser constantemente pensado, especialmente em um momento em que trabalhadores e trabalhadoras t\u00eam seus direitos constantemente atacados, seja por mudan\u00e7as na legisla\u00e7\u00e3o, seja pela informalidade de muitas rela\u00e7\u00f5es de trabalho.<\/p>\n<p style=\"text-align: justify;\">Que o olhar da Hist\u00f3ria, sempre muito preciso, nos traga possibilidades de, com estudos sobre o passado, continuar resistindo, na perspectiva de se construir um futuro mais justo, no qual as pessoas possam trabalhar e viver com dignidade.<\/p>\n<p>Desejamos a todos uma excelente leitura!<\/p>\n<p style=\"text-align: center;\">| <strong><a href=\"https:\/\/wp.ufpel.edu.br\/ndh\/hr-27-2-jul-2022\/\">Confira aqui<\/a><\/strong> |<\/p>\n","protected":false},"excerpt":{"rendered":"<p>Novo n\u00famero de HR, dedicado \u00e0 discuss\u00e3o do tema Hist\u00f3ria do Trabalho e dos (as) Trabalhadores (as), organizado no dossi\u00ea Trabalhadores e Trabalhadoras no passado e no presente j\u00e1 est\u00e1 dispon\u00edvel. Este volume, em especial, tem a perspectiva de trazer novos estudos sobre o tema e, por isso, se intitulou: \u201cTrabalhadores e Trabalhadoras no passado [&hellip;]<\/p>\n","protected":false},"author":718,"featured_media":0,"comment_status":"closed","ping_status":"closed","sticky":false,"template":"","format":"standard","meta":{"jetpack_post_was_ever_published":false,"_jetpack_newsletter_access":"","_jetpack_dont_email_post_to_subs":false,"_jetpack_newsletter_tier_id":0,"_jetpack_memberships_contains_paywalled_content":false,"_jetpack_memberships_contains_paid_content":false,"footnotes":"","jetpack_publicize_message":"","jetpack_publicize_feature_enabled":true,"jetpack_social_post_already_shared":true,"jetpack_social_options":{"image_generator_settings":{"template":"highway","default_image_id":0,"font":"","enabled":false},"version":2}},"categories":[1],"tags":[],"class_list":["post-3772","post","type-post","status-publish","format-standard","hentry","category-noticias"],"jetpack_publicize_connections":[],"jetpack_featured_media_url":"","jetpack_sharing_enabled":true,"jetpack_shortlink":"https:\/\/wp.me\/p9qy4R-YQ","jetpack_likes_enabled":true,"jetpack-related-posts":[],"_links":{"self":[{"href":"https:\/\/wp.ufpel.edu.br\/ndh\/wp-json\/wp\/v2\/posts\/3772","targetHints":{"allow":["GET"]}}],"collection":[{"href":"https:\/\/wp.ufpel.edu.br\/ndh\/wp-json\/wp\/v2\/posts"}],"about":[{"href":"https:\/\/wp.ufpel.edu.br\/ndh\/wp-json\/wp\/v2\/types\/post"}],"author":[{"embeddable":true,"href":"https:\/\/wp.ufpel.edu.br\/ndh\/wp-json\/wp\/v2\/users\/718"}],"replies":[{"embeddable":true,"href":"https:\/\/wp.ufpel.edu.br\/ndh\/wp-json\/wp\/v2\/comments?post=3772"}],"version-history":[{"count":1,"href":"https:\/\/wp.ufpel.edu.br\/ndh\/wp-json\/wp\/v2\/posts\/3772\/revisions"}],"predecessor-version":[{"id":3774,"href":"https:\/\/wp.ufpel.edu.br\/ndh\/wp-json\/wp\/v2\/posts\/3772\/revisions\/3774"}],"wp:attachment":[{"href":"https:\/\/wp.ufpel.edu.br\/ndh\/wp-json\/wp\/v2\/media?parent=3772"}],"wp:term":[{"taxonomy":"category","embeddable":true,"href":"https:\/\/wp.ufpel.edu.br\/ndh\/wp-json\/wp\/v2\/categories?post=3772"},{"taxonomy":"post_tag","embeddable":true,"href":"https:\/\/wp.ufpel.edu.br\/ndh\/wp-json\/wp\/v2\/tags?post=3772"}],"curies":[{"name":"wp","href":"https:\/\/api.w.org\/{rel}","templated":true}]}}