{"id":3316,"date":"2021-11-26T10:50:02","date_gmt":"2021-11-26T13:50:02","guid":{"rendered":"https:\/\/wp.ufpel.edu.br\/ndh\/?p=3316"},"modified":"2021-11-26T10:50:02","modified_gmt":"2021-11-26T13:50:02","slug":"historia-em-revista-novo-numero","status":"publish","type":"post","link":"https:\/\/wp.ufpel.edu.br\/ndh\/2021\/11\/26\/historia-em-revista-novo-numero\/","title":{"rendered":"Hist\u00f3ria em Revista &#8211; novo n\u00famero"},"content":{"rendered":"<p>Hist\u00f3ria em Revista, publica\u00e7\u00e3o do NDH, lan\u00e7a seu novo n\u00famero.<\/p>\n<p>A edi\u00e7\u00e3o, dedicada \u00e0 pesquisas que versam sobre arte, patrim\u00f4nio e hist\u00f3ria, tem o dossi\u00ea &#8220;Hist\u00f3ria, Arte e Patrim\u00f4nio Cultural: Interlocu\u00e7\u00f5es na constru\u00e7\u00e3o do conhecimento hist\u00f3rico&#8221; editado pelos pesquisadores Darlan Marchi e Luciana de Oliveira.<\/p>\n<p>Os textos tratam de obras liter\u00e1rias e suas inter-rela\u00e7\u00f5es com a hist\u00f3ria, discorrem sobre a constitui\u00e7\u00e3o do Museu J\u00falio de Castilhos, sobre a obra de Jean-Baptiste Debret, sobre o Memorial da Redu\u00e7\u00e3o Jesu\u00edtica de S\u00e3o Miguel das Miss\u00f5es\/RS, do pr\u00e9dio do Arsenal de Guerra de Porto Alegre, do Parque Souza Soares (Pelotas\/RS) e discute o Funk como elemento multicultural do patrim\u00f4nio nacional.<\/p>\n<p>Convidamos a todos a conferir em <a href=\"https:\/\/periodicos.ufpel.edu.br\/ojs2\/index.php\/HistRev\/index\" target=\"_blank\" rel=\"noopener\">Hist\u00f3ria em Revista<\/a>!<\/p>\n","protected":false},"excerpt":{"rendered":"<p>Hist\u00f3ria em Revista, publica\u00e7\u00e3o do NDH, lan\u00e7a seu novo n\u00famero. A edi\u00e7\u00e3o, dedicada \u00e0 pesquisas que versam sobre arte, patrim\u00f4nio e hist\u00f3ria, tem o dossi\u00ea &#8220;Hist\u00f3ria, Arte e Patrim\u00f4nio Cultural: Interlocu\u00e7\u00f5es na constru\u00e7\u00e3o do conhecimento hist\u00f3rico&#8221; editado pelos pesquisadores Darlan Marchi e Luciana de Oliveira. Os textos tratam de obras liter\u00e1rias e suas inter-rela\u00e7\u00f5es com [&hellip;]<\/p>\n","protected":false},"author":718,"featured_media":0,"comment_status":"closed","ping_status":"closed","sticky":false,"template":"","format":"standard","meta":{"jetpack_post_was_ever_published":false,"_jetpack_newsletter_access":"","_jetpack_dont_email_post_to_subs":false,"_jetpack_newsletter_tier_id":0,"_jetpack_memberships_contains_paywalled_content":false,"_jetpack_memberships_contains_paid_content":false,"footnotes":"","jetpack_publicize_message":"","jetpack_publicize_feature_enabled":true,"jetpack_social_post_already_shared":true,"jetpack_social_options":{"image_generator_settings":{"template":"highway","default_image_id":0,"font":"","enabled":false},"version":2}},"categories":[1],"tags":[],"class_list":["post-3316","post","type-post","status-publish","format-standard","hentry","category-noticias"],"jetpack_publicize_connections":[],"jetpack_featured_media_url":"","jetpack_sharing_enabled":true,"jetpack_shortlink":"https:\/\/wp.me\/p9qy4R-Ru","jetpack_likes_enabled":true,"jetpack-related-posts":[],"_links":{"self":[{"href":"https:\/\/wp.ufpel.edu.br\/ndh\/wp-json\/wp\/v2\/posts\/3316","targetHints":{"allow":["GET"]}}],"collection":[{"href":"https:\/\/wp.ufpel.edu.br\/ndh\/wp-json\/wp\/v2\/posts"}],"about":[{"href":"https:\/\/wp.ufpel.edu.br\/ndh\/wp-json\/wp\/v2\/types\/post"}],"author":[{"embeddable":true,"href":"https:\/\/wp.ufpel.edu.br\/ndh\/wp-json\/wp\/v2\/users\/718"}],"replies":[{"embeddable":true,"href":"https:\/\/wp.ufpel.edu.br\/ndh\/wp-json\/wp\/v2\/comments?post=3316"}],"version-history":[{"count":1,"href":"https:\/\/wp.ufpel.edu.br\/ndh\/wp-json\/wp\/v2\/posts\/3316\/revisions"}],"predecessor-version":[{"id":3318,"href":"https:\/\/wp.ufpel.edu.br\/ndh\/wp-json\/wp\/v2\/posts\/3316\/revisions\/3318"}],"wp:attachment":[{"href":"https:\/\/wp.ufpel.edu.br\/ndh\/wp-json\/wp\/v2\/media?parent=3316"}],"wp:term":[{"taxonomy":"category","embeddable":true,"href":"https:\/\/wp.ufpel.edu.br\/ndh\/wp-json\/wp\/v2\/categories?post=3316"},{"taxonomy":"post_tag","embeddable":true,"href":"https:\/\/wp.ufpel.edu.br\/ndh\/wp-json\/wp\/v2\/tags?post=3316"}],"curies":[{"name":"wp","href":"https:\/\/api.w.org\/{rel}","templated":true}]}}