{"id":3300,"date":"2021-11-03T14:51:44","date_gmt":"2021-11-03T17:51:44","guid":{"rendered":"https:\/\/wp.ufpel.edu.br\/ndh\/?p=3300"},"modified":"2021-11-03T14:51:44","modified_gmt":"2021-11-03T17:51:44","slug":"pandemia-de-covid-19-a-partir-da-abordagem-do-pet-diversidade-e-tolerancia","status":"publish","type":"post","link":"https:\/\/wp.ufpel.edu.br\/ndh\/2021\/11\/03\/pandemia-de-covid-19-a-partir-da-abordagem-do-pet-diversidade-e-tolerancia\/","title":{"rendered":"Pandemia de COVID-19 a partir da abordagem do PET-Diversidade e Toler\u00e2ncia"},"content":{"rendered":"<p style=\"text-align: justify\">O N\u00facleo de Documenta\u00e7\u00e3o Hist\u00f3rica da UFPel &#8211; Profa. Beatriz Loner, em parceria com o <a href=\"https:\/\/wp.ufpel.edu.br\/petdiversidade\/\" target=\"_blank\" rel=\"noopener\"><strong>PET Diversidade e Toler\u00e2ncia da UFPel<\/strong><\/a>, d\u00e1 in\u00edcio a divulga\u00e7\u00e3o dos resultados de trabalhos realizados no ano de 2020 relativos \u00e0 COVID-19 e seus reflexos na popula\u00e7\u00e3o de Pelotas e nos estudantes da Universidade Federal de Pelotas.<\/p>\n<p style=\"text-align: justify\">Trata-se de formul\u00e1rios do Google que coletaram respostas sobre variados aspectos relacionados \u00e0 doen\u00e7a e os impactos percebidos na cidade e na universidade.<\/p>\n<p style=\"text-align: justify\">O material, consolidado em documentos espec\u00edficos a cada fase das pesquisas, representa uma possibilidade de acesso a dados da doen\u00e7a \u00fateis \u00e0 pesquisas nas mais variadas \u00e1reas das ci\u00eancias sociais, humanas e da sa\u00fade.<\/p>\n<p style=\"text-align: justify\"><a href=\"https:\/\/wp.ufpel.edu.br\/ndh\/covid-19\/\"><strong>Confira<\/strong><\/a>!<\/p>\n","protected":false},"excerpt":{"rendered":"<p>O N\u00facleo de Documenta\u00e7\u00e3o Hist\u00f3rica da UFPel &#8211; Profa. Beatriz Loner, em parceria com o PET Diversidade e Toler\u00e2ncia da UFPel, d\u00e1 in\u00edcio a divulga\u00e7\u00e3o dos resultados de trabalhos realizados no ano de 2020 relativos \u00e0 COVID-19 e seus reflexos na popula\u00e7\u00e3o de Pelotas e nos estudantes da Universidade Federal de Pelotas. Trata-se de formul\u00e1rios [&hellip;]<\/p>\n","protected":false},"author":718,"featured_media":0,"comment_status":"closed","ping_status":"closed","sticky":false,"template":"","format":"standard","meta":{"jetpack_post_was_ever_published":false,"_jetpack_newsletter_access":"","_jetpack_dont_email_post_to_subs":false,"_jetpack_newsletter_tier_id":0,"_jetpack_memberships_contains_paywalled_content":false,"_jetpack_memberships_contains_paid_content":false,"footnotes":"","jetpack_publicize_message":"","jetpack_publicize_feature_enabled":true,"jetpack_social_post_already_shared":true,"jetpack_social_options":{"image_generator_settings":{"template":"highway","default_image_id":0,"font":"","enabled":false},"version":2}},"categories":[1],"tags":[],"class_list":["post-3300","post","type-post","status-publish","format-standard","hentry","category-noticias"],"jetpack_publicize_connections":[],"jetpack_featured_media_url":"","jetpack_sharing_enabled":true,"jetpack_shortlink":"https:\/\/wp.me\/p9qy4R-Re","jetpack_likes_enabled":true,"jetpack-related-posts":[],"_links":{"self":[{"href":"https:\/\/wp.ufpel.edu.br\/ndh\/wp-json\/wp\/v2\/posts\/3300","targetHints":{"allow":["GET"]}}],"collection":[{"href":"https:\/\/wp.ufpel.edu.br\/ndh\/wp-json\/wp\/v2\/posts"}],"about":[{"href":"https:\/\/wp.ufpel.edu.br\/ndh\/wp-json\/wp\/v2\/types\/post"}],"author":[{"embeddable":true,"href":"https:\/\/wp.ufpel.edu.br\/ndh\/wp-json\/wp\/v2\/users\/718"}],"replies":[{"embeddable":true,"href":"https:\/\/wp.ufpel.edu.br\/ndh\/wp-json\/wp\/v2\/comments?post=3300"}],"version-history":[{"count":2,"href":"https:\/\/wp.ufpel.edu.br\/ndh\/wp-json\/wp\/v2\/posts\/3300\/revisions"}],"predecessor-version":[{"id":3304,"href":"https:\/\/wp.ufpel.edu.br\/ndh\/wp-json\/wp\/v2\/posts\/3300\/revisions\/3304"}],"wp:attachment":[{"href":"https:\/\/wp.ufpel.edu.br\/ndh\/wp-json\/wp\/v2\/media?parent=3300"}],"wp:term":[{"taxonomy":"category","embeddable":true,"href":"https:\/\/wp.ufpel.edu.br\/ndh\/wp-json\/wp\/v2\/categories?post=3300"},{"taxonomy":"post_tag","embeddable":true,"href":"https:\/\/wp.ufpel.edu.br\/ndh\/wp-json\/wp\/v2\/tags?post=3300"}],"curies":[{"name":"wp","href":"https:\/\/api.w.org\/{rel}","templated":true}]}}