{"id":1611,"date":"2018-04-26T18:40:01","date_gmt":"2018-04-26T21:40:01","guid":{"rendered":"https:\/\/wp.ufpel.edu.br\/ndh\/?p=1611"},"modified":"2018-04-26T18:40:01","modified_gmt":"2018-04-26T21:40:01","slug":"bolsas-de-extensao-ndh-e-justica-do-trabalho-resultado-do-processo-de-selecao","status":"publish","type":"post","link":"https:\/\/wp.ufpel.edu.br\/ndh\/2018\/04\/26\/bolsas-de-extensao-ndh-e-justica-do-trabalho-resultado-do-processo-de-selecao\/","title":{"rendered":"Bolsas de Extens\u00e3o NDH e Justi\u00e7a do Trabalho &#8211; Resultado do Processo de Sele\u00e7\u00e3o"},"content":{"rendered":"<p>A Coordenadora do N\u00facleo de Documenta\u00e7\u00e3o Hist\u00f3rica da UFPel e dos Projetos de Extens\u00e3o NDH-UFPel e Justi\u00e7a do Trabalho divulga o resultado final da sele\u00e7\u00e3o para bolsistas de ambos projetos.<\/p>\n<p><strong>Arquivo da Justi\u00e7a do Trabalho:\u00a0<\/strong><\/p>\n<p><strong>1\u00b0 Lugar: Douglas Reisdorfer<\/strong><\/p>\n<p>Suplente: Estefani Parlow Deves<\/p>\n<p><strong>N\u00facleo de Documenta\u00e7\u00e3o Hist\u00f3rica da UFPel:<\/strong><\/p>\n<p><strong>1\u00b0 Lugar: Thayn\u00e1 Vieira Marsico<\/strong><\/p>\n<p>Suplente: Khauany Elisabete Pereira dos Santos<\/p>\n","protected":false},"excerpt":{"rendered":"<p>A Coordenadora do N\u00facleo de Documenta\u00e7\u00e3o Hist\u00f3rica da UFPel e dos Projetos de Extens\u00e3o NDH-UFPel e Justi\u00e7a do Trabalho divulga o resultado final da sele\u00e7\u00e3o para bolsistas de ambos projetos. Arquivo da Justi\u00e7a do Trabalho:\u00a0 1\u00b0 Lugar: Douglas Reisdorfer Suplente: Estefani Parlow Deves N\u00facleo de Documenta\u00e7\u00e3o Hist\u00f3rica da UFPel: 1\u00b0 Lugar: Thayn\u00e1 Vieira Marsico Suplente: [&hellip;]<\/p>\n","protected":false},"author":718,"featured_media":0,"comment_status":"closed","ping_status":"closed","sticky":false,"template":"","format":"standard","meta":{"jetpack_post_was_ever_published":false,"_jetpack_newsletter_access":"","_jetpack_dont_email_post_to_subs":false,"_jetpack_newsletter_tier_id":0,"_jetpack_memberships_contains_paywalled_content":false,"_jetpack_memberships_contains_paid_content":false,"footnotes":"","jetpack_publicize_message":"","jetpack_publicize_feature_enabled":true,"jetpack_social_post_already_shared":true,"jetpack_social_options":{"image_generator_settings":{"template":"highway","default_image_id":0,"font":"","enabled":false},"version":2}},"categories":[1],"tags":[],"class_list":["post-1611","post","type-post","status-publish","format-standard","hentry","category-noticias"],"jetpack_publicize_connections":[],"jetpack_featured_media_url":"","jetpack_sharing_enabled":true,"jetpack_shortlink":"https:\/\/wp.me\/p9qy4R-pZ","jetpack_likes_enabled":true,"jetpack-related-posts":[],"_links":{"self":[{"href":"https:\/\/wp.ufpel.edu.br\/ndh\/wp-json\/wp\/v2\/posts\/1611","targetHints":{"allow":["GET"]}}],"collection":[{"href":"https:\/\/wp.ufpel.edu.br\/ndh\/wp-json\/wp\/v2\/posts"}],"about":[{"href":"https:\/\/wp.ufpel.edu.br\/ndh\/wp-json\/wp\/v2\/types\/post"}],"author":[{"embeddable":true,"href":"https:\/\/wp.ufpel.edu.br\/ndh\/wp-json\/wp\/v2\/users\/718"}],"replies":[{"embeddable":true,"href":"https:\/\/wp.ufpel.edu.br\/ndh\/wp-json\/wp\/v2\/comments?post=1611"}],"version-history":[{"count":1,"href":"https:\/\/wp.ufpel.edu.br\/ndh\/wp-json\/wp\/v2\/posts\/1611\/revisions"}],"predecessor-version":[{"id":1613,"href":"https:\/\/wp.ufpel.edu.br\/ndh\/wp-json\/wp\/v2\/posts\/1611\/revisions\/1613"}],"wp:attachment":[{"href":"https:\/\/wp.ufpel.edu.br\/ndh\/wp-json\/wp\/v2\/media?parent=1611"}],"wp:term":[{"taxonomy":"category","embeddable":true,"href":"https:\/\/wp.ufpel.edu.br\/ndh\/wp-json\/wp\/v2\/categories?post=1611"},{"taxonomy":"post_tag","embeddable":true,"href":"https:\/\/wp.ufpel.edu.br\/ndh\/wp-json\/wp\/v2\/tags?post=1611"}],"curies":[{"name":"wp","href":"https:\/\/api.w.org\/{rel}","templated":true}]}}