{"id":1608,"date":"2018-04-25T17:36:34","date_gmt":"2018-04-25T20:36:34","guid":{"rendered":"https:\/\/wp.ufpel.edu.br\/ndh\/?p=1608"},"modified":"2018-04-25T17:36:34","modified_gmt":"2018-04-25T20:36:34","slug":"bolsas-de-extensao-ndh-e-justica-do-trabalho-inscricoes-homologadas","status":"publish","type":"post","link":"https:\/\/wp.ufpel.edu.br\/ndh\/2018\/04\/25\/bolsas-de-extensao-ndh-e-justica-do-trabalho-inscricoes-homologadas\/","title":{"rendered":"Bolsas de Extens\u00e3o &#8211; NDH e Justi\u00e7a do Trabalho. Inscri\u00e7\u00f5es Homologadas"},"content":{"rendered":"<p>A Coordena\u00e7\u00e3o do NDH-UFPel informa as inscri\u00e7\u00f5es homologadas\u00a0 para os Projetos de Extens\u00e3o N\u00facleo de Documenta\u00e7\u00e3o Hist\u00f3rica da UFPel e Arquivo da Justi\u00e7a do Trabalho. As entrevistas ocorrer\u00e3o dia 26 de abril de 2018, 17 horas, na sala 144 do ICH &#8211; Campus das Ci\u00eancias Sociais.<\/p>\n<p>Alesi Goulart Duarte;<\/p>\n<p>Alice Rosinha Nunes Barcelos;<\/p>\n<p>Anita Novo Garcez;<\/p>\n<p>Caroline Melo Armesto;<\/p>\n<p>Diego Morales;<\/p>\n<p>Douglas Reisdorfer;<\/p>\n<p>Edward Dutra dos Anjos;<\/p>\n<p>Emily Klitzke Schlatz;<\/p>\n<p>Estefani Parlow Deves;<\/p>\n<p>Etiane Carvalho Nunes;<\/p>\n<p>Jotani Rocha Longaray;<\/p>\n<p>Khauany Elisabete Pereira dos Santos;<\/p>\n<p>Mateus Coelho da Silva;<\/p>\n<p>Miguel Caldas Machado;<\/p>\n<p>Pedro Marco Ribeiro Pires;<\/p>\n<p>Rodrigo dos Santos Vieira;<\/p>\n<p>Sinara Veiga Faustino;<\/p>\n<p>Simone Weber Rother;<\/p>\n<p>Taina de Lima Pereira;<\/p>\n<p>Tatiele Azambuja da Silva;<\/p>\n<p>Thayn\u00e1 Vieira Marsico;<\/p>\n<p>Vitor Wieth Porto<\/p>\n","protected":false},"excerpt":{"rendered":"<p>A Coordena\u00e7\u00e3o do NDH-UFPel informa as inscri\u00e7\u00f5es homologadas\u00a0 para os Projetos de Extens\u00e3o N\u00facleo de Documenta\u00e7\u00e3o Hist\u00f3rica da UFPel e Arquivo da Justi\u00e7a do Trabalho. As entrevistas ocorrer\u00e3o dia 26 de abril de 2018, 17 horas, na sala 144 do ICH &#8211; Campus das Ci\u00eancias Sociais. Alesi Goulart Duarte; Alice Rosinha Nunes Barcelos; Anita Novo [&hellip;]<\/p>\n","protected":false},"author":718,"featured_media":0,"comment_status":"closed","ping_status":"closed","sticky":false,"template":"","format":"standard","meta":{"jetpack_post_was_ever_published":false,"_jetpack_newsletter_access":"","_jetpack_dont_email_post_to_subs":false,"_jetpack_newsletter_tier_id":0,"_jetpack_memberships_contains_paywalled_content":false,"_jetpack_memberships_contains_paid_content":false,"footnotes":"","jetpack_publicize_message":"","jetpack_publicize_feature_enabled":true,"jetpack_social_post_already_shared":true,"jetpack_social_options":{"image_generator_settings":{"template":"highway","default_image_id":0,"font":"","enabled":false},"version":2}},"categories":[1],"tags":[],"class_list":["post-1608","post","type-post","status-publish","format-standard","hentry","category-noticias"],"jetpack_publicize_connections":[],"jetpack_featured_media_url":"","jetpack_sharing_enabled":true,"jetpack_shortlink":"https:\/\/wp.me\/p9qy4R-pW","jetpack_likes_enabled":true,"jetpack-related-posts":[],"_links":{"self":[{"href":"https:\/\/wp.ufpel.edu.br\/ndh\/wp-json\/wp\/v2\/posts\/1608","targetHints":{"allow":["GET"]}}],"collection":[{"href":"https:\/\/wp.ufpel.edu.br\/ndh\/wp-json\/wp\/v2\/posts"}],"about":[{"href":"https:\/\/wp.ufpel.edu.br\/ndh\/wp-json\/wp\/v2\/types\/post"}],"author":[{"embeddable":true,"href":"https:\/\/wp.ufpel.edu.br\/ndh\/wp-json\/wp\/v2\/users\/718"}],"replies":[{"embeddable":true,"href":"https:\/\/wp.ufpel.edu.br\/ndh\/wp-json\/wp\/v2\/comments?post=1608"}],"version-history":[{"count":1,"href":"https:\/\/wp.ufpel.edu.br\/ndh\/wp-json\/wp\/v2\/posts\/1608\/revisions"}],"predecessor-version":[{"id":1610,"href":"https:\/\/wp.ufpel.edu.br\/ndh\/wp-json\/wp\/v2\/posts\/1608\/revisions\/1610"}],"wp:attachment":[{"href":"https:\/\/wp.ufpel.edu.br\/ndh\/wp-json\/wp\/v2\/media?parent=1608"}],"wp:term":[{"taxonomy":"category","embeddable":true,"href":"https:\/\/wp.ufpel.edu.br\/ndh\/wp-json\/wp\/v2\/categories?post=1608"},{"taxonomy":"post_tag","embeddable":true,"href":"https:\/\/wp.ufpel.edu.br\/ndh\/wp-json\/wp\/v2\/tags?post=1608"}],"curies":[{"name":"wp","href":"https:\/\/api.w.org\/{rel}","templated":true}]}}