{"id":1481,"date":"2017-12-30T18:04:16","date_gmt":"2017-12-30T20:04:16","guid":{"rendered":"https:\/\/wp.ufpel.edu.br\/ndh\/?p=1481"},"modified":"2017-12-30T18:04:16","modified_gmt":"2017-12-30T20:04:16","slug":"historia-em-revista-23-dez-de-2017-esta-no-ar","status":"publish","type":"post","link":"https:\/\/wp.ufpel.edu.br\/ndh\/2017\/12\/30\/historia-em-revista-23-dez-de-2017-esta-no-ar\/","title":{"rendered":"Hist\u00f3ria em Revista, 23, Dez. de 2017 est\u00e1 no ar"},"content":{"rendered":"<p><img data-recalc-dims=\"1\" loading=\"lazy\" decoding=\"async\" data-attachment-id=\"1450\" data-permalink=\"https:\/\/wp.ufpel.edu.br\/ndh\/hr-numero-23-dez-2017\/folha-de-rosto-edicao-19\/#main\" data-orig-file=\"https:\/\/i0.wp.com\/wp.ufpel.edu.br\/ndh\/files\/2017\/12\/folha-de-rosto-edi%C3%A7%C3%A3o-19.png?fit=1750%2C2482&amp;ssl=1\" data-orig-size=\"1750,2482\" data-comments-opened=\"0\" data-image-meta=\"{&quot;aperture&quot;:&quot;0&quot;,&quot;credit&quot;:&quot;&quot;,&quot;camera&quot;:&quot;&quot;,&quot;caption&quot;:&quot;&quot;,&quot;created_timestamp&quot;:&quot;0&quot;,&quot;copyright&quot;:&quot;&quot;,&quot;focal_length&quot;:&quot;0&quot;,&quot;iso&quot;:&quot;0&quot;,&quot;shutter_speed&quot;:&quot;0&quot;,&quot;title&quot;:&quot;&quot;,&quot;orientation&quot;:&quot;0&quot;}\" data-image-title=\"folha de rosto edi\u00e7\u00e3o 19\" data-image-description=\"\" data-image-caption=\"\" data-medium-file=\"https:\/\/i0.wp.com\/wp.ufpel.edu.br\/ndh\/files\/2017\/12\/folha-de-rosto-edi%C3%A7%C3%A3o-19.png?fit=224%2C318&amp;ssl=1\" data-large-file=\"https:\/\/i0.wp.com\/wp.ufpel.edu.br\/ndh\/files\/2017\/12\/folha-de-rosto-edi%C3%A7%C3%A3o-19.png?fit=660%2C148&amp;ssl=1\" class=\"alignleft size-medium wp-image-1450\" src=\"https:\/\/i0.wp.com\/wp.ufpel.edu.br\/ndh\/files\/2017\/12\/folha-de-rosto-edi%C3%A7%C3%A3o-19.png?resize=224%2C318&#038;ssl=1\" alt=\"\" width=\"224\" height=\"318\" srcset=\"https:\/\/i0.wp.com\/wp.ufpel.edu.br\/ndh\/files\/2017\/12\/folha-de-rosto-edi%C3%A7%C3%A3o-19.png?resize=224%2C318&amp;ssl=1 224w, https:\/\/i0.wp.com\/wp.ufpel.edu.br\/ndh\/files\/2017\/12\/folha-de-rosto-edi%C3%A7%C3%A3o-19.png?resize=112%2C159&amp;ssl=1 112w, https:\/\/i0.wp.com\/wp.ufpel.edu.br\/ndh\/files\/2017\/12\/folha-de-rosto-edi%C3%A7%C3%A3o-19.png?resize=768%2C1089&amp;ssl=1 768w, https:\/\/i0.wp.com\/wp.ufpel.edu.br\/ndh\/files\/2017\/12\/folha-de-rosto-edi%C3%A7%C3%A3o-19.png?resize=619%2C878&amp;ssl=1 619w, https:\/\/i0.wp.com\/wp.ufpel.edu.br\/ndh\/files\/2017\/12\/folha-de-rosto-edi%C3%A7%C3%A3o-19.png?w=1750&amp;ssl=1 1750w, https:\/\/i0.wp.com\/wp.ufpel.edu.br\/ndh\/files\/2017\/12\/folha-de-rosto-edi%C3%A7%C3%A3o-19.png?w=1320&amp;ssl=1 1320w\" sizes=\"auto, (max-width: 224px) 100vw, 224px\" \/>Ao fim de 2017, Hist\u00f3ria em Revista publica seu 23\u00ba n\u00famero, dedicado a divulga\u00e7\u00e3o dos trabalhos apresentados na 13\u00aa Jornada de Hist\u00f3ria Cultural &#8211; Hist\u00f3ria e Literatura.<\/p>\n<p>O evento, organizado pela Gest\u00e3o 2016-18 do GT Hist\u00f3ria Cultural RS, vinculado \u00e0 ANPUH em sua Se\u00e7\u00e3o RS, foi realizado em Porto Alegre em 31 de agosto e 01 de setembro de 2017, no Santander Cultural.<\/p>\n<p>O presente dossi\u00ea tem\u00e1tico \u00e9 fruto de uma primeira e muito bem-vinda parceria entre o GT Hist\u00f3ria Cultural RS e a revista do NDH da UFPel.<\/p>\n<p>Confira os textos que transitam entre a hist\u00f3ria do balne\u00e1rio do Cassino, na cidade de Rio Grande, ao sul do Rio Grande do Sul, da &#8220;juventude porto-alegrense nos anos de 1920&#8221;, do imagin\u00e1rio passo-fundense, nos anos 1920, da urbaniza\u00e7\u00e3o pelotense no primeiro ter\u00e7o do s\u00e9culo XX, entre outros interessantes assuntos.<\/p>\n<p>Acesse <a href=\"https:\/\/wp.ufpel.edu.br\/ndh\/hr-numero-23-dez-2017\/\"><strong>aqui<\/strong> <\/a>e boa leitura!<\/p>\n","protected":false},"excerpt":{"rendered":"<p>Ao fim de 2017, Hist\u00f3ria em Revista publica seu 23\u00ba n\u00famero, dedicado a divulga\u00e7\u00e3o dos trabalhos apresentados na 13\u00aa Jornada de Hist\u00f3ria Cultural &#8211; Hist\u00f3ria e Literatura. O evento, organizado pela Gest\u00e3o 2016-18 do GT Hist\u00f3ria Cultural RS, vinculado \u00e0 ANPUH em sua Se\u00e7\u00e3o RS, foi realizado em Porto Alegre em 31 de agosto e [&hellip;]<\/p>\n","protected":false},"author":718,"featured_media":0,"comment_status":"closed","ping_status":"closed","sticky":false,"template":"","format":"standard","meta":{"jetpack_post_was_ever_published":false,"_jetpack_newsletter_access":"","_jetpack_dont_email_post_to_subs":false,"_jetpack_newsletter_tier_id":0,"_jetpack_memberships_contains_paywalled_content":false,"_jetpack_memberships_contains_paid_content":false,"footnotes":"","jetpack_publicize_message":"","jetpack_publicize_feature_enabled":true,"jetpack_social_post_already_shared":true,"jetpack_social_options":{"image_generator_settings":{"template":"highway","default_image_id":0,"font":"","enabled":false},"version":2}},"categories":[1],"tags":[],"class_list":["post-1481","post","type-post","status-publish","format-standard","hentry","category-noticias"],"jetpack_publicize_connections":[],"jetpack_featured_media_url":"","jetpack_sharing_enabled":true,"jetpack_shortlink":"https:\/\/wp.me\/p9qy4R-nT","jetpack_likes_enabled":true,"jetpack-related-posts":[],"_links":{"self":[{"href":"https:\/\/wp.ufpel.edu.br\/ndh\/wp-json\/wp\/v2\/posts\/1481","targetHints":{"allow":["GET"]}}],"collection":[{"href":"https:\/\/wp.ufpel.edu.br\/ndh\/wp-json\/wp\/v2\/posts"}],"about":[{"href":"https:\/\/wp.ufpel.edu.br\/ndh\/wp-json\/wp\/v2\/types\/post"}],"author":[{"embeddable":true,"href":"https:\/\/wp.ufpel.edu.br\/ndh\/wp-json\/wp\/v2\/users\/718"}],"replies":[{"embeddable":true,"href":"https:\/\/wp.ufpel.edu.br\/ndh\/wp-json\/wp\/v2\/comments?post=1481"}],"version-history":[{"count":1,"href":"https:\/\/wp.ufpel.edu.br\/ndh\/wp-json\/wp\/v2\/posts\/1481\/revisions"}],"predecessor-version":[{"id":1483,"href":"https:\/\/wp.ufpel.edu.br\/ndh\/wp-json\/wp\/v2\/posts\/1481\/revisions\/1483"}],"wp:attachment":[{"href":"https:\/\/wp.ufpel.edu.br\/ndh\/wp-json\/wp\/v2\/media?parent=1481"}],"wp:term":[{"taxonomy":"category","embeddable":true,"href":"https:\/\/wp.ufpel.edu.br\/ndh\/wp-json\/wp\/v2\/categories?post=1481"},{"taxonomy":"post_tag","embeddable":true,"href":"https:\/\/wp.ufpel.edu.br\/ndh\/wp-json\/wp\/v2\/tags?post=1481"}],"curies":[{"name":"wp","href":"https:\/\/api.w.org\/{rel}","templated":true}]}}