{"id":1287,"date":"2017-10-30T16:41:41","date_gmt":"2017-10-30T18:41:41","guid":{"rendered":"https:\/\/wp.ufpel.edu.br\/ndh\/?p=1287"},"modified":"2017-10-30T16:41:41","modified_gmt":"2017-10-30T18:41:41","slug":"obra-de-beatriz-loner-e-tema-de-dialogos-na-feira-do-livro-de-porto-alegre","status":"publish","type":"post","link":"https:\/\/wp.ufpel.edu.br\/ndh\/2017\/10\/30\/obra-de-beatriz-loner-e-tema-de-dialogos-na-feira-do-livro-de-porto-alegre\/","title":{"rendered":"Obra de Beatriz Loner \u00e9 tema de di\u00e1logos na Feira do Livro de Porto Alegre"},"content":{"rendered":"<p>A Profa. aposentada\u00a0da UFPel Beatriz Ana Loner , com passagem pela UFSM, como Profa. convidada, fundadora do NDH, coordenadora de v\u00e1rios projetos de extens\u00e3o, pesquisa e ensino, docente no Mestrado em Hist\u00f3ria da UFPel, ter\u00e1 seu livro &#8220;Constru\u00e7\u00e3o de Classe: Oper\u00e1rios de Pelotas e Rio Grande&#8221; e sua obra como tema de um di\u00e1logo proposto pelo GT Mundos do Trabalho\u00a0 e\u00a0 pelo GT Emancipa\u00e7\u00f5es e P\u00f3s-Aboli\u00e7\u00e3o, da ANPUH.\u00a0O objetivo dessa atividade \u00e9 proporcionar um espa\u00e7o de di\u00e1logo sobre a obra da professora Beatriz Ana Loner, a partir do seu livro &#8220;Constru\u00e7\u00e3o de classe: oper\u00e1rios de Pelotas e Rio Grande&#8221;.<\/p>\n<p><img data-recalc-dims=\"1\" loading=\"lazy\" decoding=\"async\" data-attachment-id=\"1289\" data-permalink=\"https:\/\/wp.ufpel.edu.br\/ndh\/2017\/10\/30\/obra-de-beatriz-loner-e-tema-de-dialogos-na-feira-do-livro-de-porto-alegre\/22406334_1392920754139446_8517225685632244194_n\/#main\" data-orig-file=\"https:\/\/i0.wp.com\/wp.ufpel.edu.br\/ndh\/files\/2017\/10\/22406334_1392920754139446_8517225685632244194_n.jpg?fit=940%2C788&amp;ssl=1\" data-orig-size=\"940,788\" data-comments-opened=\"0\" data-image-meta=\"{&quot;aperture&quot;:&quot;0&quot;,&quot;credit&quot;:&quot;&quot;,&quot;camera&quot;:&quot;&quot;,&quot;caption&quot;:&quot;&quot;,&quot;created_timestamp&quot;:&quot;0&quot;,&quot;copyright&quot;:&quot;&quot;,&quot;focal_length&quot;:&quot;0&quot;,&quot;iso&quot;:&quot;0&quot;,&quot;shutter_speed&quot;:&quot;0&quot;,&quot;title&quot;:&quot;&quot;,&quot;orientation&quot;:&quot;0&quot;}\" data-image-title=\"22406334_1392920754139446_8517225685632244194_n\" data-image-description=\"\" data-image-caption=\"\" data-medium-file=\"https:\/\/i0.wp.com\/wp.ufpel.edu.br\/ndh\/files\/2017\/10\/22406334_1392920754139446_8517225685632244194_n.jpg?fit=379%2C318&amp;ssl=1\" data-large-file=\"https:\/\/i0.wp.com\/wp.ufpel.edu.br\/ndh\/files\/2017\/10\/22406334_1392920754139446_8517225685632244194_n.jpg?fit=660%2C154&amp;ssl=1\" class=\"alignleft size-medium wp-image-1289\" src=\"https:\/\/i0.wp.com\/wp.ufpel.edu.br\/ndh\/files\/2017\/10\/22406334_1392920754139446_8517225685632244194_n.jpg?resize=379%2C318&#038;ssl=1\" alt=\"\" width=\"379\" height=\"318\" srcset=\"https:\/\/i0.wp.com\/wp.ufpel.edu.br\/ndh\/files\/2017\/10\/22406334_1392920754139446_8517225685632244194_n.jpg?resize=379%2C318&amp;ssl=1 379w, https:\/\/i0.wp.com\/wp.ufpel.edu.br\/ndh\/files\/2017\/10\/22406334_1392920754139446_8517225685632244194_n.jpg?resize=190%2C159&amp;ssl=1 190w, https:\/\/i0.wp.com\/wp.ufpel.edu.br\/ndh\/files\/2017\/10\/22406334_1392920754139446_8517225685632244194_n.jpg?resize=768%2C644&amp;ssl=1 768w, https:\/\/i0.wp.com\/wp.ufpel.edu.br\/ndh\/files\/2017\/10\/22406334_1392920754139446_8517225685632244194_n.jpg?resize=619%2C519&amp;ssl=1 619w, https:\/\/i0.wp.com\/wp.ufpel.edu.br\/ndh\/files\/2017\/10\/22406334_1392920754139446_8517225685632244194_n.jpg?w=940&amp;ssl=1 940w\" sizes=\"auto, (max-width: 379px) 100vw, 379px\" \/>A vitalidade de suas produ\u00e7\u00f5es, tanto nos estudos sobre os mundos do trabalho como sobre as emancipa\u00e7\u00f5es e o p\u00f3s-aboli\u00e7\u00e3o, oferecem contribui\u00e7\u00f5es que ultrapassam as fronteiras destes dois campos e lan\u00e7am luz sobre uma s\u00e9rie de problemas.<\/p>\n<p>Assim, busca-se homenagear a historiadora, destacando os impactos de sua obra na historiografia brasileira, em espec\u00edfico, na Hist\u00f3ria Social e na forma\u00e7\u00e3o e consolida\u00e7\u00e3o de dois Grupos de Trabalho da Associa\u00e7\u00e3o Nacional de Hist\u00f3ria (ANPUH) \u2013 GT Mundos do Trabalho e GT Emancipa\u00e7\u00f5es e P\u00f3s-Aboli\u00e7\u00e3o \u2013, bem como do N\u00facleo de Documenta\u00e7\u00e3o Hist\u00f3rica da Universidade Federal de Pelotas (NDH\/UFPEL).<\/p>\n<p>O evento ocorrer\u00e1 no dia 17 de novembro, 17 horas, no Sal\u00e3o Leste do Santander Cultural e \u00e9 parte integrante da programa\u00e7\u00e3o da Feira do Livro de Porto Alegre.<\/p>\n<p>Participantes:<br \/>\nS\u00edlvia Regina Ferraz Petersen (UFRGS)<br \/>\nFernanda Oliveira da Silva (UniRitter)<br \/>\nLorena Almeida Gill (NDH-UFPel) (moderadora)<\/p>\n<p>Organiza\u00e7\u00e3o: GT Mundos do Trabalho e GT Emancipa\u00e7\u00f5es e P\u00f3s-Aboli\u00e7\u00e3o (ANPUH-RS)<\/p>\n","protected":false},"excerpt":{"rendered":"<p>A Profa. aposentada\u00a0da UFPel Beatriz Ana Loner , com passagem pela UFSM, como Profa. convidada, fundadora do NDH, coordenadora de v\u00e1rios projetos de extens\u00e3o, pesquisa e ensino, docente no Mestrado em Hist\u00f3ria da UFPel, ter\u00e1 seu livro &#8220;Constru\u00e7\u00e3o de Classe: Oper\u00e1rios de Pelotas e Rio Grande&#8221; e sua obra como tema de um di\u00e1logo proposto [&hellip;]<\/p>\n","protected":false},"author":718,"featured_media":0,"comment_status":"closed","ping_status":"closed","sticky":false,"template":"","format":"standard","meta":{"jetpack_post_was_ever_published":false,"_jetpack_newsletter_access":"","_jetpack_dont_email_post_to_subs":false,"_jetpack_newsletter_tier_id":0,"_jetpack_memberships_contains_paywalled_content":false,"_jetpack_memberships_contains_paid_content":false,"footnotes":"","jetpack_publicize_message":"","jetpack_publicize_feature_enabled":true,"jetpack_social_post_already_shared":false,"jetpack_social_options":{"image_generator_settings":{"template":"highway","default_image_id":0,"font":"","enabled":false},"version":2}},"categories":[1],"tags":[],"class_list":["post-1287","post","type-post","status-publish","format-standard","hentry","category-noticias"],"jetpack_publicize_connections":[],"jetpack_featured_media_url":"","jetpack_sharing_enabled":true,"jetpack_shortlink":"https:\/\/wp.me\/p9qy4R-kL","jetpack_likes_enabled":true,"jetpack-related-posts":[],"_links":{"self":[{"href":"https:\/\/wp.ufpel.edu.br\/ndh\/wp-json\/wp\/v2\/posts\/1287","targetHints":{"allow":["GET"]}}],"collection":[{"href":"https:\/\/wp.ufpel.edu.br\/ndh\/wp-json\/wp\/v2\/posts"}],"about":[{"href":"https:\/\/wp.ufpel.edu.br\/ndh\/wp-json\/wp\/v2\/types\/post"}],"author":[{"embeddable":true,"href":"https:\/\/wp.ufpel.edu.br\/ndh\/wp-json\/wp\/v2\/users\/718"}],"replies":[{"embeddable":true,"href":"https:\/\/wp.ufpel.edu.br\/ndh\/wp-json\/wp\/v2\/comments?post=1287"}],"version-history":[{"count":2,"href":"https:\/\/wp.ufpel.edu.br\/ndh\/wp-json\/wp\/v2\/posts\/1287\/revisions"}],"predecessor-version":[{"id":1291,"href":"https:\/\/wp.ufpel.edu.br\/ndh\/wp-json\/wp\/v2\/posts\/1287\/revisions\/1291"}],"wp:attachment":[{"href":"https:\/\/wp.ufpel.edu.br\/ndh\/wp-json\/wp\/v2\/media?parent=1287"}],"wp:term":[{"taxonomy":"category","embeddable":true,"href":"https:\/\/wp.ufpel.edu.br\/ndh\/wp-json\/wp\/v2\/categories?post=1287"},{"taxonomy":"post_tag","embeddable":true,"href":"https:\/\/wp.ufpel.edu.br\/ndh\/wp-json\/wp\/v2\/tags?post=1287"}],"curies":[{"name":"wp","href":"https:\/\/api.w.org\/{rel}","templated":true}]}}