{"id":1236,"date":"2017-10-30T14:25:11","date_gmt":"2017-10-30T16:25:11","guid":{"rendered":"https:\/\/wp.ufpel.edu.br\/ndh\/?p=1236"},"modified":"2017-10-30T14:25:11","modified_gmt":"2017-10-30T16:25:11","slug":"historia-em-revista-20181-abre-chamada","status":"publish","type":"post","link":"https:\/\/wp.ufpel.edu.br\/ndh\/2017\/10\/30\/historia-em-revista-20181-abre-chamada\/","title":{"rendered":"Hist\u00f3ria em Revista, 2018\/1, abre chamada!"},"content":{"rendered":"<p><strong>Dossi\u00ea:<\/strong>\u00a0<strong>Hist\u00f3ria da Educa\u00e7\u00e3o e Ensino de Hist\u00f3ria: temas, fontes e problematiza\u00e7\u00f5es.<\/strong><\/p>\n<p><img data-recalc-dims=\"1\" loading=\"lazy\" decoding=\"async\" data-attachment-id=\"1238\" data-permalink=\"https:\/\/wp.ufpel.edu.br\/ndh\/2017\/10\/30\/historia-em-revista-20181-abre-chamada\/divulgacao\/#main\" data-orig-file=\"https:\/\/i0.wp.com\/wp.ufpel.edu.br\/ndh\/files\/2017\/10\/divulga%C3%A7%C3%A3o.jpg?fit=2835%2C2840&amp;ssl=1\" data-orig-size=\"2835,2840\" data-comments-opened=\"0\" data-image-meta=\"{&quot;aperture&quot;:&quot;0&quot;,&quot;credit&quot;:&quot;&quot;,&quot;camera&quot;:&quot;&quot;,&quot;caption&quot;:&quot;&quot;,&quot;created_timestamp&quot;:&quot;0&quot;,&quot;copyright&quot;:&quot;&quot;,&quot;focal_length&quot;:&quot;0&quot;,&quot;iso&quot;:&quot;0&quot;,&quot;shutter_speed&quot;:&quot;0&quot;,&quot;title&quot;:&quot;&quot;,&quot;orientation&quot;:&quot;0&quot;}\" data-image-title=\"divulga\u00e7\u00e3o\" data-image-description=\"\" data-image-caption=\"\" data-medium-file=\"https:\/\/i0.wp.com\/wp.ufpel.edu.br\/ndh\/files\/2017\/10\/divulga%C3%A7%C3%A3o.jpg?fit=317%2C318&amp;ssl=1\" data-large-file=\"https:\/\/i0.wp.com\/wp.ufpel.edu.br\/ndh\/files\/2017\/10\/divulga%C3%A7%C3%A3o.jpg?fit=660%2C148&amp;ssl=1\" class=\"alignleft wp-image-1238 size-medium\" src=\"https:\/\/i0.wp.com\/wp.ufpel.edu.br\/ndh\/files\/2017\/10\/divulga%C3%A7%C3%A3o.jpg?resize=317%2C318&#038;ssl=1\" alt=\"\" width=\"317\" height=\"318\" srcset=\"https:\/\/i0.wp.com\/wp.ufpel.edu.br\/ndh\/files\/2017\/10\/divulga%C3%A7%C3%A3o.jpg?resize=317%2C318&amp;ssl=1 317w, https:\/\/i0.wp.com\/wp.ufpel.edu.br\/ndh\/files\/2017\/10\/divulga%C3%A7%C3%A3o.jpg?resize=159%2C159&amp;ssl=1 159w, https:\/\/i0.wp.com\/wp.ufpel.edu.br\/ndh\/files\/2017\/10\/divulga%C3%A7%C3%A3o.jpg?resize=768%2C769&amp;ssl=1 768w, https:\/\/i0.wp.com\/wp.ufpel.edu.br\/ndh\/files\/2017\/10\/divulga%C3%A7%C3%A3o.jpg?resize=619%2C620&amp;ssl=1 619w, https:\/\/i0.wp.com\/wp.ufpel.edu.br\/ndh\/files\/2017\/10\/divulga%C3%A7%C3%A3o.jpg?w=1320&amp;ssl=1 1320w, https:\/\/i0.wp.com\/wp.ufpel.edu.br\/ndh\/files\/2017\/10\/divulga%C3%A7%C3%A3o.jpg?w=1980&amp;ssl=1 1980w\" sizes=\"auto, (max-width: 317px) 100vw, 317px\" \/>O objetivo deste dossi\u00ea\u00a0\u00e9 agregar estudos dos campos da Hist\u00f3ria da Educa\u00e7\u00e3o e do Ensino de Hist\u00f3ria, problematizados em diferentes contextos, bem como a partir de distintas fontes, abordagens tem\u00e1ticas e perspectivas te\u00f3ricas.<\/p>\n<p>Nas \u00faltimas d\u00e9cadas observa-se a emerg\u00eancia de dois importantes campos de pesquisa na historiografia brasileira \u2013 Hist\u00f3ria da Educa\u00e7\u00e3o e Ensino de Hist\u00f3ria \u2013 cujas efervesc\u00eancias de produ\u00e7\u00f5es acad\u00eamicas podem ser atestadas pelos in\u00fameros trabalhos de p\u00f3s-gradua\u00e7\u00e3o defendidos no Brasil, pelos significativos eventos realizados, pelas publica\u00e7\u00f5es de\/em revistas cient\u00edficas e pela consolida\u00e7\u00e3o de v\u00e1rios grupos de pesquisa.<\/p>\n<p>Assim, pretendemos reunir artigos resultantes de pesquisas que fa\u00e7am a media\u00e7\u00e3o entre diferentes modos de pensar, conceber e analisar a rela\u00e7\u00e3o entre a Hist\u00f3ria da Educa\u00e7\u00e3o e o Ensino de Hist\u00f3ria. Nesse sentido, por exemplo, pesquisas que tomam como refer\u00eancias a historicidade dos processos culturais escolarizados, as pr\u00e1ticas e discursos mobilizados para ensinar e aprender saberes e conhecimentos (hist\u00f3ricos), a din\u00e2mica legislativa sobre aspectos educativos em geral e do ensino de Hist\u00f3ria em particular, os agentes intelectuais que pensaram a escola, a educa\u00e7\u00e3o e o ensino de Hist\u00f3ria, as mem\u00f3rias sobre pr\u00e1ticas, normas, regimes e instru\u00e7\u00f5es, s\u00e3o discuss\u00f5es significativas e importantes para o campo das Ci\u00eancias Humanas e ser\u00e3o bem-vindas neste dossi\u00ea.<\/p>\n<p>Nesse sentido, a \u201cHist\u00f3ria em Revista\u201d, peri\u00f3dico do N\u00facleo de Documenta\u00e7\u00e3o Hist\u00f3rica da Universidade Federal de Pelotas convida p\u00f3s-graduandos, mestres e doutores que pesquisam sobre as dimens\u00f5es da Hist\u00f3ria da Educa\u00e7\u00e3o e do Ensino de Hist\u00f3ria a submeterem seus artigos e resenhas para avalia\u00e7\u00e3o e poss\u00edvel publica\u00e7\u00e3o.<\/p>\n<p><strong>Prazo de envio: 30 de abril de 2018<\/strong><\/p>\n<p><strong>Envio para: ndh.ufpel@gmail.com<\/strong><\/p>\n<p><strong>Normas da revista podem ser acessadas em: https:\/\/wp.ufpel.edu.br\/ndh\/normas-editoriais\/\u00a0<\/strong><\/p>\n<p>Organizadores: Magno Francisco de Jesus Santos-UFRN e\u00a0Fernando Ripe &#8211; UFPEL<\/p>\n<hr \/>\n<p>&nbsp;<\/p>\n","protected":false},"excerpt":{"rendered":"<p>Dossi\u00ea:\u00a0Hist\u00f3ria da Educa\u00e7\u00e3o e Ensino de Hist\u00f3ria: temas, fontes e problematiza\u00e7\u00f5es. O objetivo deste dossi\u00ea\u00a0\u00e9 agregar estudos dos campos da Hist\u00f3ria da Educa\u00e7\u00e3o e do Ensino de Hist\u00f3ria, problematizados em diferentes contextos, bem como a partir de distintas fontes, abordagens tem\u00e1ticas e perspectivas te\u00f3ricas. Nas \u00faltimas d\u00e9cadas observa-se a emerg\u00eancia de dois importantes campos de [&hellip;]<\/p>\n","protected":false},"author":718,"featured_media":0,"comment_status":"closed","ping_status":"closed","sticky":false,"template":"","format":"standard","meta":{"jetpack_post_was_ever_published":false,"_jetpack_newsletter_access":"","_jetpack_dont_email_post_to_subs":false,"_jetpack_newsletter_tier_id":0,"_jetpack_memberships_contains_paywalled_content":false,"_jetpack_memberships_contains_paid_content":false,"footnotes":"","jetpack_publicize_message":"","jetpack_publicize_feature_enabled":true,"jetpack_social_post_already_shared":false,"jetpack_social_options":{"image_generator_settings":{"template":"highway","default_image_id":0,"font":"","enabled":false},"version":2}},"categories":[1],"tags":[],"class_list":["post-1236","post","type-post","status-publish","format-standard","hentry","category-noticias"],"jetpack_publicize_connections":[],"jetpack_featured_media_url":"","jetpack_sharing_enabled":true,"jetpack_shortlink":"https:\/\/wp.me\/p9qy4R-jW","jetpack_likes_enabled":true,"jetpack-related-posts":[],"_links":{"self":[{"href":"https:\/\/wp.ufpel.edu.br\/ndh\/wp-json\/wp\/v2\/posts\/1236","targetHints":{"allow":["GET"]}}],"collection":[{"href":"https:\/\/wp.ufpel.edu.br\/ndh\/wp-json\/wp\/v2\/posts"}],"about":[{"href":"https:\/\/wp.ufpel.edu.br\/ndh\/wp-json\/wp\/v2\/types\/post"}],"author":[{"embeddable":true,"href":"https:\/\/wp.ufpel.edu.br\/ndh\/wp-json\/wp\/v2\/users\/718"}],"replies":[{"embeddable":true,"href":"https:\/\/wp.ufpel.edu.br\/ndh\/wp-json\/wp\/v2\/comments?post=1236"}],"version-history":[{"count":5,"href":"https:\/\/wp.ufpel.edu.br\/ndh\/wp-json\/wp\/v2\/posts\/1236\/revisions"}],"predecessor-version":[{"id":1243,"href":"https:\/\/wp.ufpel.edu.br\/ndh\/wp-json\/wp\/v2\/posts\/1236\/revisions\/1243"}],"wp:attachment":[{"href":"https:\/\/wp.ufpel.edu.br\/ndh\/wp-json\/wp\/v2\/media?parent=1236"}],"wp:term":[{"taxonomy":"category","embeddable":true,"href":"https:\/\/wp.ufpel.edu.br\/ndh\/wp-json\/wp\/v2\/categories?post=1236"},{"taxonomy":"post_tag","embeddable":true,"href":"https:\/\/wp.ufpel.edu.br\/ndh\/wp-json\/wp\/v2\/tags?post=1236"}],"curies":[{"name":"wp","href":"https:\/\/api.w.org\/{rel}","templated":true}]}}