{"id":1225,"date":"2017-08-24T18:20:09","date_gmt":"2017-08-24T21:20:09","guid":{"rendered":"https:\/\/wp.ufpel.edu.br\/ndh\/?p=1225"},"modified":"2017-08-24T18:20:09","modified_gmt":"2017-08-24T21:20:09","slug":"presidente-da-anpuh-joana-pedro-palestra-sobre-feminismos-e-democracia","status":"publish","type":"post","link":"https:\/\/wp.ufpel.edu.br\/ndh\/2017\/08\/24\/presidente-da-anpuh-joana-pedro-palestra-sobre-feminismos-e-democracia\/","title":{"rendered":"Presidente da ANPUH, Joana Pedro, palestra sobre feminismos e democracia"},"content":{"rendered":"<p>No dia de hoje (24 de agosto) a presidente da ANPUH, professora Joana Pedro palestrou para alunos de gradua\u00e7\u00e3o e de p\u00f3s-gradua\u00e7\u00e3o da UFPel.<\/p>\n<p><img data-recalc-dims=\"1\" loading=\"lazy\" decoding=\"async\" data-attachment-id=\"1227\" data-permalink=\"https:\/\/wp.ufpel.edu.br\/ndh\/2017\/08\/24\/presidente-da-anpuh-joana-pedro-palestra-sobre-feminismos-e-democracia\/joana\/#main\" data-orig-file=\"https:\/\/i0.wp.com\/wp.ufpel.edu.br\/ndh\/files\/2017\/08\/joana.jpg?fit=500%2C763&amp;ssl=1\" data-orig-size=\"500,763\" data-comments-opened=\"0\" data-image-meta=\"{&quot;aperture&quot;:&quot;0&quot;,&quot;credit&quot;:&quot;&quot;,&quot;camera&quot;:&quot;&quot;,&quot;caption&quot;:&quot;&quot;,&quot;created_timestamp&quot;:&quot;0&quot;,&quot;copyright&quot;:&quot;&quot;,&quot;focal_length&quot;:&quot;0&quot;,&quot;iso&quot;:&quot;0&quot;,&quot;shutter_speed&quot;:&quot;0&quot;,&quot;title&quot;:&quot;&quot;,&quot;orientation&quot;:&quot;0&quot;}\" data-image-title=\"joana\" data-image-description=\"\" data-image-caption=\"\" data-medium-file=\"https:\/\/i0.wp.com\/wp.ufpel.edu.br\/ndh\/files\/2017\/08\/joana.jpg?fit=208%2C318&amp;ssl=1\" data-large-file=\"https:\/\/i0.wp.com\/wp.ufpel.edu.br\/ndh\/files\/2017\/08\/joana.jpg?fit=500%2C220&amp;ssl=1\" class=\"alignleft size-medium wp-image-1227\" src=\"https:\/\/i0.wp.com\/wp.ufpel.edu.br\/ndh\/files\/2017\/08\/joana.jpg?resize=208%2C318&#038;ssl=1\" alt=\"\" width=\"208\" height=\"318\" srcset=\"https:\/\/i0.wp.com\/wp.ufpel.edu.br\/ndh\/files\/2017\/08\/joana.jpg?resize=208%2C318&amp;ssl=1 208w, https:\/\/i0.wp.com\/wp.ufpel.edu.br\/ndh\/files\/2017\/08\/joana.jpg?resize=104%2C159&amp;ssl=1 104w, https:\/\/i0.wp.com\/wp.ufpel.edu.br\/ndh\/files\/2017\/08\/joana.jpg?w=500&amp;ssl=1 500w\" sizes=\"auto, (max-width: 208px) 100vw, 208px\" \/>A professora tem experi\u00eancia na \u00e1rea de Hist\u00f3ria, com \u00eanfase em Hist\u00f3ria do Brasil Rep\u00fablica, atuando principalmente nas seguintes abordagens: feminismo, g\u00eanero, rela\u00e7\u00f5es de g\u00eaneros, hist\u00f3ria das mulheres, mem\u00f3ria, hist\u00f3ria oral, hist\u00f3ria do tempo presente e hist\u00f3ria comparativa.<\/p>\n<p>O tema, baseado em pesquisa que realiza sobre os feminismos e as ditaduras no cone sul, chamou a aten\u00e7\u00e3o dos estudantes, especialmente pela forma de abordagem da palestrante, que antes da fala, conversou sobre cada um dos projetos das pessoas que estavam ali dispostas a discutir.<\/p>\n<p>A promo\u00e7\u00e3o foi do N\u00facleo de Documenta\u00e7\u00e3o Hist\u00f3rica e do Mestrado em Hist\u00f3ria.<\/p>\n","protected":false},"excerpt":{"rendered":"<p>No dia de hoje (24 de agosto) a presidente da ANPUH, professora Joana Pedro palestrou para alunos de gradua\u00e7\u00e3o e de p\u00f3s-gradua\u00e7\u00e3o da UFPel. A professora tem experi\u00eancia na \u00e1rea de Hist\u00f3ria, com \u00eanfase em Hist\u00f3ria do Brasil Rep\u00fablica, atuando principalmente nas seguintes abordagens: feminismo, g\u00eanero, rela\u00e7\u00f5es de g\u00eaneros, hist\u00f3ria das mulheres, mem\u00f3ria, hist\u00f3ria oral, [&hellip;]<\/p>\n","protected":false},"author":718,"featured_media":0,"comment_status":"closed","ping_status":"closed","sticky":false,"template":"","format":"standard","meta":{"jetpack_post_was_ever_published":false,"_jetpack_newsletter_access":"","_jetpack_dont_email_post_to_subs":false,"_jetpack_newsletter_tier_id":0,"_jetpack_memberships_contains_paywalled_content":false,"_jetpack_memberships_contains_paid_content":false,"footnotes":"","jetpack_publicize_message":"","jetpack_publicize_feature_enabled":true,"jetpack_social_post_already_shared":false,"jetpack_social_options":{"image_generator_settings":{"template":"highway","default_image_id":0,"font":"","enabled":false},"version":2}},"categories":[1],"tags":[],"class_list":["post-1225","post","type-post","status-publish","format-standard","hentry","category-noticias"],"jetpack_publicize_connections":[],"jetpack_featured_media_url":"","jetpack_sharing_enabled":true,"jetpack_shortlink":"https:\/\/wp.me\/p9qy4R-jL","jetpack_likes_enabled":true,"jetpack-related-posts":[],"_links":{"self":[{"href":"https:\/\/wp.ufpel.edu.br\/ndh\/wp-json\/wp\/v2\/posts\/1225","targetHints":{"allow":["GET"]}}],"collection":[{"href":"https:\/\/wp.ufpel.edu.br\/ndh\/wp-json\/wp\/v2\/posts"}],"about":[{"href":"https:\/\/wp.ufpel.edu.br\/ndh\/wp-json\/wp\/v2\/types\/post"}],"author":[{"embeddable":true,"href":"https:\/\/wp.ufpel.edu.br\/ndh\/wp-json\/wp\/v2\/users\/718"}],"replies":[{"embeddable":true,"href":"https:\/\/wp.ufpel.edu.br\/ndh\/wp-json\/wp\/v2\/comments?post=1225"}],"version-history":[{"count":1,"href":"https:\/\/wp.ufpel.edu.br\/ndh\/wp-json\/wp\/v2\/posts\/1225\/revisions"}],"predecessor-version":[{"id":1228,"href":"https:\/\/wp.ufpel.edu.br\/ndh\/wp-json\/wp\/v2\/posts\/1225\/revisions\/1228"}],"wp:attachment":[{"href":"https:\/\/wp.ufpel.edu.br\/ndh\/wp-json\/wp\/v2\/media?parent=1225"}],"wp:term":[{"taxonomy":"category","embeddable":true,"href":"https:\/\/wp.ufpel.edu.br\/ndh\/wp-json\/wp\/v2\/categories?post=1225"},{"taxonomy":"post_tag","embeddable":true,"href":"https:\/\/wp.ufpel.edu.br\/ndh\/wp-json\/wp\/v2\/tags?post=1225"}],"curies":[{"name":"wp","href":"https:\/\/api.w.org\/{rel}","templated":true}]}}