{"id":1211,"date":"2017-08-04T14:38:13","date_gmt":"2017-08-04T17:38:13","guid":{"rendered":"https:\/\/wp.ufpel.edu.br\/ndh\/?p=1211"},"modified":"2017-08-04T14:38:13","modified_gmt":"2017-08-04T17:38:13","slug":"presidenta-da-anpuh-nacional-palestra-em-pelotas","status":"publish","type":"post","link":"https:\/\/wp.ufpel.edu.br\/ndh\/2017\/08\/04\/presidenta-da-anpuh-nacional-palestra-em-pelotas\/","title":{"rendered":"Presidenta da ANPUH Nacional palestra em Pelotas"},"content":{"rendered":"<p>Com o tema\u00a0&#8220;Os feminismos e as possibilidades democr\u00e1ticas para as mulheres no Brasil (1982-2012)&#8221;, a Profa. Dra. <img data-recalc-dims=\"1\" loading=\"lazy\" decoding=\"async\" data-attachment-id=\"1213\" data-permalink=\"https:\/\/wp.ufpel.edu.br\/ndh\/2017\/08\/04\/presidenta-da-anpuh-nacional-palestra-em-pelotas\/palestra-joanna-pedro1\/#main\" data-orig-file=\"https:\/\/i0.wp.com\/wp.ufpel.edu.br\/ndh\/files\/2017\/08\/palestra-Joanna-Pedro1.jpg?fit=4961%2C3508&amp;ssl=1\" data-orig-size=\"4961,3508\" data-comments-opened=\"0\" data-image-meta=\"{&quot;aperture&quot;:&quot;0&quot;,&quot;credit&quot;:&quot;Gabinete_Assessoria&quot;,&quot;camera&quot;:&quot;&quot;,&quot;caption&quot;:&quot;&quot;,&quot;created_timestamp&quot;:&quot;1501856544&quot;,&quot;copyright&quot;:&quot;&quot;,&quot;focal_length&quot;:&quot;0&quot;,&quot;iso&quot;:&quot;0&quot;,&quot;shutter_speed&quot;:&quot;0&quot;,&quot;title&quot;:&quot;&quot;,&quot;orientation&quot;:&quot;0&quot;}\" data-image-title=\"palestra Joanna Pedro1\" data-image-description=\"\" data-image-caption=\"\" data-medium-file=\"https:\/\/i0.wp.com\/wp.ufpel.edu.br\/ndh\/files\/2017\/08\/palestra-Joanna-Pedro1.jpg?fit=424%2C300&amp;ssl=1\" data-large-file=\"https:\/\/i0.wp.com\/wp.ufpel.edu.br\/ndh\/files\/2017\/08\/palestra-Joanna-Pedro1.jpg?fit=660%2C148&amp;ssl=1\" class=\"alignleft size-medium wp-image-1213\" src=\"https:\/\/i0.wp.com\/wp.ufpel.edu.br\/ndh\/files\/2017\/08\/palestra-Joanna-Pedro1.jpg?resize=424%2C300&#038;ssl=1\" alt=\"\" width=\"424\" height=\"300\" srcset=\"https:\/\/i0.wp.com\/wp.ufpel.edu.br\/ndh\/files\/2017\/08\/palestra-Joanna-Pedro1.jpg?resize=424%2C300&amp;ssl=1 424w, https:\/\/i0.wp.com\/wp.ufpel.edu.br\/ndh\/files\/2017\/08\/palestra-Joanna-Pedro1.jpg?resize=212%2C150&amp;ssl=1 212w, https:\/\/i0.wp.com\/wp.ufpel.edu.br\/ndh\/files\/2017\/08\/palestra-Joanna-Pedro1.jpg?resize=768%2C543&amp;ssl=1 768w, https:\/\/i0.wp.com\/wp.ufpel.edu.br\/ndh\/files\/2017\/08\/palestra-Joanna-Pedro1.jpg?resize=619%2C438&amp;ssl=1 619w, https:\/\/i0.wp.com\/wp.ufpel.edu.br\/ndh\/files\/2017\/08\/palestra-Joanna-Pedro1.jpg?w=1320&amp;ssl=1 1320w, https:\/\/i0.wp.com\/wp.ufpel.edu.br\/ndh\/files\/2017\/08\/palestra-Joanna-Pedro1.jpg?w=1980&amp;ssl=1 1980w\" sizes=\"auto, (max-width: 424px) 100vw, 424px\" \/>Joana Maria Pedro, Presidenta da ANPUH Nacional, faz palestra na UFPel.<\/p>\n<p>O evento ocorrer\u00e1 dia 24 de agosto, 9 horas, na sala 352 da FaE e \u00e9 uma promo\u00e7\u00e3o do N\u00facleo de Documenta\u00e7\u00e3o Hist\u00f3rica da UFPel e do Programa em P\u00f3s-Gradua\u00e7\u00e3o em Hist\u00f3ria da UFPel.<\/p>\n<p>Participe!<\/p>\n","protected":false},"excerpt":{"rendered":"<p>Com o tema\u00a0&#8220;Os feminismos e as possibilidades democr\u00e1ticas para as mulheres no Brasil (1982-2012)&#8221;, a Profa. Dra. Joana Maria Pedro, Presidenta da ANPUH Nacional, faz palestra na UFPel. O evento ocorrer\u00e1 dia 24 de agosto, 9 horas, na sala 352 da FaE e \u00e9 uma promo\u00e7\u00e3o do N\u00facleo de Documenta\u00e7\u00e3o Hist\u00f3rica da UFPel e do [&hellip;]<\/p>\n","protected":false},"author":718,"featured_media":0,"comment_status":"closed","ping_status":"closed","sticky":false,"template":"","format":"standard","meta":{"jetpack_post_was_ever_published":false,"_jetpack_newsletter_access":"","_jetpack_dont_email_post_to_subs":false,"_jetpack_newsletter_tier_id":0,"_jetpack_memberships_contains_paywalled_content":false,"_jetpack_memberships_contains_paid_content":false,"footnotes":"","jetpack_publicize_message":"","jetpack_publicize_feature_enabled":true,"jetpack_social_post_already_shared":false,"jetpack_social_options":{"image_generator_settings":{"template":"highway","default_image_id":0,"font":"","enabled":false},"version":2}},"categories":[1],"tags":[],"class_list":["post-1211","post","type-post","status-publish","format-standard","hentry","category-noticias"],"jetpack_publicize_connections":[],"jetpack_featured_media_url":"","jetpack_sharing_enabled":true,"jetpack_shortlink":"https:\/\/wp.me\/p9qy4R-jx","jetpack_likes_enabled":true,"jetpack-related-posts":[],"_links":{"self":[{"href":"https:\/\/wp.ufpel.edu.br\/ndh\/wp-json\/wp\/v2\/posts\/1211","targetHints":{"allow":["GET"]}}],"collection":[{"href":"https:\/\/wp.ufpel.edu.br\/ndh\/wp-json\/wp\/v2\/posts"}],"about":[{"href":"https:\/\/wp.ufpel.edu.br\/ndh\/wp-json\/wp\/v2\/types\/post"}],"author":[{"embeddable":true,"href":"https:\/\/wp.ufpel.edu.br\/ndh\/wp-json\/wp\/v2\/users\/718"}],"replies":[{"embeddable":true,"href":"https:\/\/wp.ufpel.edu.br\/ndh\/wp-json\/wp\/v2\/comments?post=1211"}],"version-history":[{"count":1,"href":"https:\/\/wp.ufpel.edu.br\/ndh\/wp-json\/wp\/v2\/posts\/1211\/revisions"}],"predecessor-version":[{"id":1214,"href":"https:\/\/wp.ufpel.edu.br\/ndh\/wp-json\/wp\/v2\/posts\/1211\/revisions\/1214"}],"wp:attachment":[{"href":"https:\/\/wp.ufpel.edu.br\/ndh\/wp-json\/wp\/v2\/media?parent=1211"}],"wp:term":[{"taxonomy":"category","embeddable":true,"href":"https:\/\/wp.ufpel.edu.br\/ndh\/wp-json\/wp\/v2\/categories?post=1211"},{"taxonomy":"post_tag","embeddable":true,"href":"https:\/\/wp.ufpel.edu.br\/ndh\/wp-json\/wp\/v2\/tags?post=1211"}],"curies":[{"name":"wp","href":"https:\/\/api.w.org\/{rel}","templated":true}]}}