{"id":1009,"date":"2017-05-22T17:27:07","date_gmt":"2017-05-22T20:27:07","guid":{"rendered":"https:\/\/wp.ufpel.edu.br\/ndh\/?p=1009"},"modified":"2017-05-23T13:49:51","modified_gmt":"2017-05-23T16:49:51","slug":"selecao-de-bolsistas-de-extensao","status":"publish","type":"post","link":"https:\/\/wp.ufpel.edu.br\/ndh\/2017\/05\/22\/selecao-de-bolsistas-de-extensao\/","title":{"rendered":"Sele\u00e7\u00e3o de Bolsistas de Extens\u00e3o"},"content":{"rendered":"<p>Est\u00e3o abertas as inscri\u00e7\u00f5es para bolsas de extens\u00e3o em projetos vinculados ao NDH-UFPel.<\/p>\n<p>Para todas as bolsas \u00e9 preciso o preenchimento do formul\u00e1rio de candidato a bolsista <a href=\"https:\/\/wp.ufpel.edu.br\/ndh\/files\/2017\/05\/Formul\u00e1rio-de-Candidato-a-Bolsista.docx\"><strong>(acesse aqui)<\/strong><\/a> e a entrega do hist\u00f3rico acad\u00eamico dispon\u00edvel no sistema cobalto. Ainda, para as bolsas da modalidade vulnerabilidade social \u00e9 preciso apresentar\u00a0atestado da Pr\u00f3-Reitoria de Assuntos Estudantis (PRAE) comprovando situa\u00e7\u00e3o de vulnerabilidade social.<\/p>\n<p>As inscri\u00e7\u00f5es ocorrem de 22 a 26 de maio, na sala 144 do ICH, no per\u00edodo compreendido entre 14 e 19h30min. Ao todo s\u00e3o 5 bolsas nos projetos, conforme editais abaixo:<\/p>\n<p><strong>N\u00facleo de Documenta\u00e7\u00e3o Hist\u00f3rica da UFPel &#8211; Modalidade Ampla Concorr\u00eancia<\/strong> <a href=\"https:\/\/wp.ufpel.edu.br\/ndh\/files\/2017\/05\/Edital-Bolsista-N\u00facleo-de-Documenta\u00e7\u00e3o-Hist\u00f3rica.docx\">(acesse o edital)<\/a>\u00a0&#8211;\u00a0Coordena\u00e7\u00e3o Profa. Lorena Almeida Gill<\/p>\n<p><strong>Arquivo da Justi\u00e7a do Trabalho &#8211; Modalidade Ampla Concorr\u00eancia<\/strong> <a href=\"https:\/\/wp.ufpel.edu.br\/ndh\/files\/2017\/05\/Edital-Bolsista-Arquivo-da-Justi\u00e7a-do-Trabalho.docx\">(acesse o edital)<\/a>\u00a0&#8211;\u00a0Coordena\u00e7\u00e3o Profa. Lorena Almeida Gill<\/p>\n<p><strong>Organiza\u00e7\u00e3o do Acervo da Delegacia Regional do Trabalho do Rio Grande do Sul &#8211; Modalidade Ampla Concorr\u00eancia<\/strong> <a href=\"https:\/\/wp.ufpel.edu.br\/ndh\/files\/2017\/05\/Edital-para-sele\u00e7\u00e3o-de-bolsistas-DRTRS.docx\">(acesse o edital) <\/a>&#8211;\u00a0Coordena\u00e7\u00e3o Prof. Aristeu Elisandro Machado Lopes<\/p>\n<p><strong>Hist\u00f3ria em Revista &#8211; Modalidade Vulnerabilidade Social<\/strong> <a href=\"https:\/\/wp.ufpel.edu.br\/ndh\/files\/2017\/05\/Edital-Revista.docx\">(acesse o edital)<\/a>\u00a0&#8211;\u00a0Coordena\u00e7\u00e3o Profa.\u00a0Clarice Gontarski Speranza<\/p>\n<p><strong>Acervo do Col\u00e9gio Pelotense &#8211; higieniza\u00e7\u00e3o, organiza\u00e7\u00e3o e pesquisa<\/strong> <a href=\"https:\/\/wp.ufpel.edu.br\/ndh\/files\/2017\/05\/Edital-Pelotense-1.docx\">(acesse o edital)<\/a>\u00a0&#8211;\u00a0Coordena\u00e7\u00e3o Profa.\u00a0Clarice Gontarski Speranza<\/p>\n","protected":false},"excerpt":{"rendered":"<p>Est\u00e3o abertas as inscri\u00e7\u00f5es para bolsas de extens\u00e3o em projetos vinculados ao NDH-UFPel. Para todas as bolsas \u00e9 preciso o preenchimento do formul\u00e1rio de candidato a bolsista (acesse aqui) e a entrega do hist\u00f3rico acad\u00eamico dispon\u00edvel no sistema cobalto. Ainda, para as bolsas da modalidade vulnerabilidade social \u00e9 preciso apresentar\u00a0atestado da Pr\u00f3-Reitoria de Assuntos Estudantis [&hellip;]<\/p>\n","protected":false},"author":718,"featured_media":0,"comment_status":"closed","ping_status":"closed","sticky":false,"template":"","format":"standard","meta":{"jetpack_post_was_ever_published":false,"_jetpack_newsletter_access":"","_jetpack_dont_email_post_to_subs":false,"_jetpack_newsletter_tier_id":0,"_jetpack_memberships_contains_paywalled_content":false,"_jetpack_memberships_contains_paid_content":false,"footnotes":"","jetpack_publicize_message":"","jetpack_publicize_feature_enabled":true,"jetpack_social_post_already_shared":false,"jetpack_social_options":{"image_generator_settings":{"template":"highway","default_image_id":0,"font":"","enabled":false},"version":2}},"categories":[1],"tags":[],"class_list":["post-1009","post","type-post","status-publish","format-standard","hentry","category-noticias"],"jetpack_publicize_connections":[],"jetpack_featured_media_url":"","jetpack_sharing_enabled":true,"jetpack_shortlink":"https:\/\/wp.me\/p9qy4R-gh","jetpack_likes_enabled":true,"jetpack-related-posts":[],"_links":{"self":[{"href":"https:\/\/wp.ufpel.edu.br\/ndh\/wp-json\/wp\/v2\/posts\/1009","targetHints":{"allow":["GET"]}}],"collection":[{"href":"https:\/\/wp.ufpel.edu.br\/ndh\/wp-json\/wp\/v2\/posts"}],"about":[{"href":"https:\/\/wp.ufpel.edu.br\/ndh\/wp-json\/wp\/v2\/types\/post"}],"author":[{"embeddable":true,"href":"https:\/\/wp.ufpel.edu.br\/ndh\/wp-json\/wp\/v2\/users\/718"}],"replies":[{"embeddable":true,"href":"https:\/\/wp.ufpel.edu.br\/ndh\/wp-json\/wp\/v2\/comments?post=1009"}],"version-history":[{"count":10,"href":"https:\/\/wp.ufpel.edu.br\/ndh\/wp-json\/wp\/v2\/posts\/1009\/revisions"}],"predecessor-version":[{"id":1019,"href":"https:\/\/wp.ufpel.edu.br\/ndh\/wp-json\/wp\/v2\/posts\/1009\/revisions\/1019"}],"wp:attachment":[{"href":"https:\/\/wp.ufpel.edu.br\/ndh\/wp-json\/wp\/v2\/media?parent=1009"}],"wp:term":[{"taxonomy":"category","embeddable":true,"href":"https:\/\/wp.ufpel.edu.br\/ndh\/wp-json\/wp\/v2\/categories?post=1009"},{"taxonomy":"post_tag","embeddable":true,"href":"https:\/\/wp.ufpel.edu.br\/ndh\/wp-json\/wp\/v2\/tags?post=1009"}],"curies":[{"name":"wp","href":"https:\/\/api.w.org\/{rel}","templated":true}]}}