{"id":240,"date":"2014-10-09T12:54:57","date_gmt":"2014-10-09T15:54:57","guid":{"rendered":"https:\/\/wp.ufpel.edu.br\/nai\/?p=240"},"modified":"2014-10-09T12:54:57","modified_gmt":"2014-10-09T15:54:57","slug":"lancamento-de-livro-sobre-acessibilidade-e-inclusao","status":"publish","type":"post","link":"https:\/\/wp.ufpel.edu.br\/nai\/2014\/10\/09\/lancamento-de-livro-sobre-acessibilidade-e-inclusao\/","title":{"rendered":"Lan\u00e7amento de livro sobre Acessibilidade e Inclus\u00e3o"},"content":{"rendered":"<p style=\"text-align: justify\">No dia 08 de outubro de 2014 durante o Semin\u00e1rio de Acessibilidade e Inclus\u00e3o\/PRG\/UFPEL foi lan\u00e7ado o livro &#8220;Educa\u00e7\u00e3o, inclus\u00e3o e Acessibilidade: Diferentes contextos&#8221;, com artigo das autoras Juliana Sanches e Mait\u00ea da Silva do N\u00facleo de Acessibilidade e Inclus\u00e3o e da Prof\u00aa Tatiana Lebedeff do Centro de Letras e Comunica\u00e7\u00e3o. O Lan\u00e7amento contou com\u00a0apoio da Livraria da UFPEL.<\/p>\n<p style=\"text-align: justify\"><a href=\"https:\/\/wp.ufpel.edu.br\/nai\/files\/2014\/10\/DSC02760.jpg\"><img data-attachment-id=\"241\" data-permalink=\"https:\/\/wp.ufpel.edu.br\/nai\/2014\/10\/09\/lancamento-de-livro-sobre-acessibilidade-e-inclusao\/dsc02760\/\" data-orig-file=\"https:\/\/wp.ufpel.edu.br\/nai\/files\/2014\/10\/DSC02760.jpg\" data-orig-size=\"3072,2304\" data-comments-opened=\"0\" data-image-meta=\"{&quot;aperture&quot;:&quot;2.8&quot;,&quot;credit&quot;:&quot;&quot;,&quot;camera&quot;:&quot;DSC-W120&quot;,&quot;caption&quot;:&quot;&quot;,&quot;created_timestamp&quot;:&quot;1412765718&quot;,&quot;copyright&quot;:&quot;&quot;,&quot;focal_length&quot;:&quot;5.35&quot;,&quot;iso&quot;:&quot;160&quot;,&quot;shutter_speed&quot;:&quot;0.025&quot;,&quot;title&quot;:&quot;&quot;}\" data-image-title=\"DSC02760\" data-image-description=\"\" data-image-caption=\"\" data-medium-file=\"https:\/\/wp.ufpel.edu.br\/nai\/files\/2014\/10\/DSC02760-424x318.jpg\" data-large-file=\"https:\/\/wp.ufpel.edu.br\/nai\/files\/2014\/10\/DSC02760-984x220.jpg\" class=\"alignnone size-medium wp-image-241\" src=\"https:\/\/wp.ufpel.edu.br\/nai\/files\/2014\/10\/DSC02760-424x318.jpg\" alt=\"DSC02760\" width=\"424\" height=\"318\" srcset=\"https:\/\/wp.ufpel.edu.br\/nai\/files\/2014\/10\/DSC02760-424x318.jpg 424w, https:\/\/wp.ufpel.edu.br\/nai\/files\/2014\/10\/DSC02760-212x159.jpg 212w\" sizes=\"(max-width: 424px) 100vw, 424px\" \/><\/a><\/p>\n","protected":false},"excerpt":{"rendered":"<p>No dia 08 de outubro de 2014 durante o Semin\u00e1rio de Acessibilidade e Inclus\u00e3o\/PRG\/UFPEL foi lan\u00e7ado o livro &#8220;Educa\u00e7\u00e3o, inclus\u00e3o e Acessibilidade: Diferentes contextos&#8221;, com artigo das autoras Juliana Sanches e Mait\u00ea da Silva do N\u00facleo de Acessibilidade e Inclus\u00e3o e da Prof\u00aa Tatiana Lebedeff do Centro de Letras e Comunica\u00e7\u00e3o. O Lan\u00e7amento contou com\u00a0apoio [&hellip;]<\/p>\n","protected":false},"author":359,"featured_media":0,"comment_status":"closed","ping_status":"closed","sticky":false,"template":"","format":"standard","meta":{"jetpack_post_was_ever_published":false,"_jetpack_newsletter_access":"","_jetpack_dont_email_post_to_subs":false,"_jetpack_newsletter_tier_id":0,"_jetpack_memberships_contains_paywalled_content":false,"_jetpack_memberships_contains_paid_content":false,"footnotes":"","jetpack_publicize_message":"","jetpack_publicize_feature_enabled":true,"jetpack_social_post_already_shared":false,"jetpack_social_options":{"image_generator_settings":{"template":"highway","default_image_id":0,"font":"","enabled":false},"version":2}},"categories":[18],"tags":[],"class_list":["post-240","post","type-post","status-publish","format-standard","hentry","category-sem-categoria"],"jetpack_publicize_connections":[],"jetpack_featured_media_url":"","jetpack_sharing_enabled":true,"jetpack_shortlink":"https:\/\/wp.me\/p90IOR-3S","_links":{"self":[{"href":"https:\/\/wp.ufpel.edu.br\/nai\/wp-json\/wp\/v2\/posts\/240","targetHints":{"allow":["GET"]}}],"collection":[{"href":"https:\/\/wp.ufpel.edu.br\/nai\/wp-json\/wp\/v2\/posts"}],"about":[{"href":"https:\/\/wp.ufpel.edu.br\/nai\/wp-json\/wp\/v2\/types\/post"}],"author":[{"embeddable":true,"href":"https:\/\/wp.ufpel.edu.br\/nai\/wp-json\/wp\/v2\/users\/359"}],"replies":[{"embeddable":true,"href":"https:\/\/wp.ufpel.edu.br\/nai\/wp-json\/wp\/v2\/comments?post=240"}],"version-history":[{"count":1,"href":"https:\/\/wp.ufpel.edu.br\/nai\/wp-json\/wp\/v2\/posts\/240\/revisions"}],"predecessor-version":[{"id":242,"href":"https:\/\/wp.ufpel.edu.br\/nai\/wp-json\/wp\/v2\/posts\/240\/revisions\/242"}],"wp:attachment":[{"href":"https:\/\/wp.ufpel.edu.br\/nai\/wp-json\/wp\/v2\/media?parent=240"}],"wp:term":[{"taxonomy":"category","embeddable":true,"href":"https:\/\/wp.ufpel.edu.br\/nai\/wp-json\/wp\/v2\/categories?post=240"},{"taxonomy":"post_tag","embeddable":true,"href":"https:\/\/wp.ufpel.edu.br\/nai\/wp-json\/wp\/v2\/tags?post=240"}],"curies":[{"name":"wp","href":"https:\/\/api.w.org\/{rel}","templated":true}]}}