{"id":203,"date":"2014-09-24T08:40:49","date_gmt":"2014-09-24T11:40:49","guid":{"rendered":"https:\/\/wp.ufpel.edu.br\/nai\/?p=203"},"modified":"2014-10-03T13:30:28","modified_gmt":"2014-10-03T16:30:28","slug":"seminario-de-acessibilidade-e-inclusao-2","status":"publish","type":"post","link":"https:\/\/wp.ufpel.edu.br\/nai\/2014\/09\/24\/seminario-de-acessibilidade-e-inclusao-2\/","title":{"rendered":"Semin\u00e1rio de Acessibilidade e Inclus\u00e3o"},"content":{"rendered":"<p style=\"color: #333333\">Est\u00e3o abertas as inscri\u00e7\u00f5es para o\u00a0<strong style=\"font-weight: bold\">Semin\u00e1rio de Acessibilidade e Inclus\u00e3o-A\u00e7\u00f5es da UFPel,\u00a0<\/strong>que ocorrer\u00e1 no dia 08\/10\/2014.<\/p>\n<p style=\"color: #333333\"><span style=\"color: #000080\">ATEN\u00c7\u00c3O!<\/span><\/p>\n<p style=\"color: #333333;padding-left: 30px\"><span style=\"color: #ff0000\">\u00a0Inscri\u00e7\u00f5es esgotadas!<\/span><\/p>\n<p style=\"color: #333333\">Hor\u00e1rios: 8h30 \u2013 12h e das 14h-17h30\/Audit\u00f3rio Acad\u00eamico-Campus Porto UFPel.<\/p>\n<p style=\"color: #333333\">Para efetuar sua inscri\u00e7\u00e3o \u00e9 necess\u00e1rio preencher a ficha que est\u00e1 em anexo e enviar para o e-mail:\u00a0<strong style=\"font-weight: bold\">seminarionai@gmail.com\u00a0<\/strong><\/p>\n<p style=\"color: #333333\">Inscri\u00e7\u00f5es at\u00e9 03\/10\/2014<\/p>\n<p style=\"color: #333333\">Programa\u00e7\u00e3o:\u00a0<a href=\"https:\/\/wp.ufpel.edu.br\/nai\/files\/2014\/09\/programa\u00e7\u00e3o-para-divulga\u00e7\u00e3o-nova.pdf\">programa\u00e7\u00e3o para divulga\u00e7\u00e3o-nova<\/a><\/p>\n<p style=\"color: #333333\">Ficha de inscri\u00e7\u00e3o:\u00a0<a href=\"https:\/\/wp.ufpel.edu.br\/nai\/files\/2014\/09\/ficha-de-inscri\u00e7\u00e3o.docx\">ficha de inscri\u00e7\u00e3o<\/a><\/p>\n","protected":false},"excerpt":{"rendered":"<p>Est\u00e3o abertas as inscri\u00e7\u00f5es para o\u00a0Semin\u00e1rio de Acessibilidade e Inclus\u00e3o-A\u00e7\u00f5es da UFPel,\u00a0que ocorrer\u00e1 no dia 08\/10\/2014. ATEN\u00c7\u00c3O! \u00a0Inscri\u00e7\u00f5es esgotadas! Hor\u00e1rios: 8h30 \u2013 12h e das 14h-17h30\/Audit\u00f3rio Acad\u00eamico-Campus Porto UFPel. Para efetuar sua inscri\u00e7\u00e3o \u00e9 necess\u00e1rio preencher a ficha que est\u00e1 em anexo e enviar para o e-mail:\u00a0seminarionai@gmail.com\u00a0 Inscri\u00e7\u00f5es at\u00e9 03\/10\/2014 Programa\u00e7\u00e3o:\u00a0programa\u00e7\u00e3o para divulga\u00e7\u00e3o-nova Ficha de [&hellip;]<\/p>\n","protected":false},"author":359,"featured_media":0,"comment_status":"closed","ping_status":"closed","sticky":false,"template":"","format":"standard","meta":{"jetpack_post_was_ever_published":false,"_jetpack_newsletter_access":"","_jetpack_dont_email_post_to_subs":false,"_jetpack_newsletter_tier_id":0,"_jetpack_memberships_contains_paywalled_content":false,"_jetpack_memberships_contains_paid_content":false,"footnotes":"","jetpack_publicize_message":"","jetpack_publicize_feature_enabled":true,"jetpack_social_post_already_shared":false,"jetpack_social_options":{"image_generator_settings":{"template":"highway","default_image_id":0,"font":"","enabled":false},"version":2}},"categories":[18],"tags":[],"class_list":["post-203","post","type-post","status-publish","format-standard","hentry","category-sem-categoria"],"jetpack_publicize_connections":[],"jetpack_featured_media_url":"","jetpack_sharing_enabled":true,"jetpack_shortlink":"https:\/\/wp.me\/p90IOR-3h","_links":{"self":[{"href":"https:\/\/wp.ufpel.edu.br\/nai\/wp-json\/wp\/v2\/posts\/203","targetHints":{"allow":["GET"]}}],"collection":[{"href":"https:\/\/wp.ufpel.edu.br\/nai\/wp-json\/wp\/v2\/posts"}],"about":[{"href":"https:\/\/wp.ufpel.edu.br\/nai\/wp-json\/wp\/v2\/types\/post"}],"author":[{"embeddable":true,"href":"https:\/\/wp.ufpel.edu.br\/nai\/wp-json\/wp\/v2\/users\/359"}],"replies":[{"embeddable":true,"href":"https:\/\/wp.ufpel.edu.br\/nai\/wp-json\/wp\/v2\/comments?post=203"}],"version-history":[{"count":5,"href":"https:\/\/wp.ufpel.edu.br\/nai\/wp-json\/wp\/v2\/posts\/203\/revisions"}],"predecessor-version":[{"id":239,"href":"https:\/\/wp.ufpel.edu.br\/nai\/wp-json\/wp\/v2\/posts\/203\/revisions\/239"}],"wp:attachment":[{"href":"https:\/\/wp.ufpel.edu.br\/nai\/wp-json\/wp\/v2\/media?parent=203"}],"wp:term":[{"taxonomy":"category","embeddable":true,"href":"https:\/\/wp.ufpel.edu.br\/nai\/wp-json\/wp\/v2\/categories?post=203"},{"taxonomy":"post_tag","embeddable":true,"href":"https:\/\/wp.ufpel.edu.br\/nai\/wp-json\/wp\/v2\/tags?post=203"}],"curies":[{"name":"wp","href":"https:\/\/api.w.org\/{rel}","templated":true}]}}