{"id":4577,"date":"2024-07-16T15:31:45","date_gmt":"2024-07-16T18:31:45","guid":{"rendered":"https:\/\/wp.ufpel.edu.br\/naaf\/?p=4577"},"modified":"2024-07-16T16:14:22","modified_gmt":"2024-07-16T19:14:22","slug":"processo-seletivo-bolsa-monitoria-resultado-das-inscricoes-do-edital-01-2024-nuaad","status":"publish","type":"post","link":"https:\/\/wp.ufpel.edu.br\/naaf\/2024\/07\/16\/processo-seletivo-bolsa-monitoria-resultado-das-inscricoes-do-edital-01-2024-nuaad\/","title":{"rendered":"PROCESSO SELETIVO BOLSA MONITORIA RESULTADO DAS INSCRI\u00c7\u00d5ES DO EDITAL 01\/2024 NUAAD"},"content":{"rendered":"<p><b>PROCESSO SELETIVO <\/b><b>BOLSA MONITORIA<\/b><\/p>\n<p><b>RESULTADO DAS INSCRI\u00c7\u00d5ES DO EDITAL 01\/2024 NUAAD<\/b><\/p>\n<p><span style=\"font-weight: 400;\">As entrevistas ocorrer\u00e3o nos dias <\/span><b>17\/07<\/b><span style=\"font-weight: 400;\"> e <\/span><b>18\/07<\/b><span style=\"font-weight: 400;\"> de acordo com a grade de hor\u00e1rios.<\/span><\/p>\n<p><span style=\"font-weight: 400;\">Os estudantes selecionados dever\u00e3o acessar o link de acesso no hor\u00e1rio marcado da entrevista.<\/span><\/p>\n<p><b>LINK DE ACESSO<\/b><span style=\"font-weight: 400;\">: <\/span><a href=\"https:\/\/webconf.ufpel.edu.br\/b\/rej-adt-jld-saw\"><span style=\"font-weight: 400;\">https:\/\/webconf.ufpel.edu.br\/b\/rej-adt-jld-saw<\/span><\/a><span style=\"font-weight: 400;\">]<\/span><\/p>\n<p>&nbsp;<\/p>\n<p><a href=\"https:\/\/wp.ufpel.edu.br\/naaf\/files\/2024\/07\/GRADE-DE-HORARIOS.pdf\">GRADE DE HOR\u00c1RIOS<\/a><\/p>\n<p><img data-recalc-dims=\"1\" loading=\"lazy\" decoding=\"async\" data-attachment-id=\"4582\" data-permalink=\"https:\/\/wp.ufpel.edu.br\/naaf\/2024\/07\/16\/processo-seletivo-bolsa-monitoria-resultado-das-inscricoes-do-edital-01-2024-nuaad\/nuaad-7\/\" data-orig-file=\"https:\/\/i0.wp.com\/wp.ufpel.edu.br\/naaf\/files\/2024\/07\/NUAAD-7.png?fit=1080%2C1080&amp;ssl=1\" data-orig-size=\"1080,1080\" data-comments-opened=\"0\" data-image-meta=\"{&quot;aperture&quot;:&quot;0&quot;,&quot;credit&quot;:&quot;&quot;,&quot;camera&quot;:&quot;&quot;,&quot;caption&quot;:&quot;&quot;,&quot;created_timestamp&quot;:&quot;0&quot;,&quot;copyright&quot;:&quot;&quot;,&quot;focal_length&quot;:&quot;0&quot;,&quot;iso&quot;:&quot;0&quot;,&quot;shutter_speed&quot;:&quot;0&quot;,&quot;title&quot;:&quot;&quot;,&quot;orientation&quot;:&quot;0&quot;}\" data-image-title=\"NUAAD (7)\" data-image-description=\"\" data-image-caption=\"\" data-medium-file=\"https:\/\/i0.wp.com\/wp.ufpel.edu.br\/naaf\/files\/2024\/07\/NUAAD-7.png?fit=400%2C400&amp;ssl=1\" data-large-file=\"https:\/\/i0.wp.com\/wp.ufpel.edu.br\/naaf\/files\/2024\/07\/NUAAD-7.png?fit=750%2C750&amp;ssl=1\" class=\"alignnone size-medium wp-image-4582\" src=\"https:\/\/i0.wp.com\/wp.ufpel.edu.br\/naaf\/files\/2024\/07\/NUAAD-7.png?resize=400%2C400&#038;ssl=1\" alt=\"\" width=\"400\" height=\"400\" srcset=\"https:\/\/i0.wp.com\/wp.ufpel.edu.br\/naaf\/files\/2024\/07\/NUAAD-7.png?resize=400%2C400&amp;ssl=1 400w, https:\/\/i0.wp.com\/wp.ufpel.edu.br\/naaf\/files\/2024\/07\/NUAAD-7.png?resize=1024%2C1024&amp;ssl=1 1024w, https:\/\/i0.wp.com\/wp.ufpel.edu.br\/naaf\/files\/2024\/07\/NUAAD-7.png?resize=200%2C200&amp;ssl=1 200w, https:\/\/i0.wp.com\/wp.ufpel.edu.br\/naaf\/files\/2024\/07\/NUAAD-7.png?resize=768%2C768&amp;ssl=1 768w, https:\/\/i0.wp.com\/wp.ufpel.edu.br\/naaf\/files\/2024\/07\/NUAAD-7.png?resize=750%2C750&amp;ssl=1 750w, https:\/\/i0.wp.com\/wp.ufpel.edu.br\/naaf\/files\/2024\/07\/NUAAD-7.png?w=1080&amp;ssl=1 1080w\" sizes=\"auto, (max-width: 400px) 100vw, 400px\" \/><\/p>\n<p>&nbsp;<\/p>\n","protected":false},"excerpt":{"rendered":"<p>PROCESSO SELETIVO BOLSA MONITORIA RESULTADO DAS INSCRI\u00c7\u00d5ES DO EDITAL 01\/2024 NUAAD As entrevistas ocorrer\u00e3o nos dias 17\/07 e 18\/07 de acordo com a grade de hor\u00e1rios. Os estudantes selecionados dever\u00e3o acessar o link de acesso no hor\u00e1rio marcado da entrevista. LINK DE ACESSO: https:\/\/webconf.ufpel.edu.br\/b\/rej-adt-jld-saw] &nbsp; GRADE DE HOR\u00c1RIOS &nbsp;<\/p>\n","protected":false},"author":781,"featured_media":0,"comment_status":"closed","ping_status":"closed","sticky":false,"template":"","format":"standard","meta":{"jetpack_post_was_ever_published":false,"_jetpack_newsletter_access":"","_jetpack_dont_email_post_to_subs":false,"_jetpack_newsletter_tier_id":0,"_jetpack_memberships_contains_paywalled_content":false,"_jetpack_memberships_contains_paid_content":false,"footnotes":"","jetpack_publicize_message":"","jetpack_publicize_feature_enabled":true,"jetpack_social_post_already_shared":true,"jetpack_social_options":{"image_generator_settings":{"template":"highway","default_image_id":0,"font":"","enabled":false},"version":2}},"categories":[1],"tags":[],"class_list":["post-4577","post","type-post","status-publish","format-standard","hentry","category-noticias","item-wrap"],"jetpack_publicize_connections":[],"jetpack_featured_media_url":"","jetpack_sharing_enabled":true,"jetpack_shortlink":"https:\/\/wp.me\/p9uOP6-1bP","jetpack_likes_enabled":true,"jetpack-related-posts":[{"id":4609,"url":"https:\/\/wp.ufpel.edu.br\/naaf\/2024\/07\/22\/resultado-do-processo-seletivo-bolsa-monitoria-de-apoio-pedagogico-edital-nuaad-01-2024\/","url_meta":{"origin":4577,"position":0},"title":"RESULTADO DO PROCESSO SELETIVO BOLSA MONITORIA DE APOIO PEDAG\u00d3GICO &#8211; EDITAL NUAAD 01\/2024","author":"naaf","date":"22\/07\/2024","format":false,"excerpt":"RESULTADO DO PROCESSO SELETIVO BOLSA MONITORIA DE APOIO PEDAG\u00d3GICO Divulga-se abaixo a rela\u00e7\u00e3o dos candidatos selecionados para a bolsa monitoria de apoio pedag\u00f3gico para atender discentes oriundos de comunidades Ind\u00edgenas e Quilombolas e que s\u00e3o assistidos(as) pelo Nuaad, de acordo com a Resolu\u00e7\u00e3o n\u00ba 05, de 03 de abril de\u2026","rel":"","context":"Em &quot;Not\u00edcias&quot;","block_context":{"text":"Not\u00edcias","link":"https:\/\/wp.ufpel.edu.br\/naaf\/category\/noticias\/"},"img":{"alt_text":"","src":"https:\/\/i0.wp.com\/wp.ufpel.edu.br\/naaf\/files\/2024\/07\/NUAAD-9-400x400.png?resize=350%2C200&ssl=1","width":350,"height":200},"classes":[]},{"id":4616,"url":"https:\/\/wp.ufpel.edu.br\/naaf\/2024\/07\/24\/retificacao-do-resultado-do-processo-seletivo-bolsa-monitoria-de-apoio-pedagogico-edital-nuaad-01-2024\/","url_meta":{"origin":4577,"position":1},"title":"RETIFICA\u00c7\u00c3O DO RESULTADO DO PROCESSO SELETIVO BOLSA MONITORIA DE APOIO PEDAG\u00d3GICO &#8211; EDITAL NUAAD 01\/2024","author":"naaf","date":"24\/07\/2024","format":false,"excerpt":"COORDENA\u00c7\u00c3O DE INCLUS\u00c3O E DIVERSIDADE N\u00daCLEO DE A\u00c7\u00d5ES AFIRMATIVAS E DIVERSIDADE Edital NUAAD n\u00ba 01\/2024 RESULTADO DO PROCESSO SELETIVO BOLSA MONITORIA DE APOIO PEDAG\u00d3GICO RETIFICADO OBSERVANDO O ITEM 3 DO EDITAL NUAAD N\u00ba 01\/2024, DESTACADO A SEGUIR: As bolsas de monitoria ser\u00e3o concedidas preferencialmente a candidatas(os) que: -Tenham ingressado na\u2026","rel":"","context":"Em &quot;Not\u00edcias&quot;","block_context":{"text":"Not\u00edcias","link":"https:\/\/wp.ufpel.edu.br\/naaf\/category\/noticias\/"},"img":{"alt_text":"","src":"https:\/\/i0.wp.com\/wp.ufpel.edu.br\/naaf\/files\/2024\/07\/NUAAD-12-400x400.png?resize=350%2C200&ssl=1","width":350,"height":200},"classes":[]},{"id":4561,"url":"https:\/\/wp.ufpel.edu.br\/naaf\/2024\/07\/02\/edital-nuaad-no-01-2024-prorrogado-o-prazo-para-as-inscricoes-de-bolsas-monitoria-para-apoio-pedagogico-de-estudantes-indigenas-e-quilombolas-monitoria\/","url_meta":{"origin":4577,"position":2},"title":"Edital NUAAD n\u00ba 01\/2024: PRORROGADO O PRAZO PARA AS INSCRI\u00c7\u00d5ES DE BOLSAS DE MONITORIA PARA APOIO PEDAG\u00d3GICO DE ESTUDANTES IND\u00cdGENAS E QUILOMBOLAS \u2013 Monitoria","author":"naaf","date":"02\/07\/2024","format":false,"excerpt":"A Coordena\u00e7\u00e3o de Diversidade e Inclus\u00e3o (CODIn) e o N\u00facleo de A\u00e7\u00f5es Afirmativas e Diversidade (NUAAD), da Universidade Federal de Pelotas tornam p\u00fablico que est\u00e1 aberto o prazo de inscri\u00e7\u00f5es para a sele\u00e7\u00e3o de Bolsistas Monitoras(es) de Apoio Pedag\u00f3gico Discente para atender acad\u00eamicas(os) ingressantes atrav\u00e9s do Processo Seletivo Especial \u2013\u2026","rel":"","context":"Em &quot;Not\u00edcias&quot;","block_context":{"text":"Not\u00edcias","link":"https:\/\/wp.ufpel.edu.br\/naaf\/category\/noticias\/"},"img":{"alt_text":"","src":"","width":0,"height":0},"classes":[]},{"id":4565,"url":"https:\/\/wp.ufpel.edu.br\/naaf\/2024\/07\/08\/edital-nuaad-no-01-2024-retificacao-do-edital-para-as-inscricoes-de-bolsas-de-monitoria-para-apoio-pedagogico-de-estudantes-indigenas-e-quilombolas-monitoria\/","url_meta":{"origin":4577,"position":3},"title":"Edital NUAAD n\u00ba 01\/2024: RETIFICA\u00c7\u00c3O DO EDITAL PARA AS INSCRI\u00c7\u00d5ES DE BOLSAS DE MONITORIA PARA APOIO PEDAG\u00d3GICO DE ESTUDANTES IND\u00cdGENAS E QUILOMBOLAS \u2013 Monitoria","author":"naaf","date":"08\/07\/2024","format":false,"excerpt":"A Coordena\u00e7\u00e3o de Diversidade e Inclus\u00e3o (CODIn) e o N\u00facleo de A\u00e7\u00f5es Afirmativas e Diversidade (NUAAD), da Universidade Federal de Pelotas tornam p\u00fablico que est\u00e1 aberto o prazo de inscri\u00e7\u00f5es para a sele\u00e7\u00e3o de Bolsistas Monitoras(es) de Apoio Pedag\u00f3gico Discente para atender acad\u00eamicas(os) ingressantes atrav\u00e9s do Processo Seletivo Especial \u2013\u2026","rel":"","context":"Em &quot;Not\u00edcias&quot;","block_context":{"text":"Not\u00edcias","link":"https:\/\/wp.ufpel.edu.br\/naaf\/category\/noticias\/"},"img":{"alt_text":"","src":"","width":0,"height":0},"classes":[]},{"id":4546,"url":"https:\/\/wp.ufpel.edu.br\/naaf\/2024\/06\/24\/edital-nuaad-no-01-2024-bolsas-para-o-apoio-pedagogico-de-estudantes-indigenas-e-quilombolas-monitoria\/","url_meta":{"origin":4577,"position":4},"title":"Edital NUAAD n\u00ba 01\/2024: BOLSAS PARA O APOIO PEDAG\u00d3GICO DE ESTUDANTES IND\u00cdGENAS E QUILOMBOLAS \u2013 Monitoria","author":"naaf","date":"24\/06\/2024","format":false,"excerpt":"A Coordena\u00e7\u00e3o de Diversidade e Inclus\u00e3o (CODIn) e o N\u00facleo de A\u00e7\u00f5es Afirmativas e Diversidade (NUAAD), da Universidade Federal de Pelotas tornam p\u00fablico que est\u00e1 aberto o prazo de inscri\u00e7\u00f5es para a sele\u00e7\u00e3o de Bolsistas Monitoras(es) de Apoio Pedag\u00f3gico Discente para atender acad\u00eamicas(os) ingressantes atrav\u00e9s do Processo Seletivo Especial \u2013\u2026","rel":"","context":"Em &quot;Not\u00edcias&quot;","block_context":{"text":"Not\u00edcias","link":"https:\/\/wp.ufpel.edu.br\/naaf\/category\/noticias\/"},"img":{"alt_text":"","src":"","width":0,"height":0},"classes":[]},{"id":2568,"url":"https:\/\/wp.ufpel.edu.br\/naaf\/2021\/08\/20\/edital-nuaad-02-2021-bolsas-monitoria\/","url_meta":{"origin":4577,"position":5},"title":"Edital NUAAD 02\/2021 &#8211; Bolsas Monitoria","author":"nuaad","date":"20\/08\/2021","format":false,"excerpt":"A Coordena\u00e7\u00e3o de Diversidade e Inclus\u00e3o (CODIn) e o N\u00facleo de A\u00e7\u00f5es Afirmativas e Diversidade (NUAAD), da Universidade Federal de Pelotas tornam p\u00fablico que est\u00e1 aberto o prazo de inscri\u00e7\u00f5es para a sele\u00e7\u00e3o de Bolsistas Monitoras(es) de Apoio Pedag\u00f3gico Discente para atender acad\u00eamicas(os) ingressantes atrav\u00e9s do Processo Seletivo Especial \u2013\u2026","rel":"","context":"Em &quot;Not\u00edcias&quot;","block_context":{"text":"Not\u00edcias","link":"https:\/\/wp.ufpel.edu.br\/naaf\/category\/noticias\/"},"img":{"alt_text":"","src":"","width":0,"height":0},"classes":[]}],"_links":{"self":[{"href":"https:\/\/wp.ufpel.edu.br\/naaf\/wp-json\/wp\/v2\/posts\/4577","targetHints":{"allow":["GET"]}}],"collection":[{"href":"https:\/\/wp.ufpel.edu.br\/naaf\/wp-json\/wp\/v2\/posts"}],"about":[{"href":"https:\/\/wp.ufpel.edu.br\/naaf\/wp-json\/wp\/v2\/types\/post"}],"author":[{"embeddable":true,"href":"https:\/\/wp.ufpel.edu.br\/naaf\/wp-json\/wp\/v2\/users\/781"}],"replies":[{"embeddable":true,"href":"https:\/\/wp.ufpel.edu.br\/naaf\/wp-json\/wp\/v2\/comments?post=4577"}],"version-history":[{"count":5,"href":"https:\/\/wp.ufpel.edu.br\/naaf\/wp-json\/wp\/v2\/posts\/4577\/revisions"}],"predecessor-version":[{"id":4584,"href":"https:\/\/wp.ufpel.edu.br\/naaf\/wp-json\/wp\/v2\/posts\/4577\/revisions\/4584"}],"wp:attachment":[{"href":"https:\/\/wp.ufpel.edu.br\/naaf\/wp-json\/wp\/v2\/media?parent=4577"}],"wp:term":[{"taxonomy":"category","embeddable":true,"href":"https:\/\/wp.ufpel.edu.br\/naaf\/wp-json\/wp\/v2\/categories?post=4577"},{"taxonomy":"post_tag","embeddable":true,"href":"https:\/\/wp.ufpel.edu.br\/naaf\/wp-json\/wp\/v2\/tags?post=4577"}],"curies":[{"name":"wp","href":"https:\/\/api.w.org\/{rel}","templated":true}]}}