{"id":4325,"date":"2023-09-18T10:52:44","date_gmt":"2023-09-18T13:52:44","guid":{"rendered":"https:\/\/wp.ufpel.edu.br\/naaf\/?p=4325"},"modified":"2023-09-18T10:52:44","modified_gmt":"2023-09-18T13:52:44","slug":"nuaad-divulga-cadastro-de-reserva-edital-09-2023-bancas-de-heteroidentificacao","status":"publish","type":"post","link":"https:\/\/wp.ufpel.edu.br\/naaf\/2023\/09\/18\/nuaad-divulga-cadastro-de-reserva-edital-09-2023-bancas-de-heteroidentificacao\/","title":{"rendered":"NUAAD divulga Cadastro de Reserva Edital 09\/2023 &#8211; Bancas de Heteroidentifica\u00e7\u00e3o"},"content":{"rendered":"<p style=\"text-align: justify;\">O N\u00facleo de A\u00e7\u00f5es Afirmativas e Diversidade (NUAAD) da UFPEL estabeleceu pr\u00e9-requisitos para a sele\u00e7\u00e3o de pessoas para atuarem nas Bancas de Heteroidentifica\u00e7\u00e3o, de acordo com a Instru\u00e7\u00e3o Normativa n\u00ba 23 de julho de 2023, do Minist\u00e9rio da Gest\u00e3o e da Inova\u00e7\u00e3o em Servi\u00e7os P\u00fablicos que estabelece a diversidade \u00e9tnico-racial (escolha de pessoas negras, ind\u00edgenas, quilombolas e brancas) e de g\u00eanero na sele\u00e7\u00e3o para a composi\u00e7\u00e3o dos membros da Comiss\u00e3o Permanente de Bancas de Heteroidentifica\u00e7\u00e3o. Al\u00e9m disso, de acordo com o Edital 09\/2023, a sele\u00e7\u00e3o levou em considera\u00e7\u00e3o a experi\u00eancia das pessoas na tem\u00e1tica \u00e9tnico-racial e em Bancas de Heteroidentifica\u00e7\u00e3o, al\u00e9m da atua\u00e7\u00e3o em movimentos sociais.<\/p>\n<p style=\"text-align: justify;\">Destacamos que ficou estipulado pelo Grupo de Trabalho das A\u00e7\u00f5es Afirmativas &#8211; Eixo \u00c9tnico Racial do NUAAD, que elaborou o edital, a sele\u00e7\u00e3o de 60 pessoas para fazerem parte da Comiss\u00e3o permanente. Diante da grande procura, pois tivemos mais de 100 inscri\u00e7\u00f5es, definiu-se por selecionar 73 pessoas, neste primeiro momento.<\/p>\n<p style=\"text-align: justify;\">Abaixo listamos as pessoas que ir\u00e3o compor o cadastro reserva e posteriormente participar\u00e3o de uma segunda edi\u00e7\u00e3o do curso de heteroidentifica\u00e7\u00e3o, ofertado pelo NUAAD, em data a ser publicada em nosso site.<\/p>\n<p>&nbsp;<\/p>\n<p><strong>LISTA DO CADASTRO RESERVA<\/strong><\/p>\n<p><strong>COMUNIDADE EXTERNA<\/strong><\/p>\n<p>&nbsp;<\/p>\n<table width=\"556\">\n<tbody>\n<tr>\n<td width=\"556\">ADRIANA ROSA DOS SANTOS<\/td>\n<\/tr>\n<tr>\n<td width=\"556\">ANA CAROLINA PEDRA ROSA<\/td>\n<\/tr>\n<tr>\n<td width=\"556\">JEAN PIERRE MARTINS KNEPPER<\/td>\n<\/tr>\n<tr>\n<td width=\"556\">JOSEANE DA SILVA BANDEIRA GARCIA<\/td>\n<\/tr>\n<tr>\n<td width=\"556\">MATEUS DA SILVA BANDEIRA<\/td>\n<\/tr>\n<tr>\n<td width=\"556\">PAULA LET\u00cdCIA DUARTE RAMALHO<\/td>\n<\/tr>\n<tr>\n<td width=\"556\">SIMONE FARIA SILVEIRA<\/td>\n<\/tr>\n<tr>\n<td width=\"556\">TUANE TARQUES DA SILVA<\/td>\n<\/tr>\n<tr>\n<td width=\"556\">VITORIA MORAES MORALES<\/td>\n<\/tr>\n<\/tbody>\n<\/table>\n<p>&nbsp;<\/p>\n<p>&nbsp;<\/p>\n<p><strong>SERVIDORAS\/ES<\/strong><\/p>\n<p>&nbsp;<\/p>\n<p>JULIANA DO AMARAL MARTINS GRIMMLE<\/p>\n<p>RODRIGO DA SILVA VITAL<\/p>\n<p>BRUNO MESSINA STOCK<\/p>\n<p>CRISTIANO CARVALHO LOPES<\/p>\n<p>ELISANDRA DE VARGAS GARCIA<\/p>\n<p>JOSY DIAS ANACLETO<\/p>\n<p>&nbsp;<\/p>\n<p>&nbsp;<\/p>\n<p><strong>ESTUDANTES<\/strong><\/p>\n<p>ANDR\u00c9A FERREIRA SIQUEIRA<\/p>\n<p>ANTONIO TIAGO DE MATOS QUIUMENTO<\/p>\n<p>CAMILA FARIAS RODRIGUES<\/p>\n<p>EMANOELE MARQUES SOUZA<\/p>\n<p>ERIKA DA CRUZ MEDEIROS ALVES<\/p>\n<p>FERNANDO ERMIRO DA SILVA<\/p>\n<p>\u00cdRIA RAMOS OLIVEIRA<\/p>\n<p>ISABEL FERREIRA VARGAS<\/p>\n<p>JULIANA GOULART NOGUEIRA<\/p>\n<p>KAIRANA DALLONGARO<\/p>\n<p>LUIZA DE OLIVEIRA TAROUCO<\/p>\n<p>M\u00c1RCIA ROSANE DA CUNHA DE QUADROS<\/p>\n<p>MARCOS BARBOSA DIAS FERREIRA<\/p>\n<p>MARINA DE OLIVEIRA ROSA<\/p>\n<p>MATEUS ALMEIDA DOS SANTOS<\/p>\n<p>NATHALIA RIBEIRO JORGE DA SILVA GARCIA<\/p>\n<p>NILTON ROBERTO PINHEIRO<\/p>\n<p>TAIN\u00c1 MELO SILVEIRA<\/p>\n<p>WILLIAM SILVA DAS NEVES<\/p>\n<p>&nbsp;<\/p>\n<p>&nbsp;<\/p>\n<p>&nbsp;<\/p>\n<p>&nbsp;<\/p>\n","protected":false},"excerpt":{"rendered":"<p>O N\u00facleo de A\u00e7\u00f5es Afirmativas e Diversidade (NUAAD) da UFPEL estabeleceu pr\u00e9-requisitos para a sele\u00e7\u00e3o de pessoas para atuarem nas Bancas de Heteroidentifica\u00e7\u00e3o, de acordo com a Instru\u00e7\u00e3o Normativa n\u00ba 23 de julho de 2023, do Minist\u00e9rio da Gest\u00e3o e da Inova\u00e7\u00e3o em Servi\u00e7os P\u00fablicos que estabelece a diversidade \u00e9tnico-racial (escolha de pessoas negras, ind\u00edgenas, &hellip; <\/p>\n<p><a class=\"more-link btn\" href=\"https:\/\/wp.ufpel.edu.br\/naaf\/2023\/09\/18\/nuaad-divulga-cadastro-de-reserva-edital-09-2023-bancas-de-heteroidentificacao\/\">Continue lendo<\/a><\/p>\n","protected":false},"author":1133,"featured_media":0,"comment_status":"closed","ping_status":"closed","sticky":false,"template":"","format":"standard","meta":{"jetpack_post_was_ever_published":false,"_jetpack_newsletter_access":"","_jetpack_dont_email_post_to_subs":false,"_jetpack_newsletter_tier_id":0,"_jetpack_memberships_contains_paywalled_content":false,"_jetpack_memberships_contains_paid_content":false,"footnotes":"","jetpack_publicize_message":"","jetpack_publicize_feature_enabled":true,"jetpack_social_post_already_shared":true,"jetpack_social_options":{"image_generator_settings":{"template":"highway","default_image_id":0,"font":"","enabled":false},"version":2}},"categories":[1],"tags":[],"class_list":["post-4325","post","type-post","status-publish","format-standard","hentry","category-noticias","item-wrap"],"jetpack_publicize_connections":[],"jetpack_featured_media_url":"","jetpack_sharing_enabled":true,"jetpack_shortlink":"https:\/\/wp.me\/p9uOP6-17L","jetpack_likes_enabled":true,"jetpack-related-posts":[{"id":4280,"url":"https:\/\/wp.ufpel.edu.br\/naaf\/2023\/09\/15\/selecionados-no-edital-09-2023-bancas-da-heteroidentificacao\/","url_meta":{"origin":4325,"position":0},"title":"Selecionados no Edital 09\/2023 &#8211; Bancas da Heteroidentifica\u00e7\u00e3o","author":"nuaad","date":"15\/09\/2023","format":false,"excerpt":"Selecionados Edital 09-2023 Bancas de Heteroidentifica\u00e7\u00e3o O N\u00facleo de A\u00e7\u00f5es Afirmativas e Diversidade (NUAAD) divulga a lista dos selecionados no Edital 09\/2023 que ir\u00e3o compor as Bancas de Heteroidentifica\u00e7\u00e3o dos ingressantes na gradua\u00e7\u00e3o e p\u00f3s gradua\u00e7\u00e3o da UFPEL, assim como de concursos de servidores e docentes da universidade, por at\u00e9\u2026","rel":"","context":"Em &quot;Not\u00edcias&quot;","block_context":{"text":"Not\u00edcias","link":"https:\/\/wp.ufpel.edu.br\/naaf\/category\/noticias\/"},"img":{"alt_text":"","src":"","width":0,"height":0},"classes":[]},{"id":2111,"url":"https:\/\/wp.ufpel.edu.br\/naaf\/2020\/07\/17\/nucleo-de-acoes-afirmativas-e-diversidade-informa-sobre-matricula-por-cota-etnico-racial-durante-periodo-da-pandemia-decorrente-do-coronavirus\/","url_meta":{"origin":4325,"position":1},"title":"N\u00facleo de A\u00e7\u00f5es Afirmativas e Diversidade informa sobre matr\u00edcula por cota \u00e9tnico-racial durante per\u00edodo da pandemia decorrente do coronav\u00edrus","author":"naaf","date":"17\/07\/2020","format":false,"excerpt":"O N\u00facleo de A\u00e7\u00f5es Afirmativas e Diversidade (NUAAD) informa que, em virtude da Emerg\u00eancia de Sa\u00fade P\u00fablica de Import\u00e2ncia Internacional decorrente da Covid-19, a avalia\u00e7\u00e3o da autodeclara\u00e7\u00e3o \u00e9tnico-racial, realizada por meio do procedimento de heteroidentifica\u00e7\u00e3o, ser\u00e1 realizada ap\u00f3s a retomada, pela UFPel, das atividades presenciais. Assim, a matr\u00edcula do(a) candidato(a)\u2026","rel":"","context":"Em &quot;Not\u00edcias&quot;","block_context":{"text":"Not\u00edcias","link":"https:\/\/wp.ufpel.edu.br\/naaf\/category\/noticias\/"},"img":{"alt_text":"","src":"","width":0,"height":0},"classes":[]},{"id":4725,"url":"https:\/\/wp.ufpel.edu.br\/naaf\/2024\/09\/23\/edital-bancas-de-heteroidentificacao-de-candidatos-as-optantes-por-cotas-raciais-para-pessoas-negras-pretas-ou-pardas\/","url_meta":{"origin":4325,"position":2},"title":"Edital &#8211; BANCAS DE HETEROIDENTIFICA\u00c7\u00c3O DE CANDIDATOS\/AS OPTANTES POR COTAS RACIAIS PARA PESSOAS NEGRAS (PRETAS OU PARDAS)","author":"nuaad","date":"23\/09\/2024","format":false,"excerpt":"O N\u00facleo de A\u00e7\u00f5es Afirmativas e Diversidade - Nuaad - da Coordena\u00e7\u00e3o de Diversidade e Inclus\u00e3o - Codin - da Universidade Federal de Pelotas - UFPel, torna p\u00fablico este edital para servidores(as) e docentes desta Universidade para fins de atua\u00e7\u00e3o nas BANCAS DE HETEROIDENTIFICA\u00c7\u00c3O DE CANDIDATOS\/AS OPTANTES POR COTAS RACIAIS\u2026","rel":"","context":"Em &quot;Edital&quot;","block_context":{"text":"Edital","link":"https:\/\/wp.ufpel.edu.br\/naaf\/category\/edital\/"},"img":{"alt_text":"","src":"","width":0,"height":0},"classes":[]},{"id":3221,"url":"https:\/\/wp.ufpel.edu.br\/naaf\/2022\/05\/24\/formacao-para-bancas-de-heteroidentifacao\/","url_meta":{"origin":4325,"position":3},"title":"Forma\u00e7\u00e3o para Bancas de Heteroidentifa\u00e7\u00e3o &#8211; 24 a 26 de Maio de 2022","author":"nuaad","date":"24\/05\/2022","format":false,"excerpt":"No dia de hoje (24\/05), inicia-se a Forma\u00e7\u00e3o para Bancas de Heteroidentifica\u00e7\u00e3o organizada pelo N\u00facleo de A\u00e7\u00f5es Afirmativas e Diversidade da Universidade Federal de Pelotas. Com o intuito de preparar quaisquer interessados em participar de bancas de heteroidentifica\u00e7\u00e3o, elemento t\u00e3o fundamental para um funcionamento pleno das cotas \u00e9tnico-raciais, a forma\u00e7\u00e3o\u2026","rel":"","context":"Em &quot;Eventos&quot;","block_context":{"text":"Eventos","link":"https:\/\/wp.ufpel.edu.br\/naaf\/category\/eventos\/"},"img":{"alt_text":"","src":"https:\/\/i0.wp.com\/wp.ufpel.edu.br\/naaf\/files\/2022\/05\/Formacao-Banca-400x400.png?resize=350%2C200&ssl=1","width":350,"height":200},"classes":[]},{"id":4747,"url":"https:\/\/wp.ufpel.edu.br\/naaf\/2024\/10\/08\/resultado-final-e-adiamento-do-iv-curso-de-formacao-para-bancas-de-heteroidentificacao\/","url_meta":{"origin":4325,"position":4},"title":"Resultado Final e Adiamento do IV Curso de Forma\u00e7\u00e3o para Bancas de Heteroidentifica\u00e7\u00e3o","author":"nuaad","date":"08\/10\/2024","format":false,"excerpt":"O N\u00facleo de A\u00e7\u00f5es Afirmativas e Diversidade (Nuaad) da UFPel informa que o IV Curso de Forma\u00e7\u00e3o para Bancas de Heteroidentifica\u00e7\u00e3o da UFPel, originalmente previsto para ocorrer nos dias 14 e 15 de outubro, ser\u00e1 adiado, em raz\u00e3o da paralisa\u00e7\u00e3o de atividades que ocorrer\u00e1 nos dias 15 e 16 de\u2026","rel":"","context":"Em &quot;Not\u00edcias&quot;","block_context":{"text":"Not\u00edcias","link":"https:\/\/wp.ufpel.edu.br\/naaf\/category\/noticias\/"},"img":{"alt_text":"","src":"","width":0,"height":0},"classes":[]},{"id":4269,"url":"https:\/\/wp.ufpel.edu.br\/naaf\/2023\/09\/13\/prazo-estendido-ate-14-09-2023-de-inscricoes-no-edital-9-2023-selecao-de-bancas-de-heteroidentificacao-da-ufpel\/","url_meta":{"origin":4325,"position":5},"title":"Prazo estendido at\u00e9 14\/09\/2023 de inscri\u00e7\u00f5es no Edital 9\/2023 &#8211; Sele\u00e7\u00e3o de Bancas de Heteroidentifica\u00e7\u00e3o da UFPEL","author":"nuaad","date":"13\/09\/2023","format":false,"excerpt":"No item n\u00ba 5 do Edital 9\/2023 de sele\u00e7\u00e3o para composi\u00e7\u00e3o das Bancas de Heteroidentifica\u00e7\u00e3o da UFPEL onde se l\u00ea: \"As inscri\u00e7\u00f5es ser\u00e3o realizadas atrav\u00e9s do formul\u00e1rio eletr\u00f4nico dispon\u00edvel em: Formul\u00e1rio, do dia 11 de setembro de 2023 at\u00e9 dia 13 de setembro de 2023\", altera-se para: \"do dia 11\u2026","rel":"","context":"Em &quot;Not\u00edcias&quot;","block_context":{"text":"Not\u00edcias","link":"https:\/\/wp.ufpel.edu.br\/naaf\/category\/noticias\/"},"img":{"alt_text":"","src":"","width":0,"height":0},"classes":[]}],"_links":{"self":[{"href":"https:\/\/wp.ufpel.edu.br\/naaf\/wp-json\/wp\/v2\/posts\/4325","targetHints":{"allow":["GET"]}}],"collection":[{"href":"https:\/\/wp.ufpel.edu.br\/naaf\/wp-json\/wp\/v2\/posts"}],"about":[{"href":"https:\/\/wp.ufpel.edu.br\/naaf\/wp-json\/wp\/v2\/types\/post"}],"author":[{"embeddable":true,"href":"https:\/\/wp.ufpel.edu.br\/naaf\/wp-json\/wp\/v2\/users\/1133"}],"replies":[{"embeddable":true,"href":"https:\/\/wp.ufpel.edu.br\/naaf\/wp-json\/wp\/v2\/comments?post=4325"}],"version-history":[{"count":1,"href":"https:\/\/wp.ufpel.edu.br\/naaf\/wp-json\/wp\/v2\/posts\/4325\/revisions"}],"predecessor-version":[{"id":4326,"href":"https:\/\/wp.ufpel.edu.br\/naaf\/wp-json\/wp\/v2\/posts\/4325\/revisions\/4326"}],"wp:attachment":[{"href":"https:\/\/wp.ufpel.edu.br\/naaf\/wp-json\/wp\/v2\/media?parent=4325"}],"wp:term":[{"taxonomy":"category","embeddable":true,"href":"https:\/\/wp.ufpel.edu.br\/naaf\/wp-json\/wp\/v2\/categories?post=4325"},{"taxonomy":"post_tag","embeddable":true,"href":"https:\/\/wp.ufpel.edu.br\/naaf\/wp-json\/wp\/v2\/tags?post=4325"}],"curies":[{"name":"wp","href":"https:\/\/api.w.org\/{rel}","templated":true}]}}