{"id":4262,"date":"2023-09-11T14:42:36","date_gmt":"2023-09-11T17:42:36","guid":{"rendered":"https:\/\/wp.ufpel.edu.br\/naaf\/?p=4262"},"modified":"2023-09-14T15:14:10","modified_gmt":"2023-09-14T18:14:10","slug":"abertas-inscricoes-para-pessoas-interessadas-em-compor-as-bancas-de-heteroidentificacao-da-ufpel-edital-9-2023","status":"publish","type":"post","link":"https:\/\/wp.ufpel.edu.br\/naaf\/2023\/09\/11\/abertas-inscricoes-para-pessoas-interessadas-em-compor-as-bancas-de-heteroidentificacao-da-ufpel-edital-9-2023\/","title":{"rendered":"Abertas inscri\u00e7\u00f5es para pessoas interessadas em compor as Bancas de Heteroidentifica\u00e7\u00e3o da UFPEL &#8211; \ufeffEdital\ufeff 9\/2023"},"content":{"rendered":"<p><span style=\"font-family: arial, helvetica, sans-serif;\">O NUAAD anuncia a abertura das inscri\u00e7\u00f5es para servidoras, servidores, estudantes da UFPel e pessoas da comunidade externa para agirem nas Bancas de Heteroidentifica\u00e7\u00e3o de candidatos e candidatas que escolheram por cotas raciais para pessoas negras (pretas ou pardas).<\/span><\/p>\n<p><span style=\"font-family: arial, helvetica, sans-serif;\">O per\u00edodo das inscri\u00e7\u00f5es \u00e9 de 11 a 13 de setembro, por meio do formulario eletronico no edital. Resultado final ser\u00e1 divulgado em 15 de setembro.<\/span><\/p>\n<p><span style=\"font-family: arial, helvetica, sans-serif;\">As atribui\u00e7\u00f5es, remunera\u00e7\u00e3o, demais detalhes referentes \u00e0 inscri\u00e7\u00e3o e outras informa\u00e7\u00f5es podem ser consultadas no edital:\u00a0<a href=\"https:\/\/ccs2.ufpel.edu.br\/wp\/wp-content\/uploads\/2023\/09\/SEI_UFPel-2339240-edital-bancas.pdf\">Edital 9\/2023<\/a><\/span><\/p>\n<p><span style=\"font-family: arial, helvetica, sans-serif;\">Para qualquer duvida contactar a comiss\u00e3o organizadora atrav\u00e9s<\/span><br \/>\n<span style=\"font-family: arial, helvetica, sans-serif;\">do e-mail: heteroidentificacao@ufpel.edu.br<\/span><\/p>\n","protected":false},"excerpt":{"rendered":"<p>O NUAAD anuncia a abertura das inscri\u00e7\u00f5es para servidoras, servidores, estudantes da UFPel e pessoas da comunidade externa para agirem nas Bancas de Heteroidentifica\u00e7\u00e3o de candidatos e candidatas que escolheram por cotas raciais para pessoas negras (pretas ou pardas). O per\u00edodo das inscri\u00e7\u00f5es \u00e9 de 11 a 13 de setembro, por meio do formulario eletronico &hellip; <\/p>\n<p><a class=\"more-link btn\" href=\"https:\/\/wp.ufpel.edu.br\/naaf\/2023\/09\/11\/abertas-inscricoes-para-pessoas-interessadas-em-compor-as-bancas-de-heteroidentificacao-da-ufpel-edital-9-2023\/\">Continue lendo<\/a><\/p>\n","protected":false},"author":781,"featured_media":0,"comment_status":"closed","ping_status":"closed","sticky":false,"template":"","format":"standard","meta":{"jetpack_post_was_ever_published":false,"_jetpack_newsletter_access":"","_jetpack_dont_email_post_to_subs":false,"_jetpack_newsletter_tier_id":0,"_jetpack_memberships_contains_paywalled_content":false,"_jetpack_memberships_contains_paid_content":false,"footnotes":"","jetpack_publicize_message":"","jetpack_publicize_feature_enabled":true,"jetpack_social_post_already_shared":true,"jetpack_social_options":{"image_generator_settings":{"template":"highway","default_image_id":0,"font":"","enabled":false},"version":2}},"categories":[59],"tags":[58,10],"class_list":["post-4262","post","type-post","status-publish","format-standard","hentry","category-banca-de-heteroidentificacao","tag-banca-de-heteroidentificacao","tag-bdi","item-wrap"],"jetpack_publicize_connections":[],"jetpack_featured_media_url":"","jetpack_sharing_enabled":true,"jetpack_shortlink":"https:\/\/wp.me\/p9uOP6-16K","jetpack_likes_enabled":true,"jetpack-related-posts":[{"id":4269,"url":"https:\/\/wp.ufpel.edu.br\/naaf\/2023\/09\/13\/prazo-estendido-ate-14-09-2023-de-inscricoes-no-edital-9-2023-selecao-de-bancas-de-heteroidentificacao-da-ufpel\/","url_meta":{"origin":4262,"position":0},"title":"Prazo estendido at\u00e9 14\/09\/2023 de inscri\u00e7\u00f5es no Edital 9\/2023 &#8211; Sele\u00e7\u00e3o de Bancas de Heteroidentifica\u00e7\u00e3o da UFPEL","author":"nuaad","date":"13\/09\/2023","format":false,"excerpt":"No item n\u00ba 5 do Edital 9\/2023 de sele\u00e7\u00e3o para composi\u00e7\u00e3o das Bancas de Heteroidentifica\u00e7\u00e3o da UFPEL onde se l\u00ea: \"As inscri\u00e7\u00f5es ser\u00e3o realizadas atrav\u00e9s do formul\u00e1rio eletr\u00f4nico dispon\u00edvel em: Formul\u00e1rio, do dia 11 de setembro de 2023 at\u00e9 dia 13 de setembro de 2023\", altera-se para: \"do dia 11\u2026","rel":"","context":"Em &quot;Not\u00edcias&quot;","block_context":{"text":"Not\u00edcias","link":"https:\/\/wp.ufpel.edu.br\/naaf\/category\/noticias\/"},"img":{"alt_text":"","src":"","width":0,"height":0},"classes":[]},{"id":4725,"url":"https:\/\/wp.ufpel.edu.br\/naaf\/2024\/09\/23\/edital-bancas-de-heteroidentificacao-de-candidatos-as-optantes-por-cotas-raciais-para-pessoas-negras-pretas-ou-pardas\/","url_meta":{"origin":4262,"position":1},"title":"Edital &#8211; BANCAS DE HETEROIDENTIFICA\u00c7\u00c3O DE CANDIDATOS\/AS OPTANTES POR COTAS RACIAIS PARA PESSOAS NEGRAS (PRETAS OU PARDAS)","author":"nuaad","date":"23\/09\/2024","format":false,"excerpt":"O N\u00facleo de A\u00e7\u00f5es Afirmativas e Diversidade - Nuaad - da Coordena\u00e7\u00e3o de Diversidade e Inclus\u00e3o - Codin - da Universidade Federal de Pelotas - UFPel, torna p\u00fablico este edital para servidores(as) e docentes desta Universidade para fins de atua\u00e7\u00e3o nas BANCAS DE HETEROIDENTIFICA\u00c7\u00c3O DE CANDIDATOS\/AS OPTANTES POR COTAS RACIAIS\u2026","rel":"","context":"Em &quot;Edital&quot;","block_context":{"text":"Edital","link":"https:\/\/wp.ufpel.edu.br\/naaf\/category\/edital\/"},"img":{"alt_text":"","src":"","width":0,"height":0},"classes":[]},{"id":4325,"url":"https:\/\/wp.ufpel.edu.br\/naaf\/2023\/09\/18\/nuaad-divulga-cadastro-de-reserva-edital-09-2023-bancas-de-heteroidentificacao\/","url_meta":{"origin":4262,"position":2},"title":"NUAAD divulga Cadastro de Reserva Edital 09\/2023 &#8211; Bancas de Heteroidentifica\u00e7\u00e3o","author":"nuaad","date":"18\/09\/2023","format":false,"excerpt":"O N\u00facleo de A\u00e7\u00f5es Afirmativas e Diversidade (NUAAD) da UFPEL estabeleceu pr\u00e9-requisitos para a sele\u00e7\u00e3o de pessoas para atuarem nas Bancas de Heteroidentifica\u00e7\u00e3o, de acordo com a Instru\u00e7\u00e3o Normativa n\u00ba 23 de julho de 2023, do Minist\u00e9rio da Gest\u00e3o e da Inova\u00e7\u00e3o em Servi\u00e7os P\u00fablicos que estabelece a diversidade \u00e9tnico-racial\u2026","rel":"","context":"Em &quot;Not\u00edcias&quot;","block_context":{"text":"Not\u00edcias","link":"https:\/\/wp.ufpel.edu.br\/naaf\/category\/noticias\/"},"img":{"alt_text":"","src":"","width":0,"height":0},"classes":[]},{"id":4740,"url":"https:\/\/wp.ufpel.edu.br\/naaf\/2024\/10\/01\/resultado-preliminar-das-inscricoes-para-o-iv-curso-de-formacao-para-bancas-de-heteroidentificacao\/","url_meta":{"origin":4262,"position":3},"title":"RESULTADO PRELIMINAR DAS INSCRI\u00c7\u00d5ES PARA O IV CURSO DE FORMA\u00c7\u00c3O PARA BANCAS DE HETEROIDENTIFICA\u00c7\u00c3O","author":"naaf","date":"01\/10\/2024","format":false,"excerpt":"O N\u00facleo de A\u00e7\u00f5es Afirmativas e Diversidade (Nuaad) da Coordena\u00e7\u00e3o de Diversidade e Inclus\u00e3o (Codin) da Universidade Federal de Pelotas (UFPel) torna p\u00fablico o resultado preliminar das inscri\u00e7\u00f5es para o IV Curso de Forma\u00e7\u00e3o para Bancas de Heteroidentifica\u00e7\u00e3o da UFPel, conforme o Edital Nuaad\/Codin n\u00ba 003\/2024. O prazo para interposi\u00e7\u00e3o\u2026","rel":"","context":"Em &quot;Not\u00edcias&quot;","block_context":{"text":"Not\u00edcias","link":"https:\/\/wp.ufpel.edu.br\/naaf\/category\/noticias\/"},"img":{"alt_text":"","src":"https:\/\/i0.wp.com\/wp.ufpel.edu.br\/naaf\/files\/2024\/10\/NUAAD-17-400x400.png?resize=350%2C200&ssl=1","width":350,"height":200},"classes":[]},{"id":4747,"url":"https:\/\/wp.ufpel.edu.br\/naaf\/2024\/10\/08\/resultado-final-e-adiamento-do-iv-curso-de-formacao-para-bancas-de-heteroidentificacao\/","url_meta":{"origin":4262,"position":4},"title":"Resultado Final e Adiamento do IV Curso de Forma\u00e7\u00e3o para Bancas de Heteroidentifica\u00e7\u00e3o","author":"nuaad","date":"08\/10\/2024","format":false,"excerpt":"O N\u00facleo de A\u00e7\u00f5es Afirmativas e Diversidade (Nuaad) da UFPel informa que o IV Curso de Forma\u00e7\u00e3o para Bancas de Heteroidentifica\u00e7\u00e3o da UFPel, originalmente previsto para ocorrer nos dias 14 e 15 de outubro, ser\u00e1 adiado, em raz\u00e3o da paralisa\u00e7\u00e3o de atividades que ocorrer\u00e1 nos dias 15 e 16 de\u2026","rel":"","context":"Em &quot;Not\u00edcias&quot;","block_context":{"text":"Not\u00edcias","link":"https:\/\/wp.ufpel.edu.br\/naaf\/category\/noticias\/"},"img":{"alt_text":"","src":"","width":0,"height":0},"classes":[]},{"id":4280,"url":"https:\/\/wp.ufpel.edu.br\/naaf\/2023\/09\/15\/selecionados-no-edital-09-2023-bancas-da-heteroidentificacao\/","url_meta":{"origin":4262,"position":5},"title":"Selecionados no Edital 09\/2023 &#8211; Bancas da Heteroidentifica\u00e7\u00e3o","author":"nuaad","date":"15\/09\/2023","format":false,"excerpt":"Selecionados Edital 09-2023 Bancas de Heteroidentifica\u00e7\u00e3o O N\u00facleo de A\u00e7\u00f5es Afirmativas e Diversidade (NUAAD) divulga a lista dos selecionados no Edital 09\/2023 que ir\u00e3o compor as Bancas de Heteroidentifica\u00e7\u00e3o dos ingressantes na gradua\u00e7\u00e3o e p\u00f3s gradua\u00e7\u00e3o da UFPEL, assim como de concursos de servidores e docentes da universidade, por at\u00e9\u2026","rel":"","context":"Em &quot;Not\u00edcias&quot;","block_context":{"text":"Not\u00edcias","link":"https:\/\/wp.ufpel.edu.br\/naaf\/category\/noticias\/"},"img":{"alt_text":"","src":"","width":0,"height":0},"classes":[]}],"_links":{"self":[{"href":"https:\/\/wp.ufpel.edu.br\/naaf\/wp-json\/wp\/v2\/posts\/4262","targetHints":{"allow":["GET"]}}],"collection":[{"href":"https:\/\/wp.ufpel.edu.br\/naaf\/wp-json\/wp\/v2\/posts"}],"about":[{"href":"https:\/\/wp.ufpel.edu.br\/naaf\/wp-json\/wp\/v2\/types\/post"}],"author":[{"embeddable":true,"href":"https:\/\/wp.ufpel.edu.br\/naaf\/wp-json\/wp\/v2\/users\/781"}],"replies":[{"embeddable":true,"href":"https:\/\/wp.ufpel.edu.br\/naaf\/wp-json\/wp\/v2\/comments?post=4262"}],"version-history":[{"count":2,"href":"https:\/\/wp.ufpel.edu.br\/naaf\/wp-json\/wp\/v2\/posts\/4262\/revisions"}],"predecessor-version":[{"id":4265,"href":"https:\/\/wp.ufpel.edu.br\/naaf\/wp-json\/wp\/v2\/posts\/4262\/revisions\/4265"}],"wp:attachment":[{"href":"https:\/\/wp.ufpel.edu.br\/naaf\/wp-json\/wp\/v2\/media?parent=4262"}],"wp:term":[{"taxonomy":"category","embeddable":true,"href":"https:\/\/wp.ufpel.edu.br\/naaf\/wp-json\/wp\/v2\/categories?post=4262"},{"taxonomy":"post_tag","embeddable":true,"href":"https:\/\/wp.ufpel.edu.br\/naaf\/wp-json\/wp\/v2\/tags?post=4262"}],"curies":[{"name":"wp","href":"https:\/\/api.w.org\/{rel}","templated":true}]}}