{"id":3976,"date":"2023-06-01T17:42:16","date_gmt":"2023-06-01T20:42:16","guid":{"rendered":"https:\/\/wp.ufpel.edu.br\/naaf\/?p=3976"},"modified":"2023-06-01T17:42:16","modified_gmt":"2023-06-01T20:42:16","slug":"resultado-de-heteroidentificacao-processo-seletivo-complementar","status":"publish","type":"post","link":"https:\/\/wp.ufpel.edu.br\/naaf\/2023\/06\/01\/resultado-de-heteroidentificacao-processo-seletivo-complementar\/","title":{"rendered":"Resultado de Heteroidentifica\u00e7\u00e3o &#8211; Processo seletivo complementar"},"content":{"rendered":"<p><strong>Transfer\u00eancia<\/strong><\/p>\n<table width=\"0\">\n<tbody>\n<tr>\n<td width=\"88\">23104336<\/td>\n<td width=\"205\">Tainara Bezerra de Almeida<\/td>\n<td width=\"142\">6600 \u2013 Psicologia<\/td>\n<td width=\"66\">L02<\/td>\n<td width=\"66\">Deferido<\/td>\n<\/tr>\n<\/tbody>\n<\/table>\n<p>&nbsp;<\/p>\n<p><strong>Retomada de Estudos<\/strong><\/p>\n<table width=\"0\">\n<tbody>\n<tr>\n<td width=\"88\">23104345<\/td>\n<td width=\"201\">Renata Duarte Amaro<\/td>\n<td width=\"148\">6600 \u2013 Psicologia<\/td>\n<td width=\"56\">L06<\/td>\n<td width=\"64\">Deferido<\/td>\n<\/tr>\n<\/tbody>\n<\/table>\n<p>&nbsp;<\/p>\n<p><strong>Reop\u00e7\u00e3o<\/strong><\/p>\n<table width=\"0\">\n<tbody>\n<tr>\n<td width=\"88\">23104413<\/td>\n<td width=\"193\">Roberto Tailor Costa Junior<\/td>\n<td width=\"175\">3220 \u2013 Ci\u00eancias Sociais<\/td>\n<td width=\"47\">L02<\/td>\n<td width=\"64\">Deferido<\/td>\n<\/tr>\n<tr>\n<td width=\"88\">23104454<\/td>\n<td width=\"193\">Emily Litiele de Matos da Silva<\/td>\n<td width=\"175\">6300 \u2013 Engenharia Civil<\/td>\n<td width=\"47\">L06<\/td>\n<td width=\"64\">Deferido<\/td>\n<\/tr>\n<\/tbody>\n<\/table>\n<p>&nbsp;<\/p>\n","protected":false},"excerpt":{"rendered":"<p>Transfer\u00eancia 23104336 Tainara Bezerra de Almeida 6600 \u2013 Psicologia L02 Deferido &nbsp; Retomada de Estudos 23104345 Renata Duarte Amaro 6600 \u2013 Psicologia L06 Deferido &nbsp; Reop\u00e7\u00e3o 23104413 Roberto Tailor Costa Junior 3220 \u2013 Ci\u00eancias Sociais L02 Deferido 23104454 Emily Litiele de Matos da Silva 6300 \u2013 Engenharia Civil L06 Deferido &nbsp;<\/p>\n","protected":false},"author":1133,"featured_media":0,"comment_status":"closed","ping_status":"closed","sticky":false,"template":"","format":"standard","meta":{"_jetpack_newsletter_access":"","_jetpack_dont_email_post_to_subs":false,"_jetpack_newsletter_tier_id":0,"_jetpack_memberships_contains_paywalled_content":false,"_jetpack_feature_clip_id":0,"_jetpack_memberships_contains_paid_content":false,"footnotes":"","jetpack_publicize_message":"","jetpack_publicize_feature_enabled":true,"jetpack_social_post_already_shared":true,"jetpack_social_options":{"image_generator_settings":{"template":"highway","default_image_id":0,"font":"","enabled":false},"version":2},"jetpack_post_was_ever_published":false},"categories":[1],"tags":[],"class_list":["post-3976","post","type-post","status-publish","format-standard","hentry","category-noticias","item-wrap"],"jetpack_publicize_connections":[],"jetpack_featured_media_url":"","jetpack_sharing_enabled":true,"jetpack_shortlink":"https:\/\/wp.me\/p9uOP6-128","jetpack_likes_enabled":true,"jetpack-related-posts":[{"id":3952,"url":"https:\/\/wp.ufpel.edu.br\/naaf\/2023\/05\/26\/banca-de-heteroidentificacao-processo-seletivo-complementar\/","url_meta":{"origin":3976,"position":0},"title":"Banca de Heteroidentifica\u00e7\u00e3o &#8211; Processo Seletivo Complementar","author":"nuaad","date":"26\/05\/2023","format":false,"excerpt":"Dia 31\/05\/2023 \u2013 Sala 406-B \u2013 Campus Anglo Hor\u00e1rios Transfer\u00eancia 23104336 Tainara Bezerra de Almeida 6600 - Psicologia L02 8h30 \u00a0 23104307 Paulo Vitor Lima Padilha Engenharia Civil L06 8h40 \u00a0 Retomada de Estudos 23104345 Renata Duarte Amaro 6600 - Psicologia L06 8h50 \u00a0 Reop\u00e7\u00e3o 23104413 Roberto Tailor Costa Junior\u2026","rel":"","context":"Em &quot;Not\u00edcias&quot;","block_context":{"text":"Not\u00edcias","link":"https:\/\/wp.ufpel.edu.br\/naaf\/category\/noticias\/"},"img":{"alt_text":"","src":"","width":0,"height":0},"classes":[]},{"id":3425,"url":"https:\/\/wp.ufpel.edu.br\/naaf\/2022\/08\/24\/banca-de-heteroidentificacao-ingressantes-2022-1-lista-de-espera-4a-chamada-especial-sisu-e-pave\/","url_meta":{"origin":3976,"position":1},"title":"Banca de Heteroidentifica\u00e7\u00e3o &#8211; ingressantes 2022\/1 &#8211;\u00a0 Lista de Espera &#8211; SISU e PAVE &#8211;","author":"nuaad","date":"24\/08\/2022","format":false,"excerpt":"O NUAAD\u00a0 informa os hor\u00e1rios da Banca de Heteroidentifica\u00e7\u00e3o dos ingressantes 2022\/1 -\u00a0 Lista de Espera -\u00a0 Chamada Especial - SISU e PAVE - que ocorrer\u00e1 no dia 31 de agosto de 2022, a partir das 9h, no Campus Anglo - Sala de Reuni\u00f5es da Secretaria dos Conselhos Superiores -\u2026","rel":"","context":"Em &quot;Not\u00edcias&quot;","block_context":{"text":"Not\u00edcias","link":"https:\/\/wp.ufpel.edu.br\/naaf\/category\/noticias\/"},"img":{"alt_text":"","src":"","width":0,"height":0},"classes":[]},{"id":3579,"url":"https:\/\/wp.ufpel.edu.br\/naaf\/2023\/01\/06\/nuaad-informa-horarios-da-banca-de-heteroidentificacao-de-12-01-2023\/","url_meta":{"origin":3976,"position":2},"title":"NUAAD informa hor\u00e1rios da banca de heteroidentifica\u00e7\u00e3o de 12\/01\/2023","author":"nuaad","date":"06\/01\/2023","format":false,"excerpt":"Processos Complementares - Editais 27 e 29\/2022 \u00a0Local \u2013 Sala de Reuni\u00f5es da Secretaria dos Conselhos Superiores Campus Anglo \u2013 4\u00ba Andar \u2013 Bloco B Rua Gomes Carneiro, n\u00ba 01 - Pelotas \u00a0 Hor\u00e1rios de Comparecimento Edital 27\/2022 - Portador de Diploma L02 22203107 - MARCOS VIEIRA DOS SANTOS -\u2026","rel":"","context":"Em &quot;Not\u00edcias&quot;","block_context":{"text":"Not\u00edcias","link":"https:\/\/wp.ufpel.edu.br\/naaf\/category\/noticias\/"},"img":{"alt_text":"","src":"","width":0,"height":0},"classes":[]},{"id":4068,"url":"https:\/\/wp.ufpel.edu.br\/naaf\/2023\/07\/04\/aviso-sobre-heteroidentificacoes-pendentes\/","url_meta":{"origin":3976,"position":3},"title":"Aviso sobre heteroidentifica\u00e7\u00f5es pendentes","author":"nuaad","date":"04\/07\/2023","format":false,"excerpt":"O NUAAD informa que no dia 10\/07\/2023, no turno da manh\u00e3, ser\u00e1 realizada a \u00faltima banca de heteroidentifica\u00e7\u00e3o de 2023\/1. Todas as pessoas que ingressaram em 2023\/1 pelas cotas L02, L06, L10 ou L14 e que ainda t\u00eam heteroidentifica\u00e7\u00e3o n\u00e3o realizada dever\u00e3o comparecer nessa data, na sala 406-B (SAEE-NUAAD), \u00e0s\u2026","rel":"","context":"Em &quot;Not\u00edcias&quot;","block_context":{"text":"Not\u00edcias","link":"https:\/\/wp.ufpel.edu.br\/naaf\/category\/noticias\/"},"img":{"alt_text":"","src":"","width":0,"height":0},"classes":[]},{"id":2318,"url":"https:\/\/wp.ufpel.edu.br\/naaf\/2020\/11\/11\/ufpeltalksconsciencianegra\/","url_meta":{"origin":3976,"position":4},"title":"N\u00facleo de A\u00e7\u00f5es Afirmativas e Diversidade promove roda de conversa sobre Sa\u00fade da Popula\u00e7\u00e3o Negra","author":"naaf","date":"11\/11\/2020","format":false,"excerpt":"Em celebra\u00e7\u00e3o ao Dia Nacional da Consci\u00eancia Negra, o N\u00facleo de A\u00e7\u00f5es Afirmativas e Diversidade, em parceria com o projeto UFPel Talks, promove, no dia 20 de novembro de 2020, \u00e0s 18:30, uma roda de conversa com o tema \"Sa\u00fade da Popula\u00e7\u00e3o Negra\". Os debatedores convidados s\u00e3o: Fernanda Souza de\u2026","rel":"","context":"Em &quot;Eventos&quot;","block_context":{"text":"Eventos","link":"https:\/\/wp.ufpel.edu.br\/naaf\/category\/eventos\/"},"img":{"alt_text":"","src":"https:\/\/i0.wp.com\/wp.ufpel.edu.br\/naaf\/files\/2020\/11\/WhatsApp-Image-2020-11-11-at-06.41.51-400x400.jpeg?resize=350%2C200&ssl=1","width":350,"height":200},"classes":[]},{"id":2417,"url":"https:\/\/wp.ufpel.edu.br\/naaf\/2021\/04\/19\/divulgacao-de-resultado-edital-001-2021-bolsas-de-desenvolvimento-institucional\/","url_meta":{"origin":3976,"position":5},"title":"Divulga\u00e7\u00e3o de Resultado &#8211; Edital 001\/2021 &#8211; Bolsas de Desenvolvimento Institucional","author":"nuaad","date":"19\/04\/2021","format":false,"excerpt":"Curso Classifica\u00e7\u00e3o Modalidade Matr\u00edcula Direito 1\u00ba AC 19300188 2\u00ba AC 20300006 Administra\u00e7\u00e3o 1\u00ba AC 16200076 2\u00ba AC 19102070 Pedagogia 1\u00ba AAF 19200623 Design \/ Artes 1\u00ba AAF 17201016 Antropologia 1\u00ba DS 20100244 2\u00ba DS 19101459 Psicologia 1\u00ba DS 17200473 2\u00ba DS 19200205 3\u00ba DS 17200580 Jornalismo 1\u00ba DS 19101578 Os\u2026","rel":"","context":"Em &quot;Not\u00edcias&quot;","block_context":{"text":"Not\u00edcias","link":"https:\/\/wp.ufpel.edu.br\/naaf\/category\/noticias\/"},"img":{"alt_text":"","src":"","width":0,"height":0},"classes":[]}],"_links":{"self":[{"href":"https:\/\/wp.ufpel.edu.br\/naaf\/wp-json\/wp\/v2\/posts\/3976","targetHints":{"allow":["GET"]}}],"collection":[{"href":"https:\/\/wp.ufpel.edu.br\/naaf\/wp-json\/wp\/v2\/posts"}],"about":[{"href":"https:\/\/wp.ufpel.edu.br\/naaf\/wp-json\/wp\/v2\/types\/post"}],"author":[{"embeddable":true,"href":"https:\/\/wp.ufpel.edu.br\/naaf\/wp-json\/wp\/v2\/users\/1133"}],"replies":[{"embeddable":true,"href":"https:\/\/wp.ufpel.edu.br\/naaf\/wp-json\/wp\/v2\/comments?post=3976"}],"version-history":[{"count":1,"href":"https:\/\/wp.ufpel.edu.br\/naaf\/wp-json\/wp\/v2\/posts\/3976\/revisions"}],"predecessor-version":[{"id":3977,"href":"https:\/\/wp.ufpel.edu.br\/naaf\/wp-json\/wp\/v2\/posts\/3976\/revisions\/3977"}],"wp:attachment":[{"href":"https:\/\/wp.ufpel.edu.br\/naaf\/wp-json\/wp\/v2\/media?parent=3976"}],"wp:term":[{"taxonomy":"category","embeddable":true,"href":"https:\/\/wp.ufpel.edu.br\/naaf\/wp-json\/wp\/v2\/categories?post=3976"},{"taxonomy":"post_tag","embeddable":true,"href":"https:\/\/wp.ufpel.edu.br\/naaf\/wp-json\/wp\/v2\/tags?post=3976"}],"curies":[{"name":"wp","href":"https:\/\/api.w.org\/{rel}","templated":true}]}}