{"id":3088,"date":"2022-04-18T08:51:54","date_gmt":"2022-04-18T11:51:54","guid":{"rendered":"https:\/\/wp.ufpel.edu.br\/naaf\/?p=3088"},"modified":"2022-04-18T08:52:58","modified_gmt":"2022-04-18T11:52:58","slug":"programa-universidade-territorio-indigena","status":"publish","type":"post","link":"https:\/\/wp.ufpel.edu.br\/naaf\/2022\/04\/18\/programa-universidade-territorio-indigena\/","title":{"rendered":"Programa &#8220;Universidade Territ\u00f3rio Ind\u00edgena&#8221; &#8211; 22 de Abril de 2022"},"content":{"rendered":"<p><img data-recalc-dims=\"1\" loading=\"lazy\" decoding=\"async\" data-attachment-id=\"3089\" data-permalink=\"https:\/\/wp.ufpel.edu.br\/naaf\/2022\/04\/18\/programa-universidade-territorio-indigena\/whatsapp-image-2022-04-18-at-08-15-25\/\" data-orig-file=\"https:\/\/i0.wp.com\/wp.ufpel.edu.br\/naaf\/files\/2022\/04\/WhatsApp-Image-2022-04-18-at-08.15.25.jpeg?fit=866%2C954&amp;ssl=1\" data-orig-size=\"866,954\" data-comments-opened=\"0\" data-image-meta=\"{&quot;aperture&quot;:&quot;0&quot;,&quot;credit&quot;:&quot;&quot;,&quot;camera&quot;:&quot;&quot;,&quot;caption&quot;:&quot;&quot;,&quot;created_timestamp&quot;:&quot;0&quot;,&quot;copyright&quot;:&quot;&quot;,&quot;focal_length&quot;:&quot;0&quot;,&quot;iso&quot;:&quot;0&quot;,&quot;shutter_speed&quot;:&quot;0&quot;,&quot;title&quot;:&quot;&quot;,&quot;orientation&quot;:&quot;0&quot;}\" data-image-title=\"WhatsApp Image 2022-04-18 at 08.15.25\" data-image-description=\"\" data-image-caption=\"\" data-medium-file=\"https:\/\/i0.wp.com\/wp.ufpel.edu.br\/naaf\/files\/2022\/04\/WhatsApp-Image-2022-04-18-at-08.15.25.jpeg?fit=363%2C400&amp;ssl=1\" data-large-file=\"https:\/\/i0.wp.com\/wp.ufpel.edu.br\/naaf\/files\/2022\/04\/WhatsApp-Image-2022-04-18-at-08.15.25.jpeg?fit=750%2C826&amp;ssl=1\" class=\"alignnone size-medium wp-image-3089\" src=\"https:\/\/i0.wp.com\/wp.ufpel.edu.br\/naaf\/files\/2022\/04\/WhatsApp-Image-2022-04-18-at-08.15.25.jpeg?resize=363%2C400&#038;ssl=1\" alt=\"\" width=\"363\" height=\"400\" srcset=\"https:\/\/i0.wp.com\/wp.ufpel.edu.br\/naaf\/files\/2022\/04\/WhatsApp-Image-2022-04-18-at-08.15.25.jpeg?resize=363%2C400&amp;ssl=1 363w, https:\/\/i0.wp.com\/wp.ufpel.edu.br\/naaf\/files\/2022\/04\/WhatsApp-Image-2022-04-18-at-08.15.25.jpeg?resize=768%2C846&amp;ssl=1 768w, https:\/\/i0.wp.com\/wp.ufpel.edu.br\/naaf\/files\/2022\/04\/WhatsApp-Image-2022-04-18-at-08.15.25.jpeg?resize=750%2C826&amp;ssl=1 750w, https:\/\/i0.wp.com\/wp.ufpel.edu.br\/naaf\/files\/2022\/04\/WhatsApp-Image-2022-04-18-at-08.15.25.jpeg?w=866&amp;ssl=1 866w\" sizes=\"auto, (max-width: 363px) 100vw, 363px\" \/><\/p>\n<p style=\"text-align: justify;\">O NUAAD divulga o programa &#8220;Universidade Territ\u00f3rio Ind\u00edgena&#8221;\u00a0 que acontecer\u00e1 na r\u00e1dio 104.5 FM &#8211; RadioCom, no dia 23 de abril (s\u00e1bado), \u00e0s 16:30. O programa \u00e9 organizado pelo N\u00f3s, Nosotros: Antropofonias\u00a0 e Charlas dos cursos de Antropologia e Arqueologia da UFPel e em parceria com o N\u00facleo de Etnologia Amer\u00edndia (NETA) da UFPel.<\/p>\n","protected":false},"excerpt":{"rendered":"<p>O NUAAD divulga o programa &#8220;Universidade Territ\u00f3rio Ind\u00edgena&#8221;\u00a0 que acontecer\u00e1 na r\u00e1dio 104.5 FM &#8211; RadioCom, no dia 23 de abril (s\u00e1bado), \u00e0s 16:30. O programa \u00e9 organizado pelo N\u00f3s, Nosotros: Antropofonias\u00a0 e Charlas dos cursos de Antropologia e Arqueologia da UFPel e em parceria com o N\u00facleo de Etnologia Amer\u00edndia (NETA) da UFPel.<\/p>\n","protected":false},"author":1133,"featured_media":0,"comment_status":"closed","ping_status":"closed","sticky":false,"template":"","format":"standard","meta":{"jetpack_post_was_ever_published":false,"_jetpack_newsletter_access":"","_jetpack_dont_email_post_to_subs":false,"_jetpack_newsletter_tier_id":0,"_jetpack_memberships_contains_paywalled_content":false,"_jetpack_memberships_contains_paid_content":false,"footnotes":"","jetpack_publicize_message":"","jetpack_publicize_feature_enabled":true,"jetpack_social_post_already_shared":true,"jetpack_social_options":{"image_generator_settings":{"template":"highway","default_image_id":0,"font":"","enabled":false},"version":2}},"categories":[50],"tags":[],"class_list":["post-3088","post","type-post","status-publish","format-standard","hentry","category-eventos","item-wrap"],"jetpack_publicize_connections":[],"jetpack_featured_media_url":"","jetpack_sharing_enabled":true,"jetpack_shortlink":"https:\/\/wp.me\/p9uOP6-NO","jetpack_likes_enabled":true,"jetpack-related-posts":[{"id":4407,"url":"https:\/\/wp.ufpel.edu.br\/naaf\/2023\/10\/20\/estudante-indigena-do-curso-de-enfermagem-representa-coletivo-de-estudantes-no-x-encontro-nacional-dos-estudantes-indigenas-enei-em-joao-pessoa-araiba-2023\/","url_meta":{"origin":3088,"position":0},"title":"Estudante Ind\u00edgena do Curso de Enfermagem representa coletivo de estudantes no X Encontro Nacional dos Estudantes Ind\u00edgenas &#8211; ENEI em Jo\u00e3o Pessoa, Para\u00edba 2023","author":"nuaad","date":"20\/10\/2023","format":false,"excerpt":"A estudante ind\u00edgena do Curso de Enfermagem,\u00a0 Z\u00e9zinha da Silva, viajou \u00e0 Jo\u00e3o Pessoa, na Para\u00edba para participar e representar o coletivo de estudantes ind\u00edgenas da UFPel, no X Encontro Nacional de Estudantes Ind\u00edgenas onde discutem a tem\u00e1tica: \"An\u00e1lise e conjuntura da presen\u00e7a ind\u00edgena no ensino superior na \u00faltima d\u00e9cada\u201d,\u2026","rel":"","context":"Em &quot;Not\u00edcias&quot;","block_context":{"text":"Not\u00edcias","link":"https:\/\/wp.ufpel.edu.br\/naaf\/category\/noticias\/"},"img":{"alt_text":"","src":"https:\/\/i0.wp.com\/wp.ufpel.edu.br\/naaf\/files\/2023\/10\/WhatsApp-Image-2023-10-19-at-18.35.44-400x353.jpeg?resize=350%2C200&ssl=1","width":350,"height":200},"classes":[]},{"id":744,"url":"https:\/\/wp.ufpel.edu.br\/naaf\/2018\/06\/22\/alunos-indigenas-e-quilombolas-da-ufpel-estao-em-brasilia-df-lutando-pelo-beneficio-da-bolsa-permanencia\/","url_meta":{"origin":3088,"position":1},"title":"Alunos Ind\u00edgenas e Quilombolas da UFPel em Bras\u00edlia-DF lutando pelo benef\u00edcio da Bolsa Perman\u00eancia","author":"naaf","date":"22\/06\/2018","format":false,"excerpt":"No dia 19 de junho de 2018, alunos ind\u00edgenas e quilombolas da UFPel estiveram presentes em um protesto na cidade de Bras\u00edlia-DF, para a luta do Programa de Bolsa Perman\u00eancia (PBP) que \u00e9 uma auxilio financeiro que tem o objetivo de diminuir as desigualdades sociais. O benef\u00edcio contribui para a\u2026","rel":"","context":"Em &quot;Not\u00edcias&quot;","block_context":{"text":"Not\u00edcias","link":"https:\/\/wp.ufpel.edu.br\/naaf\/category\/noticias\/"},"img":{"alt_text":"","src":"https:\/\/i0.wp.com\/wp.ufpel.edu.br\/naaf\/files\/2018\/06\/WhatsApp-Image-2018-06-20-at-2.58.35-PM.jpeg?resize=350%2C200","width":350,"height":200,"srcset":"https:\/\/i0.wp.com\/wp.ufpel.edu.br\/naaf\/files\/2018\/06\/WhatsApp-Image-2018-06-20-at-2.58.35-PM.jpeg?resize=350%2C200 1x, https:\/\/i0.wp.com\/wp.ufpel.edu.br\/naaf\/files\/2018\/06\/WhatsApp-Image-2018-06-20-at-2.58.35-PM.jpeg?resize=525%2C300 1.5x, https:\/\/i0.wp.com\/wp.ufpel.edu.br\/naaf\/files\/2018\/06\/WhatsApp-Image-2018-06-20-at-2.58.35-PM.jpeg?resize=700%2C400 2x, https:\/\/i0.wp.com\/wp.ufpel.edu.br\/naaf\/files\/2018\/06\/WhatsApp-Image-2018-06-20-at-2.58.35-PM.jpeg?resize=1050%2C600 3x"},"classes":[]},{"id":2318,"url":"https:\/\/wp.ufpel.edu.br\/naaf\/2020\/11\/11\/ufpeltalksconsciencianegra\/","url_meta":{"origin":3088,"position":2},"title":"N\u00facleo de A\u00e7\u00f5es Afirmativas e Diversidade promove roda de conversa sobre Sa\u00fade da Popula\u00e7\u00e3o Negra","author":"naaf","date":"11\/11\/2020","format":false,"excerpt":"Em celebra\u00e7\u00e3o ao Dia Nacional da Consci\u00eancia Negra, o N\u00facleo de A\u00e7\u00f5es Afirmativas e Diversidade, em parceria com o projeto UFPel Talks, promove, no dia 20 de novembro de 2020, \u00e0s 18:30, uma roda de conversa com o tema \"Sa\u00fade da Popula\u00e7\u00e3o Negra\". Os debatedores convidados s\u00e3o: Fernanda Souza de\u2026","rel":"","context":"Em &quot;Eventos&quot;","block_context":{"text":"Eventos","link":"https:\/\/wp.ufpel.edu.br\/naaf\/category\/eventos\/"},"img":{"alt_text":"","src":"https:\/\/i0.wp.com\/wp.ufpel.edu.br\/naaf\/files\/2020\/11\/WhatsApp-Image-2020-11-11-at-06.41.51-400x400.jpeg?resize=350%2C200&ssl=1","width":350,"height":200},"classes":[]},{"id":2546,"url":"https:\/\/wp.ufpel.edu.br\/naaf\/2021\/07\/28\/a-importancia-dos-auxilios-financeiros-para-a-permanencia-estudantil-na-universidade\/","url_meta":{"origin":3088,"position":3},"title":"A import\u00e2ncia dos aux\u00edlios financeiros para a perman\u00eancia estudantil na Universidade","author":"nuaad","date":"28\/07\/2021","format":false,"excerpt":"Autora: Larissa Bruno \/ Designer: Juliana Cavalheiro A crise sanit\u00e1ria e econ\u00f4mica que afetou o mundo a partir de 2020, ocasionadas pelo v\u00edrus da Covid-19, tamb\u00e9m afeta a educa\u00e7\u00e3o. Em 2021, no Brasil, o Minist\u00e9rio da Educa\u00e7\u00e3o (MEC) teve R$2,7 bilh\u00f5es bloqueados, o equivalente a 30% do total do recursos,\u2026","rel":"","context":"Em &quot;Not\u00edcias&quot;","block_context":{"text":"Not\u00edcias","link":"https:\/\/wp.ufpel.edu.br\/naaf\/category\/noticias\/"},"img":{"alt_text":"","src":"https:\/\/i0.wp.com\/wp.ufpel.edu.br\/naaf\/files\/2021\/07\/WhatsApp-Image-2021-07-28-at-12.56.39.jpeg?fit=1080%2C1080&ssl=1&resize=350%2C200","width":350,"height":200,"srcset":"https:\/\/i0.wp.com\/wp.ufpel.edu.br\/naaf\/files\/2021\/07\/WhatsApp-Image-2021-07-28-at-12.56.39.jpeg?fit=1080%2C1080&ssl=1&resize=350%2C200 1x, https:\/\/i0.wp.com\/wp.ufpel.edu.br\/naaf\/files\/2021\/07\/WhatsApp-Image-2021-07-28-at-12.56.39.jpeg?fit=1080%2C1080&ssl=1&resize=525%2C300 1.5x, https:\/\/i0.wp.com\/wp.ufpel.edu.br\/naaf\/files\/2021\/07\/WhatsApp-Image-2021-07-28-at-12.56.39.jpeg?fit=1080%2C1080&ssl=1&resize=700%2C400 2x, https:\/\/i0.wp.com\/wp.ufpel.edu.br\/naaf\/files\/2021\/07\/WhatsApp-Image-2021-07-28-at-12.56.39.jpeg?fit=1080%2C1080&ssl=1&resize=1050%2C600 3x"},"classes":[]},{"id":3846,"url":"https:\/\/wp.ufpel.edu.br\/naaf\/2023\/04\/10\/evento-sabedoria-e-resistencia\/","url_meta":{"origin":3088,"position":4},"title":"Evento: Sabedoria e resist\u00eancia","author":"nuaad","date":"10\/04\/2023","format":false,"excerpt":"\u00a0 \u00a0 \u00a0 \u00a0 \u00a0 \u00a0 \u00a0 \u00a0 \u00a0 \u00a0 \u00a0 \u00a0 \u00a0 \u00a0 \u00a0 \u00a0 \u00a0 \u00a0 \u00a0 \u00a0 \u00a0 \u00a0 \u00a0 \u00a0 \u00a0 \u00a0 \u00a0 \u00a0 \u00a0 \u00a0 \u00a0 \u00a0 \u00a0 \u00a0 \u00a0 \u00a0 \u00a0 \u00a0 \u00a0 \u00a0 \u00a0 \u00a0 \u00a0 \u00a0 \u00a0 \u00a0 \u00a0 \u00a0 \u00a0 \u00a0\u2026","rel":"","context":"Em &quot;Not\u00edcias&quot;","block_context":{"text":"Not\u00edcias","link":"https:\/\/wp.ufpel.edu.br\/naaf\/category\/noticias\/"},"img":{"alt_text":"","src":"https:\/\/i0.wp.com\/wp.ufpel.edu.br\/naaf\/files\/2023\/04\/WhatsApp-Image-2023-04-10-at-09.09.03-400x283.jpeg?resize=350%2C200&ssl=1","width":350,"height":200},"classes":[]},{"id":2482,"url":"https:\/\/wp.ufpel.edu.br\/naaf\/2021\/05\/25\/fique-por-dentro-do-cronograma-da-sala-de-apoio-pedagogico-do-nuaad\/","url_meta":{"origin":3088,"position":5},"title":"Fique por dentro do cronograma da sala de apoio pedag\u00f3gico do NUAAD","author":"nuaad","date":"25\/05\/2021","format":false,"excerpt":"O NUAAD, atrav\u00e9s de sua Sala de Apoio Pedag\u00f3gico, informa a agenda das atividades que ser\u00e3o desenvolvidas entre os dias 24\/05 e 28\/05. CRONOGRAMA 26\/5 (quarta-feira) 10:00 - 11:30:\u00a0\"Compartilhando viv\u00eancias em meio a pandemia do Coronav\u00edrus e o resgate da\u00a0hist\u00f3ria do movimento quilombola e ind\u00edgena dentro e fora da universidade\",\u2026","rel":"","context":"Em &quot;Eventos&quot;","block_context":{"text":"Eventos","link":"https:\/\/wp.ufpel.edu.br\/naaf\/category\/eventos\/"},"img":{"alt_text":"","src":"https:\/\/i0.wp.com\/wp.ufpel.edu.br\/naaf\/files\/2017\/09\/icone-site.jpg?resize=350%2C200&ssl=1","width":350,"height":200},"classes":[]}],"_links":{"self":[{"href":"https:\/\/wp.ufpel.edu.br\/naaf\/wp-json\/wp\/v2\/posts\/3088","targetHints":{"allow":["GET"]}}],"collection":[{"href":"https:\/\/wp.ufpel.edu.br\/naaf\/wp-json\/wp\/v2\/posts"}],"about":[{"href":"https:\/\/wp.ufpel.edu.br\/naaf\/wp-json\/wp\/v2\/types\/post"}],"author":[{"embeddable":true,"href":"https:\/\/wp.ufpel.edu.br\/naaf\/wp-json\/wp\/v2\/users\/1133"}],"replies":[{"embeddable":true,"href":"https:\/\/wp.ufpel.edu.br\/naaf\/wp-json\/wp\/v2\/comments?post=3088"}],"version-history":[{"count":3,"href":"https:\/\/wp.ufpel.edu.br\/naaf\/wp-json\/wp\/v2\/posts\/3088\/revisions"}],"predecessor-version":[{"id":3092,"href":"https:\/\/wp.ufpel.edu.br\/naaf\/wp-json\/wp\/v2\/posts\/3088\/revisions\/3092"}],"wp:attachment":[{"href":"https:\/\/wp.ufpel.edu.br\/naaf\/wp-json\/wp\/v2\/media?parent=3088"}],"wp:term":[{"taxonomy":"category","embeddable":true,"href":"https:\/\/wp.ufpel.edu.br\/naaf\/wp-json\/wp\/v2\/categories?post=3088"},{"taxonomy":"post_tag","embeddable":true,"href":"https:\/\/wp.ufpel.edu.br\/naaf\/wp-json\/wp\/v2\/tags?post=3088"}],"curies":[{"name":"wp","href":"https:\/\/api.w.org\/{rel}","templated":true}]}}