{"id":2530,"date":"2021-06-23T16:16:36","date_gmt":"2021-06-23T19:16:36","guid":{"rendered":"https:\/\/wp.ufpel.edu.br\/naaf\/?p=2530"},"modified":"2022-03-29T09:17:51","modified_gmt":"2022-03-29T12:17:51","slug":"confira-a-programacao-desta-semana-da-sala-de-apoio-pedagogico-3","status":"publish","type":"post","link":"https:\/\/wp.ufpel.edu.br\/naaf\/2021\/06\/23\/confira-a-programacao-desta-semana-da-sala-de-apoio-pedagogico-3\/","title":{"rendered":"Confira a programa\u00e7\u00e3o desta semana da Sala de Apoio Pedag\u00f3gico!"},"content":{"rendered":"<p><em>Escrito por<\/em> <strong>Renata Peres\u00a0<\/strong>\/ <em>Arte de<\/em> <strong>Juliana Cavalheiro<\/strong><\/p>\n<p>A Equipe do Apoio Pedag\u00f3gico do NUAAD convida os estudantes Ind\u00edgenas, Quilombolas e Cotistas de A\u00e7\u00f5es Afirmativas para uma roda de chimarr\u00e3o para encerramento do semestre.<\/p>\n<p>O Encontro vai acontecer na Sexta-Feira, dia<strong> 25 de junho<\/strong>, \u00e0s <strong>18h<\/strong>, atrav\u00e9s do WebConf: <a href=\"https:\/\/webconf2.ufpel.edu.br\/b\/rej-ppt-gc3\">https:\/\/webconf2.ufpel.edu.br\/b\/rej-ppt-gc3<\/a><\/p>\n<p>Aguardamos voc\u00eas!<\/p>\n<p><img data-recalc-dims=\"1\" loading=\"lazy\" decoding=\"async\" data-attachment-id=\"2531\" data-permalink=\"https:\/\/wp.ufpel.edu.br\/naaf\/2021\/06\/23\/confira-a-programacao-desta-semana-da-sala-de-apoio-pedagogico-3\/arte-25-06\/\" data-orig-file=\"https:\/\/i0.wp.com\/wp.ufpel.edu.br\/naaf\/files\/2021\/06\/Arte-25.06.jpeg?fit=534%2C541&amp;ssl=1\" data-orig-size=\"534,541\" data-comments-opened=\"0\" data-image-meta=\"{&quot;aperture&quot;:&quot;0&quot;,&quot;credit&quot;:&quot;&quot;,&quot;camera&quot;:&quot;&quot;,&quot;caption&quot;:&quot;&quot;,&quot;created_timestamp&quot;:&quot;0&quot;,&quot;copyright&quot;:&quot;&quot;,&quot;focal_length&quot;:&quot;0&quot;,&quot;iso&quot;:&quot;0&quot;,&quot;shutter_speed&quot;:&quot;0&quot;,&quot;title&quot;:&quot;&quot;,&quot;orientation&quot;:&quot;0&quot;}\" data-image-title=\"Arte 25.06\" data-image-description=\"\" data-image-caption=\"\" data-medium-file=\"https:\/\/i0.wp.com\/wp.ufpel.edu.br\/naaf\/files\/2021\/06\/Arte-25.06.jpeg?fit=395%2C400&amp;ssl=1\" data-large-file=\"https:\/\/i0.wp.com\/wp.ufpel.edu.br\/naaf\/files\/2021\/06\/Arte-25.06.jpeg?fit=534%2C541&amp;ssl=1\" class=\"alignnone size-medium wp-image-2531\" src=\"https:\/\/i0.wp.com\/wp.ufpel.edu.br\/naaf\/files\/2021\/06\/Arte-25.06.jpeg?resize=395%2C400&#038;ssl=1\" alt=\"\" width=\"395\" height=\"400\" srcset=\"https:\/\/i0.wp.com\/wp.ufpel.edu.br\/naaf\/files\/2021\/06\/Arte-25.06.jpeg?resize=395%2C400&amp;ssl=1 395w, https:\/\/i0.wp.com\/wp.ufpel.edu.br\/naaf\/files\/2021\/06\/Arte-25.06.jpeg?resize=296%2C300&amp;ssl=1 296w, https:\/\/i0.wp.com\/wp.ufpel.edu.br\/naaf\/files\/2021\/06\/Arte-25.06.jpeg?w=534&amp;ssl=1 534w\" sizes=\"auto, (max-width: 395px) 100vw, 395px\" \/><!--more--><\/p>\n<p>&nbsp;<\/p>\n","protected":false},"excerpt":{"rendered":"<p>Escrito por Renata Peres\u00a0\/ Arte de Juliana Cavalheiro A Equipe do Apoio Pedag\u00f3gico do NUAAD convida os estudantes Ind\u00edgenas, Quilombolas e Cotistas de A\u00e7\u00f5es Afirmativas para uma roda de chimarr\u00e3o para encerramento do semestre. O Encontro vai acontecer na Sexta-Feira, dia 25 de junho, \u00e0s 18h, atrav\u00e9s do WebConf: https:\/\/webconf2.ufpel.edu.br\/b\/rej-ppt-gc3 Aguardamos voc\u00eas!<\/p><p><a class=\"more-link btn\" href=\"https:\/\/wp.ufpel.edu.br\/naaf\/2021\/06\/23\/confira-a-programacao-desta-semana-da-sala-de-apoio-pedagogico-3\/\">Continue lendo<\/a><\/p>\n","protected":false},"author":1133,"featured_media":0,"comment_status":"closed","ping_status":"closed","sticky":false,"template":"","format":"standard","meta":{"jetpack_post_was_ever_published":false,"_jetpack_newsletter_access":"","_jetpack_dont_email_post_to_subs":false,"_jetpack_newsletter_tier_id":0,"_jetpack_memberships_contains_paywalled_content":false,"_jetpack_memberships_contains_paid_content":false,"footnotes":"","jetpack_publicize_message":"","jetpack_publicize_feature_enabled":true,"jetpack_social_post_already_shared":true,"jetpack_social_options":{"image_generator_settings":{"template":"highway","default_image_id":0,"font":"","enabled":false},"version":2}},"categories":[50,1],"tags":[39,22],"class_list":["post-2530","post","type-post","status-publish","format-standard","hentry","category-eventos","category-noticias","tag-apoiopedagogicoufpel","tag-eventos","item-wrap"],"jetpack_publicize_connections":[],"jetpack_featured_media_url":"","jetpack_sharing_enabled":true,"jetpack_shortlink":"https:\/\/wp.me\/p9uOP6-EO","jetpack_likes_enabled":true,"jetpack-related-posts":[{"id":2534,"url":"https:\/\/wp.ufpel.edu.br\/naaf\/2021\/06\/30\/confira-a-programacao-desta-semana-da-sala-de-apoio-pedagogico-4\/","url_meta":{"origin":2530,"position":0},"title":"Confira a programa\u00e7\u00e3o desta semana da Sala de Apoio Pedag\u00f3gico!","author":"nuaad","date":"30\/06\/2021","format":false,"excerpt":"Escrito por Renata Peres\u00a0\/ Arte de Juliana Cavalheiro A Equipe do Apoio Pedag\u00f3gico do NUAAD convida os estudantes Ind\u00edgenas, Quilombolas e Cotistas de A\u00e7\u00f5es Afirmativas para uma roda de chimarr\u00e3o! O Encontro vai acontecer na Sexta-Feira, dia 02 de Julho, \u00e0s 18h, atrav\u00e9s do WebConf: https:\/\/webconf2.ufpel.edu.br\/b\/rej-ppt-gc3 Aguardamos voc\u00eas!","rel":"","context":"Em &quot;Eventos&quot;","block_context":{"text":"Eventos","link":"https:\/\/wp.ufpel.edu.br\/naaf\/category\/eventos\/"},"img":{"alt_text":"","src":"https:\/\/i0.wp.com\/wp.ufpel.edu.br\/naaf\/files\/2021\/06\/ARTE-02.07-400x400.jpeg?resize=350%2C200&ssl=1","width":350,"height":200},"classes":[]},{"id":2538,"url":"https:\/\/wp.ufpel.edu.br\/naaf\/2021\/07\/21\/confira-a-programacao-desta-semana-da-sala-de-apoio-pedagogico-5\/","url_meta":{"origin":2530,"position":1},"title":"Confira a programa\u00e7\u00e3o desta semana da Sala de Apoio Pedag\u00f3gico!","author":"nuaad","date":"21\/07\/2021","format":false,"excerpt":"Escrito por\u00a0Renata Peres\u00a0\/\u00a0Arte de\u00a0Juliana Cavalheiro A Equipe do Apoio Pedag\u00f3gico do NUAAD convida os estudantes Ind\u00edgenas, Quilombolas e Cotistas de A\u00e7\u00f5es Afirmativas para uma roda de chimarr\u00e3o! Vamos conversar sobre as expectativas e as poss\u00edveis dificuldades do semestre que est\u00e1 por vir. Vamos juntos tornar esse per\u00edodo mais afetivo e\u2026","rel":"","context":"Em &quot;Eventos&quot;","block_context":{"text":"Eventos","link":"https:\/\/wp.ufpel.edu.br\/naaf\/category\/eventos\/"},"img":{"alt_text":"","src":"https:\/\/i0.wp.com\/wp.ufpel.edu.br\/naaf\/files\/2021\/07\/sala-de-apoio-23.07-300x300.jpg?resize=350%2C200&ssl=1","width":350,"height":200},"classes":[]},{"id":2629,"url":"https:\/\/wp.ufpel.edu.br\/naaf\/2021\/11\/05\/conversa-com-a-equipe-do-apoio-pedagogico-do-nuaad\/","url_meta":{"origin":2530,"position":2},"title":"&#8220;Conversa com a equipe do Apoio Pedag\u00f3gico do NUAAD&#8221;","author":"nuaad","date":"05\/11\/2021","format":false,"excerpt":"","rel":"","context":"Em &quot;Eventos&quot;","block_context":{"text":"Eventos","link":"https:\/\/wp.ufpel.edu.br\/naaf\/category\/eventos\/"},"img":{"alt_text":"","src":"https:\/\/i0.wp.com\/wp.ufpel.edu.br\/naaf\/files\/2021\/11\/CARD-Roda-de-Chimarrao-Sexta-Novembro-400x400.jpeg?resize=350%2C200&ssl=1","width":350,"height":200},"classes":[]},{"id":2559,"url":"https:\/\/wp.ufpel.edu.br\/naaf\/2021\/08\/18\/reuniao-da-equipe-do-apoio-pedagogico-com-os-estudantes-indigenas-e-quilombolas\/","url_meta":{"origin":2530,"position":3},"title":"Reuni\u00e3o da Equipe do Apoio Pedag\u00f3gico com os estudantes Ind\u00edgenas e Quilombolas","author":"nuaad","date":"18\/08\/2021","format":false,"excerpt":"Escrito por Renata Peres \/ Arte de Juliana Cavalheiro A Equipe do Apoio Pedag\u00f3gico do NUAAD convida os estudantes Ind\u00edgenas e Quilombolas para uma conversa sobre a recep\u00e7\u00e3o aos alunos ingressantes pelo Processo Seletivo Especial Ind\u00edgena e Quilombola. Vamos acolher com muito afeto os novos estudantes que est\u00e3o ingressando na\u2026","rel":"","context":"Em &quot;Not\u00edcias&quot;","block_context":{"text":"Not\u00edcias","link":"https:\/\/wp.ufpel.edu.br\/naaf\/category\/noticias\/"},"img":{"alt_text":"","src":"https:\/\/i0.wp.com\/wp.ufpel.edu.br\/naaf\/files\/2021\/08\/ARTE-DIA-19-1-400x400.jpeg?resize=350%2C200&ssl=1","width":350,"height":200},"classes":[]},{"id":2482,"url":"https:\/\/wp.ufpel.edu.br\/naaf\/2021\/05\/25\/fique-por-dentro-do-cronograma-da-sala-de-apoio-pedagogico-do-nuaad\/","url_meta":{"origin":2530,"position":4},"title":"Fique por dentro do cronograma da sala de apoio pedag\u00f3gico do NUAAD","author":"nuaad","date":"25\/05\/2021","format":false,"excerpt":"O NUAAD, atrav\u00e9s de sua Sala de Apoio Pedag\u00f3gico, informa a agenda das atividades que ser\u00e3o desenvolvidas entre os dias 24\/05 e 28\/05. CRONOGRAMA 26\/5 (quarta-feira) 10:00 - 11:30:\u00a0\"Compartilhando viv\u00eancias em meio a pandemia do Coronav\u00edrus e o resgate da\u00a0hist\u00f3ria do movimento quilombola e ind\u00edgena dentro e fora da universidade\",\u2026","rel":"","context":"Em &quot;Eventos&quot;","block_context":{"text":"Eventos","link":"https:\/\/wp.ufpel.edu.br\/naaf\/category\/eventos\/"},"img":{"alt_text":"","src":"https:\/\/i0.wp.com\/wp.ufpel.edu.br\/naaf\/files\/2017\/09\/icone-site.jpg?resize=350%2C200&ssl=1","width":350,"height":200},"classes":[]},{"id":4609,"url":"https:\/\/wp.ufpel.edu.br\/naaf\/2024\/07\/22\/resultado-do-processo-seletivo-bolsa-monitoria-de-apoio-pedagogico-edital-nuaad-01-2024\/","url_meta":{"origin":2530,"position":5},"title":"RESULTADO DO PROCESSO SELETIVO BOLSA MONITORIA DE APOIO PEDAG\u00d3GICO &#8211; EDITAL NUAAD 01\/2024","author":"naaf","date":"22\/07\/2024","format":false,"excerpt":"RESULTADO DO PROCESSO SELETIVO BOLSA MONITORIA DE APOIO PEDAG\u00d3GICO Divulga-se abaixo a rela\u00e7\u00e3o dos candidatos selecionados para a bolsa monitoria de apoio pedag\u00f3gico para atender discentes oriundos de comunidades Ind\u00edgenas e Quilombolas e que s\u00e3o assistidos(as) pelo Nuaad, de acordo com a Resolu\u00e7\u00e3o n\u00ba 05, de 03 de abril de\u2026","rel":"","context":"Em &quot;Not\u00edcias&quot;","block_context":{"text":"Not\u00edcias","link":"https:\/\/wp.ufpel.edu.br\/naaf\/category\/noticias\/"},"img":{"alt_text":"","src":"https:\/\/i0.wp.com\/wp.ufpel.edu.br\/naaf\/files\/2024\/07\/NUAAD-9-400x400.png?resize=350%2C200&ssl=1","width":350,"height":200},"classes":[]}],"_links":{"self":[{"href":"https:\/\/wp.ufpel.edu.br\/naaf\/wp-json\/wp\/v2\/posts\/2530","targetHints":{"allow":["GET"]}}],"collection":[{"href":"https:\/\/wp.ufpel.edu.br\/naaf\/wp-json\/wp\/v2\/posts"}],"about":[{"href":"https:\/\/wp.ufpel.edu.br\/naaf\/wp-json\/wp\/v2\/types\/post"}],"author":[{"embeddable":true,"href":"https:\/\/wp.ufpel.edu.br\/naaf\/wp-json\/wp\/v2\/users\/1133"}],"replies":[{"embeddable":true,"href":"https:\/\/wp.ufpel.edu.br\/naaf\/wp-json\/wp\/v2\/comments?post=2530"}],"version-history":[{"count":1,"href":"https:\/\/wp.ufpel.edu.br\/naaf\/wp-json\/wp\/v2\/posts\/2530\/revisions"}],"predecessor-version":[{"id":2532,"href":"https:\/\/wp.ufpel.edu.br\/naaf\/wp-json\/wp\/v2\/posts\/2530\/revisions\/2532"}],"wp:attachment":[{"href":"https:\/\/wp.ufpel.edu.br\/naaf\/wp-json\/wp\/v2\/media?parent=2530"}],"wp:term":[{"taxonomy":"category","embeddable":true,"href":"https:\/\/wp.ufpel.edu.br\/naaf\/wp-json\/wp\/v2\/categories?post=2530"},{"taxonomy":"post_tag","embeddable":true,"href":"https:\/\/wp.ufpel.edu.br\/naaf\/wp-json\/wp\/v2\/tags?post=2530"}],"curies":[{"name":"wp","href":"https:\/\/api.w.org\/{rel}","templated":true}]}}