{"id":2510,"date":"2021-06-09T15:46:20","date_gmt":"2021-06-09T18:46:20","guid":{"rendered":"https:\/\/wp.ufpel.edu.br\/naaf\/?p=2510"},"modified":"2022-03-08T11:05:39","modified_gmt":"2022-03-08T14:05:39","slug":"confira-a-programacao-desta-semana-da-sala-de-apoio-pedagogico-2","status":"publish","type":"post","link":"https:\/\/wp.ufpel.edu.br\/naaf\/2021\/06\/09\/confira-a-programacao-desta-semana-da-sala-de-apoio-pedagogico-2\/","title":{"rendered":"Confira a programa\u00e7\u00e3o desta semana da Sala de Apoio Pedag\u00f3gico!"},"content":{"rendered":"<p style=\"text-align: justify\"><em>Escrito por<\/em> <strong>Larissa Bruno<\/strong> \/ <em>Arte de<\/em> <strong>Juliana Cavalheiro<br \/>\n<\/strong><\/p>\n<p style=\"text-align: justify\">O N\u00facleo de A\u00e7\u00f5es Afirmativas e Diversidade (Nuaad), informa o cronograma das atividades a serem desenvolvidas atrav\u00e9s da Sala de Apoio Pedag\u00f3gico na segunda semana de junho.<\/p>\n<p style=\"text-align: justify\"><strong>Confira a programa\u00e7\u00e3o:<\/strong><\/p>\n<p style=\"text-align: justify\">No dia <strong>7 de junho<\/strong> (segunda-feira) \u00e0s <strong>16h<\/strong>: Reuni\u00e3o com os professores da Enfermagem e estudantes &#8211; Projeto de Acompanhamento e Apoio Pedag\u00f3gico do Nuaad\/CID<\/p>\n<p style=\"text-align: justify\">No dia <strong>8 de junho<\/strong> (ter\u00e7a-feira), ocorre a escuta individual nos seguintes hor\u00e1rios: das<strong> 10h \u00e0s 11h<\/strong> com o bolsista Ronney Corr\u00eaa do curso de Antropologia e das <strong>14h \u00e0s 17h<\/strong>, com a pedagoga do Nuaad.<\/p>\n<p style=\"text-align: justify\">No dia\u00a0<strong>9<\/strong><strong> de junho<\/strong> (quarta-feira), ocorre a escuta individual nos seguintes hor\u00e1rios: das<strong> 9h30 \u00e0s 10h30 <\/strong>e das <strong>14h \u00e0s 15h <\/strong>com a bolsista Gicele Freitas do curso de Pedagogia e das <strong>15h \u00e0s 14h<\/strong>, \u00a0 com a pedagoga do Nuaad. J\u00e1 \u00e0s <strong>19h<\/strong> ocorre uma conversa on-line com as lideran\u00e7as quilombolas e os estudantes ind\u00edgenas e quilombolas sobre o <strong>Movimento Quilombola na UFPel.<\/strong><\/p>\n<p style=\"text-align: justify\">E por fim, no dia <strong>10<\/strong><strong> de junho<\/strong> (quinta-feira), ocorre a escuta individual nos seguintes hor\u00e1rios: das<strong> 9h30 \u00e0s 10h30 <\/strong>com a pedagoga do Nuaad e das <strong>16h30 \u00e0s 17h30\u00a0<\/strong>com a com bolsista Danielle Maurell do curso de Psicologia. J\u00e1 das <strong>14h \u00e0s 16h30\u00a0<\/strong>ocorre uma roda de conversa com o tema <strong>Orienta\u00e7\u00f5es sobre escrita acad\u00eamica<\/strong>.<\/p>\n<p style=\"text-align: justify\">As atividades ocorrer\u00e3o atrav\u00e9s da plataforma Webconf da UFPel. Acesse <strong><a href=\"http:\/\/webconf2.ufpel.edu.br\/b\/rej-ppt-gc3\">aqui<\/a><\/strong>.<\/p>\n<p style=\"text-align: justify\">A presen\u00e7a de todos \u00e9 essencial!<\/p>\n<p style=\"text-align: justify\"><img data-recalc-dims=\"1\" loading=\"lazy\" decoding=\"async\" data-attachment-id=\"2513\" data-permalink=\"https:\/\/wp.ufpel.edu.br\/naaf\/2021\/06\/09\/confira-a-programacao-desta-semana-da-sala-de-apoio-pedagogico-2\/escuta-individual1\/\" data-orig-file=\"https:\/\/i0.wp.com\/wp.ufpel.edu.br\/naaf\/files\/2021\/06\/ESCUTA-INDIVIDUAL1.png?fit=1080%2C1080&amp;ssl=1\" data-orig-size=\"1080,1080\" data-comments-opened=\"0\" data-image-meta=\"{&quot;aperture&quot;:&quot;0&quot;,&quot;credit&quot;:&quot;&quot;,&quot;camera&quot;:&quot;&quot;,&quot;caption&quot;:&quot;&quot;,&quot;created_timestamp&quot;:&quot;0&quot;,&quot;copyright&quot;:&quot;&quot;,&quot;focal_length&quot;:&quot;0&quot;,&quot;iso&quot;:&quot;0&quot;,&quot;shutter_speed&quot;:&quot;0&quot;,&quot;title&quot;:&quot;&quot;,&quot;orientation&quot;:&quot;0&quot;}\" data-image-title=\"\" data-image-description=\"\" data-image-caption=\"\" data-medium-file=\"https:\/\/i0.wp.com\/wp.ufpel.edu.br\/naaf\/files\/2021\/06\/ESCUTA-INDIVIDUAL1.png?fit=400%2C400&amp;ssl=1\" data-large-file=\"https:\/\/i0.wp.com\/wp.ufpel.edu.br\/naaf\/files\/2021\/06\/ESCUTA-INDIVIDUAL1.png?fit=750%2C750&amp;ssl=1\" class=\"wp-image-2513 alignleft\" src=\"https:\/\/i0.wp.com\/wp.ufpel.edu.br\/naaf\/files\/2021\/06\/ESCUTA-INDIVIDUAL1.png?resize=503%2C503&#038;ssl=1\" alt=\"\" width=\"503\" height=\"503\" srcset=\"https:\/\/i0.wp.com\/wp.ufpel.edu.br\/naaf\/files\/2021\/06\/ESCUTA-INDIVIDUAL1.png?resize=400%2C400&amp;ssl=1 400w, https:\/\/i0.wp.com\/wp.ufpel.edu.br\/naaf\/files\/2021\/06\/ESCUTA-INDIVIDUAL1.png?resize=1024%2C1024&amp;ssl=1 1024w, https:\/\/i0.wp.com\/wp.ufpel.edu.br\/naaf\/files\/2021\/06\/ESCUTA-INDIVIDUAL1.png?resize=200%2C200&amp;ssl=1 200w, https:\/\/i0.wp.com\/wp.ufpel.edu.br\/naaf\/files\/2021\/06\/ESCUTA-INDIVIDUAL1.png?resize=768%2C768&amp;ssl=1 768w, https:\/\/i0.wp.com\/wp.ufpel.edu.br\/naaf\/files\/2021\/06\/ESCUTA-INDIVIDUAL1.png?resize=300%2C300&amp;ssl=1 300w, https:\/\/i0.wp.com\/wp.ufpel.edu.br\/naaf\/files\/2021\/06\/ESCUTA-INDIVIDUAL1.png?w=1080&amp;ssl=1 1080w\" sizes=\"auto, (max-width: 503px) 100vw, 503px\" \/><\/p>\n","protected":false},"excerpt":{"rendered":"<p>Escrito por Larissa Bruno \/ Arte de Juliana Cavalheiro O N\u00facleo de A\u00e7\u00f5es Afirmativas e Diversidade (Nuaad), informa o cronograma das atividades a serem desenvolvidas atrav\u00e9s da Sala de Apoio Pedag\u00f3gico na segunda semana de junho. Confira a programa\u00e7\u00e3o: No dia 7 de junho (segunda-feira) \u00e0s 16h: Reuni\u00e3o com os professores da Enfermagem e estudantes &hellip; <\/p>\n<p><a class=\"more-link btn\" href=\"https:\/\/wp.ufpel.edu.br\/naaf\/2021\/06\/09\/confira-a-programacao-desta-semana-da-sala-de-apoio-pedagogico-2\/\">Continue lendo<\/a><\/p>\n","protected":false},"author":1133,"featured_media":2512,"comment_status":"closed","ping_status":"closed","sticky":false,"template":"","format":"standard","meta":{"jetpack_post_was_ever_published":false,"_jetpack_newsletter_access":"","_jetpack_dont_email_post_to_subs":false,"_jetpack_newsletter_tier_id":0,"_jetpack_memberships_contains_paywalled_content":false,"_jetpack_memberships_contains_paid_content":false,"footnotes":"","jetpack_publicize_message":"","jetpack_publicize_feature_enabled":true,"jetpack_social_post_already_shared":true,"jetpack_social_options":{"image_generator_settings":{"template":"highway","default_image_id":0,"font":"","enabled":false},"version":2}},"categories":[1],"tags":[49,48,13],"class_list":["post-2510","post","type-post","status-publish","format-standard","has-post-thumbnail","hentry","category-noticias","tag-escutaindividual","tag-salaapoiopedagogico","tag-nuaad","item-wrap"],"jetpack_publicize_connections":[],"jetpack_featured_media_url":"https:\/\/i0.wp.com\/wp.ufpel.edu.br\/naaf\/files\/2021\/06\/sala-de-apoio2.png?fit=1080%2C1080&ssl=1","jetpack_sharing_enabled":true,"jetpack_shortlink":"https:\/\/wp.me\/p9uOP6-Eu","jetpack_likes_enabled":true,"jetpack-related-posts":[{"id":2496,"url":"https:\/\/wp.ufpel.edu.br\/naaf\/2021\/06\/01\/confira-a-programacao-desta-semana-da-sala-de-apoio-pedagogico\/","url_meta":{"origin":2510,"position":0},"title":"Confira a programa\u00e7\u00e3o desta semana da Sala de Apoio Pedag\u00f3gico!","author":"nuaad","date":"01\/06\/2021","format":false,"excerpt":"Escrito por Larissa Bruno O N\u00facleo de A\u00e7\u00f5es Afirmativas e Diversidade (Nuaad), informa o cronograma das atividades a serem desenvolvidas atrav\u00e9s da Sala de Apoio Pedag\u00f3gico na primeira semana de junho. Confira a programa\u00e7\u00e3o: Hoje, 1 de junho (ter\u00e7a-feira) das 14h \u00e0s 15h30: \" Compartilhando viv\u00eancias em tempos de pandemia\"\u2026","rel":"","context":"Em &quot;Not\u00edcias&quot;","block_context":{"text":"Not\u00edcias","link":"https:\/\/wp.ufpel.edu.br\/naaf\/category\/noticias\/"},"img":{"alt_text":"","src":"","width":0,"height":0},"classes":[]},{"id":2530,"url":"https:\/\/wp.ufpel.edu.br\/naaf\/2021\/06\/23\/confira-a-programacao-desta-semana-da-sala-de-apoio-pedagogico-3\/","url_meta":{"origin":2510,"position":1},"title":"Confira a programa\u00e7\u00e3o desta semana da Sala de Apoio Pedag\u00f3gico!","author":"nuaad","date":"23\/06\/2021","format":false,"excerpt":"Escrito por Renata Peres\u00a0\/ Arte de Juliana Cavalheiro A Equipe do Apoio Pedag\u00f3gico do NUAAD convida os estudantes Ind\u00edgenas, Quilombolas e Cotistas de A\u00e7\u00f5es Afirmativas para uma roda de chimarr\u00e3o para encerramento do semestre. O Encontro vai acontecer na Sexta-Feira, dia 25 de junho, \u00e0s 18h, atrav\u00e9s do WebConf: https:\/\/webconf2.ufpel.edu.br\/b\/rej-ppt-gc3\u2026","rel":"","context":"Em &quot;Eventos&quot;","block_context":{"text":"Eventos","link":"https:\/\/wp.ufpel.edu.br\/naaf\/category\/eventos\/"},"img":{"alt_text":"","src":"https:\/\/i0.wp.com\/wp.ufpel.edu.br\/naaf\/files\/2021\/06\/Arte-25.06-395x400.jpeg?resize=350%2C200&ssl=1","width":350,"height":200},"classes":[]},{"id":2534,"url":"https:\/\/wp.ufpel.edu.br\/naaf\/2021\/06\/30\/confira-a-programacao-desta-semana-da-sala-de-apoio-pedagogico-4\/","url_meta":{"origin":2510,"position":2},"title":"Confira a programa\u00e7\u00e3o desta semana da Sala de Apoio Pedag\u00f3gico!","author":"nuaad","date":"30\/06\/2021","format":false,"excerpt":"Escrito por Renata Peres\u00a0\/ Arte de Juliana Cavalheiro A Equipe do Apoio Pedag\u00f3gico do NUAAD convida os estudantes Ind\u00edgenas, Quilombolas e Cotistas de A\u00e7\u00f5es Afirmativas para uma roda de chimarr\u00e3o! O Encontro vai acontecer na Sexta-Feira, dia 02 de Julho, \u00e0s 18h, atrav\u00e9s do WebConf: https:\/\/webconf2.ufpel.edu.br\/b\/rej-ppt-gc3 Aguardamos voc\u00eas!","rel":"","context":"Em &quot;Eventos&quot;","block_context":{"text":"Eventos","link":"https:\/\/wp.ufpel.edu.br\/naaf\/category\/eventos\/"},"img":{"alt_text":"","src":"https:\/\/i0.wp.com\/wp.ufpel.edu.br\/naaf\/files\/2021\/06\/ARTE-02.07-400x400.jpeg?resize=350%2C200&ssl=1","width":350,"height":200},"classes":[]},{"id":2538,"url":"https:\/\/wp.ufpel.edu.br\/naaf\/2021\/07\/21\/confira-a-programacao-desta-semana-da-sala-de-apoio-pedagogico-5\/","url_meta":{"origin":2510,"position":3},"title":"Confira a programa\u00e7\u00e3o desta semana da Sala de Apoio Pedag\u00f3gico!","author":"nuaad","date":"21\/07\/2021","format":false,"excerpt":"Escrito por\u00a0Renata Peres\u00a0\/\u00a0Arte de\u00a0Juliana Cavalheiro A Equipe do Apoio Pedag\u00f3gico do NUAAD convida os estudantes Ind\u00edgenas, Quilombolas e Cotistas de A\u00e7\u00f5es Afirmativas para uma roda de chimarr\u00e3o! Vamos conversar sobre as expectativas e as poss\u00edveis dificuldades do semestre que est\u00e1 por vir. Vamos juntos tornar esse per\u00edodo mais afetivo e\u2026","rel":"","context":"Em &quot;Eventos&quot;","block_context":{"text":"Eventos","link":"https:\/\/wp.ufpel.edu.br\/naaf\/category\/eventos\/"},"img":{"alt_text":"","src":"https:\/\/i0.wp.com\/wp.ufpel.edu.br\/naaf\/files\/2021\/07\/sala-de-apoio-23.07-300x300.jpg?resize=350%2C200&ssl=1","width":350,"height":200},"classes":[]},{"id":2482,"url":"https:\/\/wp.ufpel.edu.br\/naaf\/2021\/05\/25\/fique-por-dentro-do-cronograma-da-sala-de-apoio-pedagogico-do-nuaad\/","url_meta":{"origin":2510,"position":4},"title":"Fique por dentro do cronograma da sala de apoio pedag\u00f3gico do NUAAD","author":"nuaad","date":"25\/05\/2021","format":false,"excerpt":"O NUAAD, atrav\u00e9s de sua Sala de Apoio Pedag\u00f3gico, informa a agenda das atividades que ser\u00e3o desenvolvidas entre os dias 24\/05 e 28\/05. CRONOGRAMA 26\/5 (quarta-feira) 10:00 - 11:30:\u00a0\"Compartilhando viv\u00eancias em meio a pandemia do Coronav\u00edrus e o resgate da\u00a0hist\u00f3ria do movimento quilombola e ind\u00edgena dentro e fora da universidade\",\u2026","rel":"","context":"Em &quot;Eventos&quot;","block_context":{"text":"Eventos","link":"https:\/\/wp.ufpel.edu.br\/naaf\/category\/eventos\/"},"img":{"alt_text":"","src":"https:\/\/i0.wp.com\/wp.ufpel.edu.br\/naaf\/files\/2017\/09\/icone-site.jpg?resize=350%2C200&ssl=1","width":350,"height":200},"classes":[]},{"id":2616,"url":"https:\/\/wp.ufpel.edu.br\/naaf\/2021\/09\/22\/equipe-do-apoio-pedagogico-do-nuaad-realiza-projeto-de-leitura-intercultural\/","url_meta":{"origin":2510,"position":5},"title":"Equipe do Apoio Pedag\u00f3gico do NUAAD realiza Projeto de Leitura Intercultural","author":"nuaad","date":"22\/09\/2021","format":false,"excerpt":"Nesta quinta-feira \u00e0s 14h na sala virtual de Apoio Pedag\u00f3gico (link: webconf2.ufpel.edu.br\/b\/rej-ppt-gc3\/) a equipe de bolsistas de desenvolvimento institucional (BDI), juntamente com a pedagoga do NUAAD, dar\u00e3o in\u00edcio ao \"Projeto Leitura Intercultural\" com os estudantes ind\u00edgenas, quilombolas e cotistas. O objetivo da atividade pedag\u00f3gica \u00e9 oportunizar o exerc\u00edcio da leitura\u2026","rel":"","context":"Em &quot;Not\u00edcias&quot;","block_context":{"text":"Not\u00edcias","link":"https:\/\/wp.ufpel.edu.br\/naaf\/category\/noticias\/"},"img":{"alt_text":"Atividade do Projeto de Leitura Intercultural com a equipe do Apoio Pedag\u00f3gico do NUAAD","src":"https:\/\/i0.wp.com\/wp.ufpel.edu.br\/naaf\/files\/2021\/09\/CARD-Projeto-Leitura-Intercultural-NUAAD-400x400.jpeg?resize=350%2C200&ssl=1","width":350,"height":200},"classes":[]}],"_links":{"self":[{"href":"https:\/\/wp.ufpel.edu.br\/naaf\/wp-json\/wp\/v2\/posts\/2510","targetHints":{"allow":["GET"]}}],"collection":[{"href":"https:\/\/wp.ufpel.edu.br\/naaf\/wp-json\/wp\/v2\/posts"}],"about":[{"href":"https:\/\/wp.ufpel.edu.br\/naaf\/wp-json\/wp\/v2\/types\/post"}],"author":[{"embeddable":true,"href":"https:\/\/wp.ufpel.edu.br\/naaf\/wp-json\/wp\/v2\/users\/1133"}],"replies":[{"embeddable":true,"href":"https:\/\/wp.ufpel.edu.br\/naaf\/wp-json\/wp\/v2\/comments?post=2510"}],"version-history":[{"count":4,"href":"https:\/\/wp.ufpel.edu.br\/naaf\/wp-json\/wp\/v2\/posts\/2510\/revisions"}],"predecessor-version":[{"id":2516,"href":"https:\/\/wp.ufpel.edu.br\/naaf\/wp-json\/wp\/v2\/posts\/2510\/revisions\/2516"}],"wp:featuredmedia":[{"embeddable":true,"href":"https:\/\/wp.ufpel.edu.br\/naaf\/wp-json\/wp\/v2\/media\/2512"}],"wp:attachment":[{"href":"https:\/\/wp.ufpel.edu.br\/naaf\/wp-json\/wp\/v2\/media?parent=2510"}],"wp:term":[{"taxonomy":"category","embeddable":true,"href":"https:\/\/wp.ufpel.edu.br\/naaf\/wp-json\/wp\/v2\/categories?post=2510"},{"taxonomy":"post_tag","embeddable":true,"href":"https:\/\/wp.ufpel.edu.br\/naaf\/wp-json\/wp\/v2\/tags?post=2510"}],"curies":[{"name":"wp","href":"https:\/\/api.w.org\/{rel}","templated":true}]}}