{"id":2496,"date":"2021-06-01T12:00:45","date_gmt":"2021-06-01T15:00:45","guid":{"rendered":"https:\/\/wp.ufpel.edu.br\/naaf\/?p=2496"},"modified":"2022-03-08T11:06:08","modified_gmt":"2022-03-08T14:06:08","slug":"confira-a-programacao-desta-semana-da-sala-de-apoio-pedagogico","status":"publish","type":"post","link":"https:\/\/wp.ufpel.edu.br\/naaf\/2021\/06\/01\/confira-a-programacao-desta-semana-da-sala-de-apoio-pedagogico\/","title":{"rendered":"Confira a programa\u00e7\u00e3o desta semana da Sala de Apoio Pedag\u00f3gico!"},"content":{"rendered":"<p style=\"text-align: justify\"><em>Escrito por<\/em> <strong>Larissa Bruno<\/strong><\/p>\n<p style=\"text-align: justify\">O N\u00facleo de A\u00e7\u00f5es Afirmativas e Diversidade (Nuaad), informa o cronograma das atividades a serem desenvolvidas atrav\u00e9s da Sala de Apoio Pedag\u00f3gico na primeira semana de junho.<\/p>\n<p style=\"text-align: justify\"><strong>Confira a programa\u00e7\u00e3o:<\/strong><\/p>\n<p style=\"text-align: justify\">Hoje, <strong>1 de junho<\/strong> (ter\u00e7a-feira) das <strong>14h \u00e0s 15h30<\/strong>: &#8221; Compartilhando viv\u00eancias em tempos de pandemia&#8221; com Danielle Soares Maurell e Renata Azevedo Peres (bolsistas do Nuaad) e a mediadora pedag\u00f3gica Rejane Jouglard.<\/p>\n<p style=\"text-align: justify\">No dia <strong>2 de junho<\/strong> (quarta-feira) das <strong>19h \u00e0s 20h30<\/strong>: &#8221; A trajet\u00f3ria do movimento quilombola na UFPel&#8221; com Ant\u00f4nio Leonel Rodrigues Soares, lideran\u00e7a quilombola e graduando do curso de administra\u00e7\u00e3o na UFPel.<\/p>\n<p style=\"text-align: justify\">A escuta individual on-line ocorre no dia <strong>1 de junho<\/strong> (ter\u00e7a-feira)\u00a0 no per\u00edodo da manh\u00e3, das <strong>9h30 \u00e0s 11h30<\/strong>, e a tarde das <strong>16h \u00e0s 17h<\/strong>. Na quarta-feira, dia <strong>2 de junho<\/strong>, no per\u00edodo matutino, das <strong>9h30 \u00e0s 11h30<\/strong> e no vespertino, das <strong>14h \u00e0s 16h<\/strong>.<\/p>\n<p style=\"text-align: justify\">As atividades ocorrer\u00e3o atrav\u00e9s da plataforma Webconf da UFPel. Acesse <strong><a href=\"http:\/\/webconf2.ufpel.edu.br\/b\/rej-ppt-gc3\">aqui<\/a><\/strong>.<\/p>\n<p style=\"text-align: justify\">A presen\u00e7a de todos \u00e9 essencial!<\/p>\n<p style=\"text-align: justify\">\n","protected":false},"excerpt":{"rendered":"<p>Escrito por Larissa Bruno O N\u00facleo de A\u00e7\u00f5es Afirmativas e Diversidade (Nuaad), informa o cronograma das atividades a serem desenvolvidas atrav\u00e9s da Sala de Apoio Pedag\u00f3gico na primeira semana de junho. Confira a programa\u00e7\u00e3o: Hoje, 1 de junho (ter\u00e7a-feira) das 14h \u00e0s 15h30: &#8221; Compartilhando viv\u00eancias em tempos de pandemia&#8221; com Danielle Soares Maurell e &hellip; <\/p>\n<p><a class=\"more-link btn\" href=\"https:\/\/wp.ufpel.edu.br\/naaf\/2021\/06\/01\/confira-a-programacao-desta-semana-da-sala-de-apoio-pedagogico\/\">Continue lendo<\/a><\/p>\n","protected":false},"author":1133,"featured_media":0,"comment_status":"closed","ping_status":"closed","sticky":false,"template":"","format":"standard","meta":{"jetpack_post_was_ever_published":false,"_jetpack_newsletter_access":"","_jetpack_dont_email_post_to_subs":false,"_jetpack_newsletter_tier_id":0,"_jetpack_memberships_contains_paywalled_content":false,"_jetpack_memberships_contains_paid_content":false,"footnotes":"","jetpack_publicize_message":"","jetpack_publicize_feature_enabled":true,"jetpack_social_post_already_shared":true,"jetpack_social_options":{"image_generator_settings":{"template":"highway","default_image_id":0,"font":"","enabled":false},"version":2}},"categories":[1],"tags":[39,41,40,13],"class_list":["post-2496","post","type-post","status-publish","format-standard","hentry","category-noticias","tag-apoiopedagogicoufpel","tag-quilombola","tag-temposdepandemia","tag-nuaad","item-wrap"],"jetpack_publicize_connections":[],"jetpack_featured_media_url":"","jetpack_sharing_enabled":true,"jetpack_shortlink":"https:\/\/wp.me\/p9uOP6-Eg","jetpack_likes_enabled":true,"jetpack-related-posts":[{"id":2510,"url":"https:\/\/wp.ufpel.edu.br\/naaf\/2021\/06\/09\/confira-a-programacao-desta-semana-da-sala-de-apoio-pedagogico-2\/","url_meta":{"origin":2496,"position":0},"title":"Confira a programa\u00e7\u00e3o desta semana da Sala de Apoio Pedag\u00f3gico!","author":"nuaad","date":"09\/06\/2021","format":false,"excerpt":"Escrito por Larissa Bruno \/ Arte de Juliana Cavalheiro O N\u00facleo de A\u00e7\u00f5es Afirmativas e Diversidade (Nuaad), informa o cronograma das atividades a serem desenvolvidas atrav\u00e9s da Sala de Apoio Pedag\u00f3gico na segunda semana de junho. Confira a programa\u00e7\u00e3o: No dia 7 de junho (segunda-feira) \u00e0s 16h: Reuni\u00e3o com os\u2026","rel":"","context":"Em &quot;Not\u00edcias&quot;","block_context":{"text":"Not\u00edcias","link":"https:\/\/wp.ufpel.edu.br\/naaf\/category\/noticias\/"},"img":{"alt_text":"","src":"https:\/\/i0.wp.com\/wp.ufpel.edu.br\/naaf\/files\/2021\/06\/sala-de-apoio2.png?fit=1080%2C1080&ssl=1&resize=350%2C200","width":350,"height":200,"srcset":"https:\/\/i0.wp.com\/wp.ufpel.edu.br\/naaf\/files\/2021\/06\/sala-de-apoio2.png?fit=1080%2C1080&ssl=1&resize=350%2C200 1x, https:\/\/i0.wp.com\/wp.ufpel.edu.br\/naaf\/files\/2021\/06\/sala-de-apoio2.png?fit=1080%2C1080&ssl=1&resize=525%2C300 1.5x, https:\/\/i0.wp.com\/wp.ufpel.edu.br\/naaf\/files\/2021\/06\/sala-de-apoio2.png?fit=1080%2C1080&ssl=1&resize=700%2C400 2x, https:\/\/i0.wp.com\/wp.ufpel.edu.br\/naaf\/files\/2021\/06\/sala-de-apoio2.png?fit=1080%2C1080&ssl=1&resize=1050%2C600 3x"},"classes":[]},{"id":2530,"url":"https:\/\/wp.ufpel.edu.br\/naaf\/2021\/06\/23\/confira-a-programacao-desta-semana-da-sala-de-apoio-pedagogico-3\/","url_meta":{"origin":2496,"position":1},"title":"Confira a programa\u00e7\u00e3o desta semana da Sala de Apoio Pedag\u00f3gico!","author":"nuaad","date":"23\/06\/2021","format":false,"excerpt":"Escrito por Renata Peres\u00a0\/ Arte de Juliana Cavalheiro A Equipe do Apoio Pedag\u00f3gico do NUAAD convida os estudantes Ind\u00edgenas, Quilombolas e Cotistas de A\u00e7\u00f5es Afirmativas para uma roda de chimarr\u00e3o para encerramento do semestre. O Encontro vai acontecer na Sexta-Feira, dia 25 de junho, \u00e0s 18h, atrav\u00e9s do WebConf: https:\/\/webconf2.ufpel.edu.br\/b\/rej-ppt-gc3\u2026","rel":"","context":"Em &quot;Eventos&quot;","block_context":{"text":"Eventos","link":"https:\/\/wp.ufpel.edu.br\/naaf\/category\/eventos\/"},"img":{"alt_text":"","src":"https:\/\/i0.wp.com\/wp.ufpel.edu.br\/naaf\/files\/2021\/06\/Arte-25.06-395x400.jpeg?resize=350%2C200&ssl=1","width":350,"height":200},"classes":[]},{"id":2482,"url":"https:\/\/wp.ufpel.edu.br\/naaf\/2021\/05\/25\/fique-por-dentro-do-cronograma-da-sala-de-apoio-pedagogico-do-nuaad\/","url_meta":{"origin":2496,"position":2},"title":"Fique por dentro do cronograma da sala de apoio pedag\u00f3gico do NUAAD","author":"nuaad","date":"25\/05\/2021","format":false,"excerpt":"O NUAAD, atrav\u00e9s de sua Sala de Apoio Pedag\u00f3gico, informa a agenda das atividades que ser\u00e3o desenvolvidas entre os dias 24\/05 e 28\/05. CRONOGRAMA 26\/5 (quarta-feira) 10:00 - 11:30:\u00a0\"Compartilhando viv\u00eancias em meio a pandemia do Coronav\u00edrus e o resgate da\u00a0hist\u00f3ria do movimento quilombola e ind\u00edgena dentro e fora da universidade\",\u2026","rel":"","context":"Em &quot;Eventos&quot;","block_context":{"text":"Eventos","link":"https:\/\/wp.ufpel.edu.br\/naaf\/category\/eventos\/"},"img":{"alt_text":"","src":"https:\/\/i0.wp.com\/wp.ufpel.edu.br\/naaf\/files\/2017\/09\/icone-site.jpg?resize=350%2C200&ssl=1","width":350,"height":200},"classes":[]},{"id":2534,"url":"https:\/\/wp.ufpel.edu.br\/naaf\/2021\/06\/30\/confira-a-programacao-desta-semana-da-sala-de-apoio-pedagogico-4\/","url_meta":{"origin":2496,"position":3},"title":"Confira a programa\u00e7\u00e3o desta semana da Sala de Apoio Pedag\u00f3gico!","author":"nuaad","date":"30\/06\/2021","format":false,"excerpt":"Escrito por Renata Peres\u00a0\/ Arte de Juliana Cavalheiro A Equipe do Apoio Pedag\u00f3gico do NUAAD convida os estudantes Ind\u00edgenas, Quilombolas e Cotistas de A\u00e7\u00f5es Afirmativas para uma roda de chimarr\u00e3o! O Encontro vai acontecer na Sexta-Feira, dia 02 de Julho, \u00e0s 18h, atrav\u00e9s do WebConf: https:\/\/webconf2.ufpel.edu.br\/b\/rej-ppt-gc3 Aguardamos voc\u00eas!","rel":"","context":"Em &quot;Eventos&quot;","block_context":{"text":"Eventos","link":"https:\/\/wp.ufpel.edu.br\/naaf\/category\/eventos\/"},"img":{"alt_text":"","src":"https:\/\/i0.wp.com\/wp.ufpel.edu.br\/naaf\/files\/2021\/06\/ARTE-02.07-400x400.jpeg?resize=350%2C200&ssl=1","width":350,"height":200},"classes":[]},{"id":2538,"url":"https:\/\/wp.ufpel.edu.br\/naaf\/2021\/07\/21\/confira-a-programacao-desta-semana-da-sala-de-apoio-pedagogico-5\/","url_meta":{"origin":2496,"position":4},"title":"Confira a programa\u00e7\u00e3o desta semana da Sala de Apoio Pedag\u00f3gico!","author":"nuaad","date":"21\/07\/2021","format":false,"excerpt":"Escrito por\u00a0Renata Peres\u00a0\/\u00a0Arte de\u00a0Juliana Cavalheiro A Equipe do Apoio Pedag\u00f3gico do NUAAD convida os estudantes Ind\u00edgenas, Quilombolas e Cotistas de A\u00e7\u00f5es Afirmativas para uma roda de chimarr\u00e3o! Vamos conversar sobre as expectativas e as poss\u00edveis dificuldades do semestre que est\u00e1 por vir. Vamos juntos tornar esse per\u00edodo mais afetivo e\u2026","rel":"","context":"Em &quot;Eventos&quot;","block_context":{"text":"Eventos","link":"https:\/\/wp.ufpel.edu.br\/naaf\/category\/eventos\/"},"img":{"alt_text":"","src":"https:\/\/i0.wp.com\/wp.ufpel.edu.br\/naaf\/files\/2021\/07\/sala-de-apoio-23.07-300x300.jpg?resize=350%2C200&ssl=1","width":350,"height":200},"classes":[]},{"id":2559,"url":"https:\/\/wp.ufpel.edu.br\/naaf\/2021\/08\/18\/reuniao-da-equipe-do-apoio-pedagogico-com-os-estudantes-indigenas-e-quilombolas\/","url_meta":{"origin":2496,"position":5},"title":"Reuni\u00e3o da Equipe do Apoio Pedag\u00f3gico com os estudantes Ind\u00edgenas e Quilombolas","author":"nuaad","date":"18\/08\/2021","format":false,"excerpt":"Escrito por Renata Peres \/ Arte de Juliana Cavalheiro A Equipe do Apoio Pedag\u00f3gico do NUAAD convida os estudantes Ind\u00edgenas e Quilombolas para uma conversa sobre a recep\u00e7\u00e3o aos alunos ingressantes pelo Processo Seletivo Especial Ind\u00edgena e Quilombola. Vamos acolher com muito afeto os novos estudantes que est\u00e3o ingressando na\u2026","rel":"","context":"Em &quot;Not\u00edcias&quot;","block_context":{"text":"Not\u00edcias","link":"https:\/\/wp.ufpel.edu.br\/naaf\/category\/noticias\/"},"img":{"alt_text":"","src":"https:\/\/i0.wp.com\/wp.ufpel.edu.br\/naaf\/files\/2021\/08\/ARTE-DIA-19-1-400x400.jpeg?resize=350%2C200&ssl=1","width":350,"height":200},"classes":[]}],"_links":{"self":[{"href":"https:\/\/wp.ufpel.edu.br\/naaf\/wp-json\/wp\/v2\/posts\/2496","targetHints":{"allow":["GET"]}}],"collection":[{"href":"https:\/\/wp.ufpel.edu.br\/naaf\/wp-json\/wp\/v2\/posts"}],"about":[{"href":"https:\/\/wp.ufpel.edu.br\/naaf\/wp-json\/wp\/v2\/types\/post"}],"author":[{"embeddable":true,"href":"https:\/\/wp.ufpel.edu.br\/naaf\/wp-json\/wp\/v2\/users\/1133"}],"replies":[{"embeddable":true,"href":"https:\/\/wp.ufpel.edu.br\/naaf\/wp-json\/wp\/v2\/comments?post=2496"}],"version-history":[{"count":3,"href":"https:\/\/wp.ufpel.edu.br\/naaf\/wp-json\/wp\/v2\/posts\/2496\/revisions"}],"predecessor-version":[{"id":2508,"href":"https:\/\/wp.ufpel.edu.br\/naaf\/wp-json\/wp\/v2\/posts\/2496\/revisions\/2508"}],"wp:attachment":[{"href":"https:\/\/wp.ufpel.edu.br\/naaf\/wp-json\/wp\/v2\/media?parent=2496"}],"wp:term":[{"taxonomy":"category","embeddable":true,"href":"https:\/\/wp.ufpel.edu.br\/naaf\/wp-json\/wp\/v2\/categories?post=2496"},{"taxonomy":"post_tag","embeddable":true,"href":"https:\/\/wp.ufpel.edu.br\/naaf\/wp-json\/wp\/v2\/tags?post=2496"}],"curies":[{"name":"wp","href":"https:\/\/api.w.org\/{rel}","templated":true}]}}