{"id":2473,"date":"2021-05-21T14:37:19","date_gmt":"2021-05-21T17:37:19","guid":{"rendered":"https:\/\/wp.ufpel.edu.br\/naaf\/?p=2473"},"modified":"2022-03-29T09:21:31","modified_gmt":"2022-03-29T12:21:31","slug":"esta-aberta-a-19a-semana-nacional-de-museus-snm","status":"publish","type":"post","link":"https:\/\/wp.ufpel.edu.br\/naaf\/2021\/05\/21\/esta-aberta-a-19a-semana-nacional-de-museus-snm\/","title":{"rendered":"Est\u00e1 aberta a  19\u00aa Semana Nacional de Museus (SNM)"},"content":{"rendered":"<p style=\"text-align: justify\"><em>Escrito por <\/em><strong>Larissa Bruno <\/strong>\/ <em>Arte de\u00a0<\/em> <strong>Juliana Cavalheir<\/strong>o<\/p>\n<p style=\"text-align: justify\">Entre os dias 17 a 23 de maio de 2021, ocorre em todo o Brasil, a 1<strong>9\u00aa Semana Nacional de Museus<\/strong> (SNM) &#8211; temporada cultural coordenada anualmente pelo Instituto Brasileiro de Museus (Ibram), em celebra\u00e7\u00e3o ao Dia Internacional dos Museus (18 de Maio). O tema deste ano, lan\u00e7ado pelo Conselho Internacional de Museus (Icom) para a celebra\u00e7\u00e3o da data \u00e9: \u201cO futuro dos museus: recuperar e reimaginar\u201d.<\/p>\n<p style=\"text-align: justify\">E, segundo o ditado: \u201cUm povo sem mem\u00f3ria \u00e9 um povo sem futuro\u201d, faz se necess\u00e1rio resgatar a mem\u00f3ria negra, da gente preta e parda &#8211; e n\u00e3o somente dentro de museus f\u00edsicos porque, visto que o passado \u00e9 uma inven\u00e7\u00e3o do presente, permanecem e ditam a hist\u00f3ria os s\u00edmbolos e personagens que s\u00e3o contados.<\/p>\n<p style=\"text-align: justify\">Assim, o movimento <strong>Racismo nas Ruas<\/strong> combate e questiona o racismo inserido na cidade atrav\u00e9s dos nomes de ruas e monumentos que buscam eternizar personagens escravocratas, buscando a substitui\u00e7\u00e3o por figuras e s\u00edmbolos que represente valores democr\u00e1ticos e igualit\u00e1rios &#8211; e n\u00e3o supremacistas e autorit\u00e1rios. Pode parecer que o debate \u00e9 novo, mas o fen\u00f4meno ocorreu na Alemanha p\u00f3s nazismo, na Espanha ap\u00f3s a morte do ditador Francisco Franco, no Leste Europeu p\u00f3s Uni\u00e3o Sovi\u00e9tica e tamb\u00e9m em pa\u00edses colonizadores.<\/p>\n<p style=\"text-align: justify\">Foi, durante os anos de 1822 a 1889 que logradouros e munic\u00edpios ganharam nomes de proeminentes personalidades do Imp\u00e9rio, independentemente da sua localiza\u00e7\u00e3o. O problema \u00e9 que, com a passagem do tempo, as no\u00e7\u00f5es de inspirador para uma maioria pode se tornar cruel e criminoso para outra, pois o passado s\u00f3 tem sentido a partir do presente.<\/p>\n<p style=\"text-align: justify\">O debate primordial ent\u00e3o, n\u00e3o \u00e9 sobre tirar a est\u00e1tua de ditador para colocar de guerrilheiro ou substituir o nome da rua que lembra uma personalidade racista, mas questionar quem \u00e9 homenageado, por que e por quem, e se \u00e9 a vontade daquela popula\u00e7\u00e3o manter a homenagem. A escrita da hist\u00f3ria \u00e9 sempre feita no presente, e a mem\u00f3ria est\u00e1 em disputa, porque a sociedade est\u00e1 sempre ressignificando a mem\u00f3ria de seus antepassados.<\/p>\n<p style=\"text-align: justify\">Afinal, algo deve ser feito contra o racismo, e existem op\u00e7\u00f5es. Seja ressignificar aquele s\u00edmbolo, com uma placa que explique o contexto ou uma interven\u00e7\u00e3o art\u00edstica, como em Bordeaux, grande porto de tr\u00e1fico de escravos na Fran\u00e7a, em que nomes de vias com refer\u00eancia a traficantes de escravos foram mantidos, mas avisos ensinam o que ocorria na regi\u00e3o e prestam outra homenagem: \u201cA cidade de Bordeaux honra a mem\u00f3ria dos escravos africanos que foram desumanamente deportados para as Am\u00e9ricas\u201d, diz uma placa.<\/p>\n<p style=\"text-align: justify\">Ou ainda banir os s\u00edmbolos do espa\u00e7o p\u00fablico, como fez a Espanha que debateu por anos como lidar com as est\u00e1tuas de Franco, comandante do pa\u00eds entre 1936 e 1975. O pa\u00eds aprovou em 2007 a <strong>Lei da Mem\u00f3ria Hist\u00f3rica<\/strong> e retirou das ruas todos os s\u00edmbolos de homenagem \u00e0 ditadura franquista, fossem monumentos ou nomenclaturas de vias.<\/p>\n<p style=\"text-align: justify\">No entanto, algo deve ser feito, e o passo inicial \u00e9 o debate coletivo da hist\u00f3ria e das mem\u00f3rias que a comp\u00f5em. E voc\u00ea, j\u00e1 se perguntou de quem s\u00e3o os nomes que levam as ruas de Pelotas ou quais hist\u00f3rias de vida guardam as est\u00e1tuas da sua cidade?<\/p>\n<p style=\"text-align: justify\"><strong>Refer\u00eancias<\/strong><\/p>\n<p style=\"text-align: justify\">CORR\u00caA, Carlos. <b>Derrubada de est\u00e1tuas de figuras ligadas \u00e0 escravid\u00e3o provoca debate sobre reescrever o passado<\/b>. Dispon\u00edvel em: https:\/\/www.correiodopovo.com.br\/especial\/derrubada-de-est%C3%A1tuas-de-figuras-ligadas-%C3%A0-escravid%C3%A3o-provoca-debate-sobre-reescrever-o-passado-1.441932. Acesso em: 20 maio 2021.<\/p>\n<p style=\"text-align: justify\">SANTOS, Renan. <b>Pela repara\u00e7\u00e3o hist\u00f3rica<\/b>. Dispon\u00edvel em: https:\/\/www.diariopopular.com.br\/geral\/pela-reparacao-historica-152751\/. Acesso em: 20 maio 2021<\/p>\n<p style=\"text-align: justify\">HARTMANN, Marcel. <b>O que fazer com ruas e est\u00e1tuas que homenageiam figuras associadas ao racismo? Estudiosos debatem solu\u00e7\u00f5es<\/b>. Dispon\u00edvel em: https:\/\/gauchazh.clicrbs.com.br\/porto-alegre\/noticia\/2020\/07\/o-que-fazer-com-ruas-e-estatuas-que-homenageiam-figuras-associadas-ao-racismo-estudiosos-debatem-solucoes-ckc6btb6f0032013ibribg2ke.html. Acesso em: 20 maio 2021.MUSEUS, Instituto Brasileiro de. <b>19\u00aa SEMANA NACIONAL DE MUSEUS<\/b>. Dispon\u00edvel em: http:\/\/eventos.museus.gov.br\/. Acesso em: 20 maio 2021<\/p>\n","protected":false},"excerpt":{"rendered":"<p>Escrito por Larissa Bruno \/ Arte de\u00a0 Juliana Cavalheiro Entre os dias 17 a 23 de maio de 2021, ocorre em todo o Brasil, a 19\u00aa Semana Nacional de Museus (SNM) &#8211; temporada cultural coordenada anualmente pelo Instituto Brasileiro de Museus (Ibram), em celebra\u00e7\u00e3o ao Dia Internacional dos Museus (18 de Maio). O tema deste &hellip; <\/p>\n<p><a class=\"more-link btn\" href=\"https:\/\/wp.ufpel.edu.br\/naaf\/2021\/05\/21\/esta-aberta-a-19a-semana-nacional-de-museus-snm\/\">Continue lendo<\/a><\/p>\n","protected":false},"author":1133,"featured_media":2477,"comment_status":"closed","ping_status":"closed","sticky":false,"template":"","format":"standard","meta":{"jetpack_post_was_ever_published":false,"_jetpack_newsletter_access":"","_jetpack_dont_email_post_to_subs":false,"_jetpack_newsletter_tier_id":0,"_jetpack_memberships_contains_paywalled_content":false,"_jetpack_memberships_contains_paid_content":false,"footnotes":"","jetpack_publicize_message":"","jetpack_publicize_feature_enabled":true,"jetpack_social_post_already_shared":true,"jetpack_social_options":{"image_generator_settings":{"template":"highway","default_image_id":0,"font":"","enabled":false},"version":2}},"categories":[50,1],"tags":[37,36,35,38,34],"class_list":["post-2473","post","type-post","status-publish","format-standard","has-post-thumbnail","hentry","category-eventos","category-noticias","tag-leidamemoriahistorica","tag-memorianegra","tag-racismonasruas","tag-ruasemonumentos","tag-semananacionalmuseus","item-wrap"],"jetpack_publicize_connections":[],"jetpack_featured_media_url":"https:\/\/i0.wp.com\/wp.ufpel.edu.br\/naaf\/files\/2021\/05\/O-futuro-dos-museos.jpg?fit=1080%2C1080&ssl=1","jetpack_sharing_enabled":true,"jetpack_shortlink":"https:\/\/wp.me\/p9uOP6-DT","jetpack_likes_enabled":true,"jetpack-related-posts":[{"id":2500,"url":"https:\/\/wp.ufpel.edu.br\/naaf\/2021\/06\/09\/o-papel-da-comunidade-negra-e-indigena-em-pelotas\/","url_meta":{"origin":2473,"position":0},"title":"O papel da comunidade negra e ind\u00edgena em Pelotas","author":"nuaad","date":"09\/06\/2021","format":false,"excerpt":"Escrito por Larissa Bruno \/ Arte de Juliana Cavalheiro A comunidade negra, ind\u00edgena e quilombola sempre esteve presente na cidade de Pelotas. Desde antes da cria\u00e7\u00e3o do munic\u00edpio, tribos ind\u00edgenas j\u00e1 viviam na regi\u00e3o. E mais tarde, durante o s\u00e9culo XVIII, os negros somavam mais da metade da popula\u00e7\u00e3o, composta\u2026","rel":"","context":"Em &quot;Not\u00edcias&quot;","block_context":{"text":"Not\u00edcias","link":"https:\/\/wp.ufpel.edu.br\/naaf\/category\/noticias\/"},"img":{"alt_text":"","src":"https:\/\/i0.wp.com\/wp.ufpel.edu.br\/naaf\/files\/2021\/06\/Opcao-1.png?fit=1200%2C1200&ssl=1&resize=350%2C200","width":350,"height":200,"srcset":"https:\/\/i0.wp.com\/wp.ufpel.edu.br\/naaf\/files\/2021\/06\/Opcao-1.png?fit=1200%2C1200&ssl=1&resize=350%2C200 1x, https:\/\/i0.wp.com\/wp.ufpel.edu.br\/naaf\/files\/2021\/06\/Opcao-1.png?fit=1200%2C1200&ssl=1&resize=525%2C300 1.5x, https:\/\/i0.wp.com\/wp.ufpel.edu.br\/naaf\/files\/2021\/06\/Opcao-1.png?fit=1200%2C1200&ssl=1&resize=700%2C400 2x, https:\/\/i0.wp.com\/wp.ufpel.edu.br\/naaf\/files\/2021\/06\/Opcao-1.png?fit=1200%2C1200&ssl=1&resize=1050%2C600 3x"},"classes":[]},{"id":2445,"url":"https:\/\/wp.ufpel.edu.br\/naaf\/2021\/05\/13\/ha-133-anos-o-13-de-maio-de-1888\/","url_meta":{"origin":2473,"position":1},"title":"H\u00e1 133 anos, o 13 de maio de 1888","author":"nuaad","date":"13\/05\/2021","format":false,"excerpt":"Por Larissa Bruno, Graduanda em Jornalismo\u00a0\/ Arte Gr\u00e1fica Juliana Cavalheiro, Graduanda em Design Digital H\u00e1 133 anos de uma data que para muitos ainda \u00e9 vista com ar fantasioso: o 13 de maio de 1888. A Lei \u00c1urea formalizou a aboli\u00e7\u00e3o da escravatura, mas apenas isso. Foi o culminar de\u2026","rel":"","context":"Em &quot;Not\u00edcias&quot;","block_context":{"text":"Not\u00edcias","link":"https:\/\/wp.ufpel.edu.br\/naaf\/category\/noticias\/"},"img":{"alt_text":"","src":"https:\/\/i0.wp.com\/wp.ufpel.edu.br\/naaf\/files\/2021\/05\/Arte-13-dde-maio-Maica-400x400.png?resize=350%2C200&ssl=1","width":350,"height":200},"classes":[]},{"id":3989,"url":"https:\/\/wp.ufpel.edu.br\/naaf\/2023\/06\/13\/reconhecimento-ao-babalorixa-juliano-de-oxum-do-ile-axe-reino-de-oxum-epanda-exapana-jubetei-pelo-trabalho-a-frente-do-conselho-municipal-do-povo-de-terreiro-de-pelotas\/","url_meta":{"origin":2473,"position":2},"title":"Reconhecimento ao Babalorix\u00e1 Juliano de Oxum do Il\u00ea Ax\u00e9 Reino de Oxum Epand\u00e1 eXapan\u00e3 Jubetei pelo trabalho a frente do Conselho Municipal do Povo de Terreiro de Pelotas","author":"nuaad","date":"13\/06\/2023","format":false,"excerpt":"A Coordena\u00e7\u00e3o de Diversidade e Inclus\u00e3o (CODIn) e o N\u00facleo de A\u00e7\u00f5es Afirmativas eDiversidade (NUAAD), ambos da Universidade Federal de Pelotas (UFPel), v\u00eam, atrav\u00e9s destedocumento, manifestar o reconhecimento ao Babalorix\u00e1 Juliano de Oxum do Il\u00ea Ax\u00e9 Reino de OxumEpand\u00e1 e Xapan\u00e3 Jubetei pelo trabalho a frente do Conselho Municipal do\u2026","rel":"","context":"Em &quot;Not\u00edcias&quot;","block_context":{"text":"Not\u00edcias","link":"https:\/\/wp.ufpel.edu.br\/naaf\/category\/noticias\/"},"img":{"alt_text":"","src":"","width":0,"height":0},"classes":[]},{"id":2546,"url":"https:\/\/wp.ufpel.edu.br\/naaf\/2021\/07\/28\/a-importancia-dos-auxilios-financeiros-para-a-permanencia-estudantil-na-universidade\/","url_meta":{"origin":2473,"position":3},"title":"A import\u00e2ncia dos aux\u00edlios financeiros para a perman\u00eancia estudantil na Universidade","author":"nuaad","date":"28\/07\/2021","format":false,"excerpt":"Autora: Larissa Bruno \/ Designer: Juliana Cavalheiro A crise sanit\u00e1ria e econ\u00f4mica que afetou o mundo a partir de 2020, ocasionadas pelo v\u00edrus da Covid-19, tamb\u00e9m afeta a educa\u00e7\u00e3o. Em 2021, no Brasil, o Minist\u00e9rio da Educa\u00e7\u00e3o (MEC) teve R$2,7 bilh\u00f5es bloqueados, o equivalente a 30% do total do recursos,\u2026","rel":"","context":"Em &quot;Not\u00edcias&quot;","block_context":{"text":"Not\u00edcias","link":"https:\/\/wp.ufpel.edu.br\/naaf\/category\/noticias\/"},"img":{"alt_text":"","src":"https:\/\/i0.wp.com\/wp.ufpel.edu.br\/naaf\/files\/2021\/07\/WhatsApp-Image-2021-07-28-at-12.56.39.jpeg?fit=1080%2C1080&ssl=1&resize=350%2C200","width":350,"height":200,"srcset":"https:\/\/i0.wp.com\/wp.ufpel.edu.br\/naaf\/files\/2021\/07\/WhatsApp-Image-2021-07-28-at-12.56.39.jpeg?fit=1080%2C1080&ssl=1&resize=350%2C200 1x, https:\/\/i0.wp.com\/wp.ufpel.edu.br\/naaf\/files\/2021\/07\/WhatsApp-Image-2021-07-28-at-12.56.39.jpeg?fit=1080%2C1080&ssl=1&resize=525%2C300 1.5x, https:\/\/i0.wp.com\/wp.ufpel.edu.br\/naaf\/files\/2021\/07\/WhatsApp-Image-2021-07-28-at-12.56.39.jpeg?fit=1080%2C1080&ssl=1&resize=700%2C400 2x, https:\/\/i0.wp.com\/wp.ufpel.edu.br\/naaf\/files\/2021\/07\/WhatsApp-Image-2021-07-28-at-12.56.39.jpeg?fit=1080%2C1080&ssl=1&resize=1050%2C600 3x"},"classes":[]},{"id":2318,"url":"https:\/\/wp.ufpel.edu.br\/naaf\/2020\/11\/11\/ufpeltalksconsciencianegra\/","url_meta":{"origin":2473,"position":4},"title":"N\u00facleo de A\u00e7\u00f5es Afirmativas e Diversidade promove roda de conversa sobre Sa\u00fade da Popula\u00e7\u00e3o Negra","author":"naaf","date":"11\/11\/2020","format":false,"excerpt":"Em celebra\u00e7\u00e3o ao Dia Nacional da Consci\u00eancia Negra, o N\u00facleo de A\u00e7\u00f5es Afirmativas e Diversidade, em parceria com o projeto UFPel Talks, promove, no dia 20 de novembro de 2020, \u00e0s 18:30, uma roda de conversa com o tema \"Sa\u00fade da Popula\u00e7\u00e3o Negra\". Os debatedores convidados s\u00e3o: Fernanda Souza de\u2026","rel":"","context":"Em &quot;Eventos&quot;","block_context":{"text":"Eventos","link":"https:\/\/wp.ufpel.edu.br\/naaf\/category\/eventos\/"},"img":{"alt_text":"","src":"https:\/\/i0.wp.com\/wp.ufpel.edu.br\/naaf\/files\/2020\/11\/WhatsApp-Image-2020-11-11-at-06.41.51-400x400.jpeg?resize=350%2C200&ssl=1","width":350,"height":200},"classes":[]},{"id":1796,"url":"https:\/\/wp.ufpel.edu.br\/naaf\/2019\/10\/01\/nuaad-promove-projeto-empreteser-afrontosamente-outubro-das-pretas\/","url_meta":{"origin":2473,"position":5},"title":"NUAAD promove projeto &#8220;EmPRETESER AFROntosamente&#8221; &#8211; Outubro das #Pretas","author":"naaf","date":"01\/10\/2019","format":false,"excerpt":"\u00a0 #emPRETESER AFROntosamente \u00e9 um projeto desenvolvido pelo NUAAD - N\u00facleo de A\u00e7\u00f5es Afirmativas e Diversidade, da UFPEL, o qual tem como perspectiva mediar uma comunica\u00e7\u00e3o entre a universidade e a comunidade negra, atrav\u00e9s de atividades - na universidade e nas escolas - que venham a proporcionar essa intera\u00e7\u00e3o. Dessa\u2026","rel":"","context":"Em &quot;Eventos&quot;","block_context":{"text":"Eventos","link":"https:\/\/wp.ufpel.edu.br\/naaf\/category\/eventos\/"},"img":{"alt_text":"","src":"https:\/\/i0.wp.com\/wp.ufpel.edu.br\/naaf\/files\/2019\/10\/71580986_947878995550332_1784855788217434112_o-400x209.jpg?resize=350%2C200&ssl=1","width":350,"height":200},"classes":[]}],"_links":{"self":[{"href":"https:\/\/wp.ufpel.edu.br\/naaf\/wp-json\/wp\/v2\/posts\/2473","targetHints":{"allow":["GET"]}}],"collection":[{"href":"https:\/\/wp.ufpel.edu.br\/naaf\/wp-json\/wp\/v2\/posts"}],"about":[{"href":"https:\/\/wp.ufpel.edu.br\/naaf\/wp-json\/wp\/v2\/types\/post"}],"author":[{"embeddable":true,"href":"https:\/\/wp.ufpel.edu.br\/naaf\/wp-json\/wp\/v2\/users\/1133"}],"replies":[{"embeddable":true,"href":"https:\/\/wp.ufpel.edu.br\/naaf\/wp-json\/wp\/v2\/comments?post=2473"}],"version-history":[{"count":2,"href":"https:\/\/wp.ufpel.edu.br\/naaf\/wp-json\/wp\/v2\/posts\/2473\/revisions"}],"predecessor-version":[{"id":2479,"href":"https:\/\/wp.ufpel.edu.br\/naaf\/wp-json\/wp\/v2\/posts\/2473\/revisions\/2479"}],"wp:featuredmedia":[{"embeddable":true,"href":"https:\/\/wp.ufpel.edu.br\/naaf\/wp-json\/wp\/v2\/media\/2477"}],"wp:attachment":[{"href":"https:\/\/wp.ufpel.edu.br\/naaf\/wp-json\/wp\/v2\/media?parent=2473"}],"wp:term":[{"taxonomy":"category","embeddable":true,"href":"https:\/\/wp.ufpel.edu.br\/naaf\/wp-json\/wp\/v2\/categories?post=2473"},{"taxonomy":"post_tag","embeddable":true,"href":"https:\/\/wp.ufpel.edu.br\/naaf\/wp-json\/wp\/v2\/tags?post=2473"}],"curies":[{"name":"wp","href":"https:\/\/api.w.org\/{rel}","templated":true}]}}